{"id":310134,"date":"2017-02-01T00:00:08","date_gmt":"2017-02-01T06:00:08","guid":{"rendered":"http:\/\/www.diarioimagen.net\/?p=310134"},"modified":"2017-02-01T04:57:53","modified_gmt":"2017-02-01T10:57:53","slug":"preparatoria-de-uaem-en-almoloya-de-alquisiras-inicia-actividades-en-agosto","status":"publish","type":"post","link":"https:\/\/www.diarioimagen.net\/?p=310134","title":{"rendered":"Preparatoria de UAEM en Almoloya de Alquisiras inicia actividades en agosto"},"content":{"rendered":"<p><a href=\"http:\/\/www.diarioimagen.net\/?attachment_id=310243\" rel=\"attachment wp-att-310243\"><img loading=\"lazy\" decoding=\"async\" class=\"aligncenter size-large wp-image-310243\" src=\"http:\/\/www.diarioimagen.net\/wp-content\/uploads\/2017\/02\/UAEM-3048-460x307.jpg\" alt=\"\" width=\"460\" height=\"307\" srcset=\"https:\/\/www.diarioimagen.net\/wp-content\/uploads\/2017\/02\/UAEM-3048-460x307.jpg 460w, https:\/\/www.diarioimagen.net\/wp-content\/uploads\/2017\/02\/UAEM-3048-240x160.jpg 240w, https:\/\/www.diarioimagen.net\/wp-content\/uploads\/2017\/02\/UAEM-3048-768x512.jpg 768w, https:\/\/www.diarioimagen.net\/wp-content\/uploads\/2017\/02\/UAEM-3048.jpg 1200w\" sizes=\"auto, (max-width: 460px) 100vw, 460px\" \/><\/a><\/p>\n<p>&nbsp;<\/p>\n<p>El H. Consejo Universitario de la Universidad Aut\u00f3noma del Estado de M\u00e9xico aprob\u00f3 por unanimidad, la creaci\u00f3n del Plantel Almoloya de Alquisiras de su Escuela Preparatoria, que iniciar\u00e1 actividades el pr\u00f3ximo mes de agosto, en beneficio de j\u00f3venes de alrededor de 10 municipios de la regi\u00f3n.<\/p>\n","protected":false},"excerpt":{"rendered":"<p>El H. Consejo Universitario de la Universidad Aut\u00f3noma del Estado de M\u00e9xico aprob\u00f3 por unanimidad, la creaci\u00f3n del Plantel Almoloya de Alquisiras de su Escuela Preparatoria, que iniciar\u00e1 actividades el pr\u00f3ximo mes de agosto, en beneficio de j\u00f3venes de alrededor de 10 municipios de la regi\u00f3n.<\/p>\n","protected":false},"author":3,"featured_media":310243,"comment_status":"open","ping_status":"open","sticky":false,"template":"","format":"standard","meta":{"_monsterinsights_skip_tracking":false,"_monsterinsights_sitenote_active":false,"_monsterinsights_sitenote_note":"","_monsterinsights_sitenote_category":0,"footnotes":""},"categories":[35155],"tags":[23694,1491],"class_list":["post-310134","post","type-post","status-publish","format-standard","has-post-thumbnail","hentry","category-estado-de-mexico-estado-de-mexico","tag-almoloya","tag-uaem"],"_links":{"self":[{"href":"https:\/\/www.diarioimagen.net\/index.php?rest_route=\/wp\/v2\/posts\/310134","targetHints":{"allow":["GET"]}}],"collection":[{"href":"https:\/\/www.diarioimagen.net\/index.php?rest_route=\/wp\/v2\/posts"}],"about":[{"href":"https:\/\/www.diarioimagen.net\/index.php?rest_route=\/wp\/v2\/types\/post"}],"author":[{"embeddable":true,"href":"https:\/\/www.diarioimagen.net\/index.php?rest_route=\/wp\/v2\/users\/3"}],"replies":[{"embeddable":true,"href":"https:\/\/www.diarioimagen.net\/index.php?rest_route=%2Fwp%2Fv2%2Fcomments&post=310134"}],"version-history":[{"count":0,"href":"https:\/\/www.diarioimagen.net\/index.php?rest_route=\/wp\/v2\/posts\/310134\/revisions"}],"wp:featuredmedia":[{"embeddable":true,"href":"https:\/\/www.diarioimagen.net\/index.php?rest_route=\/wp\/v2\/media\/310243"}],"wp:attachment":[{"href":"https:\/\/www.diarioimagen.net\/index.php?rest_route=%2Fwp%2Fv2%2Fmedia&parent=310134"}],"wp:term":[{"taxonomy":"category","embeddable":true,"href":"https:\/\/www.diarioimagen.net\/index.php?rest_route=%2Fwp%2Fv2%2Fcategories&post=310134"},{"taxonomy":"post_tag","embeddable":true,"href":"https:\/\/www.diarioimagen.net\/index.php?rest_route=%2Fwp%2Fv2%2Ftags&post=310134"}],"curies":[{"name":"wp","href":"https:\/\/api.w.org\/{rel}","templated":true}]}}