{"id":310283,"date":"2017-02-02T00:09:25","date_gmt":"2017-02-02T06:09:25","guid":{"rendered":"http:\/\/www.diarioimagen.net\/?p=310283"},"modified":"2017-02-03T00:19:55","modified_gmt":"2017-02-03T06:19:55","slug":"respaldo-a-epn-en-negociaciones-en-defensa-de-intereses-de-mexico-ante-eu-eruviel-avila","status":"publish","type":"post","link":"https:\/\/www.diarioimagen.net\/?p=310283","title":{"rendered":"Trump ve a M\u00e9xico como su enemigo: Eruviel \u00c1vila"},"content":{"rendered":"<h2>Arco Norte<\/h2>\n<h5>Jos\u00e9 Luis Monta\u00f1ez Aguilar<\/h5>\n<p>&nbsp;<\/p>\n<div id=\"attachment_310284\" style=\"width: 470px\" class=\"wp-caption aligncenter\"><a href=\"http:\/\/www.diarioimagen.net\/?attachment_id=310284\" rel=\"attachment wp-att-310284\"><img loading=\"lazy\" decoding=\"async\" aria-describedby=\"caption-attachment-310284\" class=\"size-large wp-image-310284\" src=\"http:\/\/www.diarioimagen.net\/wp-content\/uploads\/2017\/02\/ERUVIEL2-PORTAL-460x268.jpg\" alt=\"\" width=\"460\" height=\"268\" srcset=\"https:\/\/www.diarioimagen.net\/wp-content\/uploads\/2017\/02\/ERUVIEL2-PORTAL-460x268.jpg 460w, https:\/\/www.diarioimagen.net\/wp-content\/uploads\/2017\/02\/ERUVIEL2-PORTAL-240x140.jpg 240w, https:\/\/www.diarioimagen.net\/wp-content\/uploads\/2017\/02\/ERUVIEL2-PORTAL.jpg 480w\" sizes=\"auto, (max-width: 460px) 100vw, 460px\" \/><\/a><p id=\"caption-attachment-310284\" class=\"wp-caption-text\">Eruviel \u00c1vila Villegas expres\u00f3 su respaldo y destac\u00f3 el apoyo de los gobiernos estatales al presidente Enrique Pe\u00f1a Nieto.<\/p><\/div>\n<p>&nbsp;<\/p>\n<p>El gobernador del Estado de M\u00e9xico, Eruviel \u00c1vila Villegas, expres\u00f3 su respaldo y destac\u00f3 el apoyo de los gobiernos locales al presidente Enrique Pe\u00f1a Nieto, para que las negociaciones entre M\u00e9xico y Estados Unidos se realicen con firmeza, defendiendo la dignidad y los intereses de los mexicanos, como lo ha hecho el mandatario federal.<\/p>\n<p>Agreg\u00f3 que hist\u00f3ricamente M\u00e9xico y Estados Unidos han sido aliados para afrontar problemas como el tr\u00e1fico de armas y drogas, la migraci\u00f3n o el impulso del desarrollo econ\u00f3mico de la regi\u00f3n.<\/p>\n<p>\u201cLe dimos el respaldo al presidente Pe\u00f1a Nieto para que en las pr\u00f3ximas negociaciones que va a realizar, las haga como las viene haciendo; con firmeza, con car\u00e1cter, pensando en su gente pensando en los intereses de M\u00e9xico.<\/p>\n<p>\u201cNo se vale que nos pongan condiciones, somos socios, somos vecinos, somos hermanos. Y el problema no es con el pueblo de Estados Unidos, de ninguna manera, mi cari\u00f1o, mi respeto a los hermanos norteamericanos, el tema es, el problema es este se\u00f1or, el presidente Donald Trump, que ve a M\u00e9xico pr\u00e1cticamente como su enemigo\u201d, dijo.<\/p>\n<p>Esto en Almoloya de Ju\u00e1rez, durante la inauguraci\u00f3n de un Centro de Salud, donde Eruviel \u00c1vila, tambi\u00e9n coordinador de la Comisi\u00f3n de Asuntos Internacionales de la Conago, destac\u00f3 la reuni\u00f3n de este martes 31 de enero, en Los Pinos, donde los gobernadores del pa\u00eds y el jefe de gobierno capitalino coincidieron en la importancia de cerrar filas y promover un pacto de unidad para defender la dignidad nacional ante los embates del nuevo gobierno estadounidense.<\/p>\n<p>En este sentido, inform\u00f3 que las 25 casas de representaci\u00f3n de gobiernos estatales en Estados Unidos, as\u00ed como la red de 50 consulados de la canciller\u00eda mexicana, brindar\u00e1n apoyo y asesor\u00eda jur\u00eddica a los migrantes mexicanos que la soliciten, pues a trav\u00e9s de estos servicios los connacionales pueden tramitar documentos oficiales como actas de nacimiento, constancias de estudio, de vecindad o licencias de conducir, que les otorgan certeza jur\u00eddica.<\/p>\n<p>Que sepan nuestros paisanos que no est\u00e1n solos, que el presidente Pe\u00f1a Nieto, que las instituciones, los gobiernos locales, la sociedad en general y la comunidad internacional est\u00e1 con M\u00e9xico y con nuestros hermanos migrantes.<\/p>\n","protected":false},"excerpt":{"rendered":"<p><span style=\"color: #005497;\">Jos\u00e9 Luis Monta\u00f1ez Aguilar<\/span><br \/>\n<br \/>\nEl gobernador del Estado de M\u00e9xico, Eruviel \u00c1vila Villegas, expres\u00f3 su respaldo y destac\u00f3 el apoyo de los gobiernos locales al presidente Enrique Pe\u00f1a Nieto, para que las negociaciones entre M\u00e9xico y Estados Unidos se realicen con firmeza, defendiendo la dignidad y los intereses de los mexicanos, como lo ha hecho el mandatario federal.<\/p>\n","protected":false},"author":5,"featured_media":310284,"comment_status":"open","ping_status":"open","sticky":false,"template":"","format":"standard","meta":{"_monsterinsights_skip_tracking":false,"_monsterinsights_sitenote_active":false,"_monsterinsights_sitenote_note":"","_monsterinsights_sitenote_category":0,"footnotes":""},"categories":[5],"tags":[1046,13284,52128,41813,18,43704,10383,43674],"class_list":["post-310283","post","type-post","status-publish","format-standard","has-post-thumbnail","hentry","category-estado-de-mexico","tag-almoloya-de-juarez","tag-arco-norte","tag-asesoria","tag-donald-trump","tag-enrique-pena-nieto","tag-jose-luis-montanez-aguilar","tag-migrantes","tag-opinion"],"_links":{"self":[{"href":"https:\/\/www.diarioimagen.net\/index.php?rest_route=\/wp\/v2\/posts\/310283","targetHints":{"allow":["GET"]}}],"collection":[{"href":"https:\/\/www.diarioimagen.net\/index.php?rest_route=\/wp\/v2\/posts"}],"about":[{"href":"https:\/\/www.diarioimagen.net\/index.php?rest_route=\/wp\/v2\/types\/post"}],"author":[{"embeddable":true,"href":"https:\/\/www.diarioimagen.net\/index.php?rest_route=\/wp\/v2\/users\/5"}],"replies":[{"embeddable":true,"href":"https:\/\/www.diarioimagen.net\/index.php?rest_route=%2Fwp%2Fv2%2Fcomments&post=310283"}],"version-history":[{"count":0,"href":"https:\/\/www.diarioimagen.net\/index.php?rest_route=\/wp\/v2\/posts\/310283\/revisions"}],"wp:featuredmedia":[{"embeddable":true,"href":"https:\/\/www.diarioimagen.net\/index.php?rest_route=\/wp\/v2\/media\/310284"}],"wp:attachment":[{"href":"https:\/\/www.diarioimagen.net\/index.php?rest_route=%2Fwp%2Fv2%2Fmedia&parent=310283"}],"wp:term":[{"taxonomy":"category","embeddable":true,"href":"https:\/\/www.diarioimagen.net\/index.php?rest_route=%2Fwp%2Fv2%2Fcategories&post=310283"},{"taxonomy":"post_tag","embeddable":true,"href":"https:\/\/www.diarioimagen.net\/index.php?rest_route=%2Fwp%2Fv2%2Ftags&post=310283"}],"curies":[{"name":"wp","href":"https:\/\/api.w.org\/{rel}","templated":true}]}}