{"id":310334,"date":"2017-02-02T00:07:36","date_gmt":"2017-02-02T06:07:36","guid":{"rendered":"http:\/\/www.diarioimagen.net\/?p=310334"},"modified":"2017-02-02T02:07:58","modified_gmt":"2017-02-02T08:07:58","slug":"declaran-aprobacion-de-reforma-en-materia-de-libertad-de-expresion","status":"publish","type":"post","link":"https:\/\/www.diarioimagen.net\/?p=310334","title":{"rendered":"Declaran aprobaci\u00f3n de reforma en materia de libertad de expresi\u00f3n"},"content":{"rendered":"<ul>\n<li><strong><em>Diputaci\u00f3n permanente de la 59 Legislatura<\/em><\/strong><\/li>\n<\/ul>\n<p>&nbsp;<\/p>\n<div id=\"attachment_310431\" style=\"width: 470px\" class=\"wp-caption aligncenter\"><a href=\"http:\/\/www.diarioimagen.net\/?attachment_id=310431\" rel=\"attachment wp-att-310431\"><img loading=\"lazy\" decoding=\"async\" aria-describedby=\"caption-attachment-310431\" class=\"size-large wp-image-310431\" src=\"http:\/\/www.diarioimagen.net\/wp-content\/uploads\/2017\/02\/LEGISLATURA-3049-460x281.jpg\" alt=\"\" width=\"460\" height=\"281\" srcset=\"https:\/\/www.diarioimagen.net\/wp-content\/uploads\/2017\/02\/LEGISLATURA-3049-460x281.jpg 460w, https:\/\/www.diarioimagen.net\/wp-content\/uploads\/2017\/02\/LEGISLATURA-3049-240x146.jpg 240w, https:\/\/www.diarioimagen.net\/wp-content\/uploads\/2017\/02\/LEGISLATURA-3049.jpg 700w\" sizes=\"auto, (max-width: 460px) 100vw, 460px\" \/><\/a><p id=\"caption-attachment-310431\" class=\"wp-caption-text\">Se declar\u00f3 la aprobaci\u00f3n de la minuta de reforma al art\u00edculo 5 de la Constituci\u00f3n local, propuesta por el diputado panista Anuar Roberto Azar Figueroa.<\/p><\/div>\n<p>&nbsp;<\/p>\n<p>La Diputaci\u00f3n Permanente de la 59 Legislatura mexiquense que preside la diputada Tanya Rellstab Carreto (PRI) declar\u00f3 la aprobaci\u00f3n de la minuta de reforma al art\u00edculo 5 de la Constituci\u00f3n local, propuesta por el diputado Anuar Roberto Azar Figueroa, en nombre del grupo parlamentario del PAN, para establecer que toda persona en el Estado de M\u00e9xico tiene derecho al libre acceso a la informaci\u00f3n plural y oportuna, as\u00ed como a buscar, recibir y difundir informaci\u00f3n e ideas de toda \u00edndole por cualquier medio de expresi\u00f3n.<\/p>\n<p>El documento fue le\u00eddo por el diputado Gerardo Pliego Santana (PAN) en sesi\u00f3n de este \u00f3rgano parlamentario en la que tambi\u00e9n se concedi\u00f3, por unanimidad y previa dispensa del tr\u00e1mite de dictamen, licencia temporal a los diputados Juan Manuel Zepeda Hern\u00e1ndez (PRD), a partir del 17 de enero y por tiempo indefinido, y Javier Salinas Narv\u00e1ez (PRD), a partir del 30 de este mes y hasta el pr\u00f3ximo seis de marzo.<\/p>\n<p>Con la reforma al art\u00edculo 5, la Constituci\u00f3n considera inviolable la libertad de difundir opiniones, informaci\u00f3n e ideas, a trav\u00e9s de cualquier medio y que no se puede restringir este derecho por v\u00edas o medios indirectos, tales como el abuso de controles oficiales o particulares, de papel para peri\u00f3dicos, de frecuencias radioel\u00e9ctricas o de enseres y aparatos usados en la difusi\u00f3n de informaci\u00f3n o por otros medios y tecnolog\u00edas de la informaci\u00f3n y comunicaci\u00f3n encaminados a impedir la transmisi\u00f3n y circulaci\u00f3n de ideas y opiniones.<\/p>\n<p>De igual forma, ninguna ley ni autoridad puede establecer la previa censura, ni coartar la libertad de difusi\u00f3n, que no tiene m\u00e1s l\u00edmites que los previstos en el p\u00e1rrafo XIV, el cual se\u00f1ala que la manifestaci\u00f3n de las ideas no ser\u00e1 objeto de ninguna inquisici\u00f3n judicial o administrativa, sino en el caso de que ataque a la moral, la vida privada o los derechos de tercero, provoque alg\u00fan delito, o perturbe el orden p\u00fablico; el derecho de r\u00e9plica ser\u00e1 ejercido en los t\u00e9rminos dispuestos por la ley, y que en ning\u00fan caso podr\u00e1n secuestrarse los bienes utilizados para la difusi\u00f3n de informaci\u00f3n, opiniones e ideas.<\/p>\n<p>&nbsp;<\/p>\n","protected":false},"excerpt":{"rendered":"<p>La Diputaci\u00f3n Permanente de la 59 Legislatura mexiquense que preside la diputada Tanya Rellstab Carreto (PRI) declar\u00f3 la aprobaci\u00f3n de la minuta de reforma al art\u00edculo 5 de la Constituci\u00f3n local, propuesta por el diputado Anuar Roberto Azar Figueroa, en nombre del grupo parlamentario del PAN, para establecer que toda persona en el Estado de M\u00e9xico tiene derecho al libre acceso a la informaci\u00f3n plural y oportuna, as\u00ed como a buscar, recibir y difundir informaci\u00f3n e ideas de toda \u00edndole por cualquier medio de expresi\u00f3n.<\/p>\n","protected":false},"author":3,"featured_media":310431,"comment_status":"open","ping_status":"open","sticky":false,"template":"","format":"standard","meta":{"_monsterinsights_skip_tracking":false,"_monsterinsights_sitenote_active":false,"_monsterinsights_sitenote_note":"","_monsterinsights_sitenote_category":0,"footnotes":""},"categories":[35155],"tags":[43675],"class_list":["post-310334","post","type-post","status-publish","format-standard","has-post-thumbnail","hentry","category-estado-de-mexico-estado-de-mexico","tag-estado-de-mexico"],"_links":{"self":[{"href":"https:\/\/www.diarioimagen.net\/index.php?rest_route=\/wp\/v2\/posts\/310334","targetHints":{"allow":["GET"]}}],"collection":[{"href":"https:\/\/www.diarioimagen.net\/index.php?rest_route=\/wp\/v2\/posts"}],"about":[{"href":"https:\/\/www.diarioimagen.net\/index.php?rest_route=\/wp\/v2\/types\/post"}],"author":[{"embeddable":true,"href":"https:\/\/www.diarioimagen.net\/index.php?rest_route=\/wp\/v2\/users\/3"}],"replies":[{"embeddable":true,"href":"https:\/\/www.diarioimagen.net\/index.php?rest_route=%2Fwp%2Fv2%2Fcomments&post=310334"}],"version-history":[{"count":0,"href":"https:\/\/www.diarioimagen.net\/index.php?rest_route=\/wp\/v2\/posts\/310334\/revisions"}],"wp:featuredmedia":[{"embeddable":true,"href":"https:\/\/www.diarioimagen.net\/index.php?rest_route=\/wp\/v2\/media\/310431"}],"wp:attachment":[{"href":"https:\/\/www.diarioimagen.net\/index.php?rest_route=%2Fwp%2Fv2%2Fmedia&parent=310334"}],"wp:term":[{"taxonomy":"category","embeddable":true,"href":"https:\/\/www.diarioimagen.net\/index.php?rest_route=%2Fwp%2Fv2%2Fcategories&post=310334"},{"taxonomy":"post_tag","embeddable":true,"href":"https:\/\/www.diarioimagen.net\/index.php?rest_route=%2Fwp%2Fv2%2Ftags&post=310334"}],"curies":[{"name":"wp","href":"https:\/\/api.w.org\/{rel}","templated":true}]}}