{"id":310336,"date":"2017-02-02T00:06:17","date_gmt":"2017-02-02T06:06:17","guid":{"rendered":"http:\/\/www.diarioimagen.net\/?p=310336"},"modified":"2017-02-02T02:09:19","modified_gmt":"2017-02-02T08:09:19","slug":"tlalnepantla-sede-de-capacitacion-de-conagua-a-organismos-operadores","status":"publish","type":"post","link":"https:\/\/www.diarioimagen.net\/?p=310336","title":{"rendered":"Tlalnepantla, sede de capacitaci\u00f3n de Conagua a organismos operadores"},"content":{"rendered":"<ul>\n<li><strong><em>Para un mejor funcionamiento<\/em><\/strong><\/li>\n<\/ul>\n<p>&nbsp;<\/p>\n<div id=\"attachment_310434\" style=\"width: 470px\" class=\"wp-caption aligncenter\"><a href=\"http:\/\/www.diarioimagen.net\/?attachment_id=310434\" rel=\"attachment wp-att-310434\"><img loading=\"lazy\" decoding=\"async\" aria-describedby=\"caption-attachment-310434\" class=\"size-large wp-image-310434\" src=\"http:\/\/www.diarioimagen.net\/wp-content\/uploads\/2017\/02\/TLALNEPANTLA-3049-460x259.jpg\" alt=\"\" width=\"460\" height=\"259\" srcset=\"https:\/\/www.diarioimagen.net\/wp-content\/uploads\/2017\/02\/TLALNEPANTLA-3049-460x259.jpg 460w, https:\/\/www.diarioimagen.net\/wp-content\/uploads\/2017\/02\/TLALNEPANTLA-3049-240x135.jpg 240w, https:\/\/www.diarioimagen.net\/wp-content\/uploads\/2017\/02\/TLALNEPANTLA-3049-235x132.jpg 235w, https:\/\/www.diarioimagen.net\/wp-content\/uploads\/2017\/02\/TLALNEPANTLA-3049-202x114.jpg 202w, https:\/\/www.diarioimagen.net\/wp-content\/uploads\/2017\/02\/TLALNEPANTLA-3049-350x196.jpg 350w, https:\/\/www.diarioimagen.net\/wp-content\/uploads\/2017\/02\/TLALNEPANTLA-3049-220x123.jpg 220w, https:\/\/www.diarioimagen.net\/wp-content\/uploads\/2017\/02\/TLALNEPANTLA-3049-237x132.jpg 237w, https:\/\/www.diarioimagen.net\/wp-content\/uploads\/2017\/02\/TLALNEPANTLA-3049.jpg 480w\" sizes=\"auto, (max-width: 460px) 100vw, 460px\" \/><\/a><p id=\"caption-attachment-310434\" class=\"wp-caption-text\">La alcaldesa Denisse Ugalde Alegr\u00eda agradeci\u00f3 al gobierno federal la asesor\u00eda que brinda a los municipios para mejorar su desempe\u00f1o.<\/p><\/div>\n<p>&nbsp;<\/p>\n<p><strong>Tlalnepantla, Estado de M\u00e9xico<\/strong>.- La ciudad fue sede del taller que la Comisi\u00f3n Nacional del Agua imparti\u00f3 a 21 municipios y organismos operadores, a fin de acercarlos al marco legal y capacitarlos para un mejor funcionamiento que beneficie de manera directa a la ciudadan\u00eda.<\/p>\n<p>Ante el director general de Conagua, Roberto Ram\u00edrez de la Parra, la alcaldesa Denisse Ugalde Alegr\u00eda agradeci\u00f3 al gobierno federal la asesor\u00eda que brinda a los municipios para mejorar su desempe\u00f1o.<\/p>\n<p>\u201cComo servidores p\u00fablicos la capacitaci\u00f3n es fundamental, sobre todo cuando se refiere a temas sensibles como lo es el agua; y aun cuando ustedes son especialistas en esto, el trabajo en equipo fortalecer\u00e1 la labor que llevan a cabo diariamente\u201d, apunt\u00f3 la presidenta municipal.<\/p>\n<p>Acompa\u00f1ada de Rodolfo Mart\u00ednez Mu\u00f1oz, titular del OPDM, Denisse Ugalde reconoci\u00f3 el apoyo de la Conagua y de la CAEM en proyectos de gran relevancia como el T\u00fanel Emisor Poniente, infraestructura que ayudar\u00e1 a disminuir el riesgo de inundaciones en Tlalnepantla, Atizap\u00e1n y Cuautitl\u00e1n Izcalli, as\u00ed como el respaldo en programas municipales que de manera cotidiana se efect\u00faan, entre ellos, el desazolve.<\/p>\n<p>Al inaugurar formalmente el taller \u201cMarco H\u00eddrico-Legal para municipios y organismos operadores del Estado de M\u00e9xico\u201d, \u00a0Roberto Ram\u00edrez de la Parra destac\u00f3 que por medio de esta capacitaci\u00f3n se busca fortalecer a estas instancias de gobierno, brind\u00e1ndoles las herramientas necesarias que garanticen una mejor atenci\u00f3n a los usuarios.<\/p>\n<p>Puntualiz\u00f3 que una de las prioridades del presidente Enrique Pe\u00f1a Nieto es hacer m\u00e1s eficiente la prestaci\u00f3n de los servicios b\u00e1sicos, muestra de ello es que en 2016 se cre\u00f3 la Escuela del Agua, la cual ofrece capacitaci\u00f3n en cuestiones t\u00e9cnicas y administrativas para su adecuado funcionamiento.<\/p>\n<p>Resalt\u00f3 la importancia de tambi\u00e9n comenzar con la capacitaci\u00f3n hac\u00eda la ciudadan\u00eda en general, a fin de fomentar una cultura del uso adecuado de los recursos h\u00eddricos, porque el agua sigue siendo la misma y las poblaci\u00f3n sigue creciendo.<\/p>\n<p>&nbsp;<\/p>\n","protected":false},"excerpt":{"rendered":"<p>La ciudad fue sede del taller que la Comisi\u00f3n Nacional del Agua imparti\u00f3 a 21 municipios y organismos operadores, a fin de acercarlos al marco legal y capacitarlos para un mejor funcionamiento que beneficie de manera directa a la ciudadan\u00eda.<\/p>\n","protected":false},"author":3,"featured_media":310434,"comment_status":"open","ping_status":"open","sticky":false,"template":"","format":"standard","meta":{"_monsterinsights_skip_tracking":false,"_monsterinsights_sitenote_active":false,"_monsterinsights_sitenote_note":"","_monsterinsights_sitenote_category":0,"footnotes":""},"categories":[35155],"tags":[25972,43675,54456,169],"class_list":["post-310336","post","type-post","status-publish","format-standard","has-post-thumbnail","hentry","category-estado-de-mexico-estado-de-mexico","tag-capacitacion","tag-estado-de-mexico","tag-operadores","tag-tlalnepantla"],"_links":{"self":[{"href":"https:\/\/www.diarioimagen.net\/index.php?rest_route=\/wp\/v2\/posts\/310336","targetHints":{"allow":["GET"]}}],"collection":[{"href":"https:\/\/www.diarioimagen.net\/index.php?rest_route=\/wp\/v2\/posts"}],"about":[{"href":"https:\/\/www.diarioimagen.net\/index.php?rest_route=\/wp\/v2\/types\/post"}],"author":[{"embeddable":true,"href":"https:\/\/www.diarioimagen.net\/index.php?rest_route=\/wp\/v2\/users\/3"}],"replies":[{"embeddable":true,"href":"https:\/\/www.diarioimagen.net\/index.php?rest_route=%2Fwp%2Fv2%2Fcomments&post=310336"}],"version-history":[{"count":0,"href":"https:\/\/www.diarioimagen.net\/index.php?rest_route=\/wp\/v2\/posts\/310336\/revisions"}],"wp:featuredmedia":[{"embeddable":true,"href":"https:\/\/www.diarioimagen.net\/index.php?rest_route=\/wp\/v2\/media\/310434"}],"wp:attachment":[{"href":"https:\/\/www.diarioimagen.net\/index.php?rest_route=%2Fwp%2Fv2%2Fmedia&parent=310336"}],"wp:term":[{"taxonomy":"category","embeddable":true,"href":"https:\/\/www.diarioimagen.net\/index.php?rest_route=%2Fwp%2Fv2%2Fcategories&post=310336"},{"taxonomy":"post_tag","embeddable":true,"href":"https:\/\/www.diarioimagen.net\/index.php?rest_route=%2Fwp%2Fv2%2Ftags&post=310336"}],"curies":[{"name":"wp","href":"https:\/\/api.w.org\/{rel}","templated":true}]}}