{"id":310339,"date":"2017-02-02T00:05:31","date_gmt":"2017-02-02T06:05:31","guid":{"rendered":"http:\/\/www.diarioimagen.net\/?p=310339"},"modified":"2017-02-02T02:10:33","modified_gmt":"2017-02-02T08:10:33","slug":"el-alcalde-armando-portuguez-entrega-apoyos-sociales","status":"publish","type":"post","link":"https:\/\/www.diarioimagen.net\/?p=310339","title":{"rendered":"El alcalde Armando Portuguez entrega apoyos sociales"},"content":{"rendered":"<p><a href=\"http:\/\/www.diarioimagen.net\/?attachment_id=310436\" rel=\"attachment wp-att-310436\"><img loading=\"lazy\" decoding=\"async\" class=\"aligncenter size-large wp-image-310436\" src=\"http:\/\/www.diarioimagen.net\/wp-content\/uploads\/2017\/02\/TULTEPEC-3049-460x259.jpg\" alt=\"\" width=\"460\" height=\"259\" srcset=\"https:\/\/www.diarioimagen.net\/wp-content\/uploads\/2017\/02\/TULTEPEC-3049-460x259.jpg 460w, https:\/\/www.diarioimagen.net\/wp-content\/uploads\/2017\/02\/TULTEPEC-3049-240x135.jpg 240w, https:\/\/www.diarioimagen.net\/wp-content\/uploads\/2017\/02\/TULTEPEC-3049-235x132.jpg 235w, https:\/\/www.diarioimagen.net\/wp-content\/uploads\/2017\/02\/TULTEPEC-3049-202x114.jpg 202w, https:\/\/www.diarioimagen.net\/wp-content\/uploads\/2017\/02\/TULTEPEC-3049-350x196.jpg 350w, https:\/\/www.diarioimagen.net\/wp-content\/uploads\/2017\/02\/TULTEPEC-3049-220x123.jpg 220w, https:\/\/www.diarioimagen.net\/wp-content\/uploads\/2017\/02\/TULTEPEC-3049-237x132.jpg 237w, https:\/\/www.diarioimagen.net\/wp-content\/uploads\/2017\/02\/TULTEPEC-3049.jpg 480w\" sizes=\"auto, (max-width: 460px) 100vw, 460px\" \/><\/a><\/p>\n<p>&nbsp;<\/p>\n<p><strong>Tultepec, Estado de M\u00e9xico<\/strong>.<strong>&#8211;<\/strong> En cumplimiento a uno m\u00e1s de sus compromisos de campa\u00f1a, el alcalde Armando Portuguez Fuentes inici\u00f3 el recorrido por diferentes comunidades del municipio, para entregar apoyos sociales a quienes m\u00e1s lo necesitan como son: adultos mayores, madres solas, personas con capacidades diferentes y comunidad abierta en situaci\u00f3n cr\u00edtica.<\/p>\n<p>Acompa\u00f1ado por servidores p\u00fablicos del DIF municipal y de diversas \u00e1reas de la administraci\u00f3n 2016-2018, el edil asegur\u00f3 a los beneficiarios que estos apoyos les ser\u00e1n entregados puntualmente cada mes durante 2017 un incentivo del gobierno municipal ante el reclamo social para acceder a un m\u00ednimo de subsistencia digno.<\/p>\n<p>&nbsp;<\/p>\n<p>&nbsp;<\/p>\n<p>&nbsp;<\/p>\n<p>&nbsp;<\/p>\n","protected":false},"excerpt":{"rendered":"<p>En cumplimiento a uno m\u00e1s de sus compromisos de campa\u00f1a, el alcalde Armando Portuguez Fuentes inici\u00f3 el recorrido por diferentes comunidades del municipio, para entregar apoyos sociales a quienes m\u00e1s lo necesitan como son: adultos mayores, madres solas, personas con capacidades diferentes y comunidad abierta en situaci\u00f3n cr\u00edtica. <\/p>\n","protected":false},"author":3,"featured_media":310436,"comment_status":"open","ping_status":"open","sticky":false,"template":"","format":"standard","meta":{"_monsterinsights_skip_tracking":false,"_monsterinsights_sitenote_active":false,"_monsterinsights_sitenote_note":"","_monsterinsights_sitenote_category":0,"footnotes":""},"categories":[35155],"tags":[50574,43675,3802],"class_list":["post-310339","post","type-post","status-publish","format-standard","has-post-thumbnail","hentry","category-estado-de-mexico-estado-de-mexico","tag-armando-portuguez-fuentes","tag-estado-de-mexico","tag-tultepec"],"_links":{"self":[{"href":"https:\/\/www.diarioimagen.net\/index.php?rest_route=\/wp\/v2\/posts\/310339","targetHints":{"allow":["GET"]}}],"collection":[{"href":"https:\/\/www.diarioimagen.net\/index.php?rest_route=\/wp\/v2\/posts"}],"about":[{"href":"https:\/\/www.diarioimagen.net\/index.php?rest_route=\/wp\/v2\/types\/post"}],"author":[{"embeddable":true,"href":"https:\/\/www.diarioimagen.net\/index.php?rest_route=\/wp\/v2\/users\/3"}],"replies":[{"embeddable":true,"href":"https:\/\/www.diarioimagen.net\/index.php?rest_route=%2Fwp%2Fv2%2Fcomments&post=310339"}],"version-history":[{"count":0,"href":"https:\/\/www.diarioimagen.net\/index.php?rest_route=\/wp\/v2\/posts\/310339\/revisions"}],"wp:featuredmedia":[{"embeddable":true,"href":"https:\/\/www.diarioimagen.net\/index.php?rest_route=\/wp\/v2\/media\/310436"}],"wp:attachment":[{"href":"https:\/\/www.diarioimagen.net\/index.php?rest_route=%2Fwp%2Fv2%2Fmedia&parent=310339"}],"wp:term":[{"taxonomy":"category","embeddable":true,"href":"https:\/\/www.diarioimagen.net\/index.php?rest_route=%2Fwp%2Fv2%2Fcategories&post=310339"},{"taxonomy":"post_tag","embeddable":true,"href":"https:\/\/www.diarioimagen.net\/index.php?rest_route=%2Fwp%2Fv2%2Ftags&post=310339"}],"curies":[{"name":"wp","href":"https:\/\/api.w.org\/{rel}","templated":true}]}}