{"id":310346,"date":"2017-02-02T00:03:14","date_gmt":"2017-02-02T06:03:14","guid":{"rendered":"http:\/\/www.diarioimagen.net\/?p=310346"},"modified":"2017-02-02T02:16:20","modified_gmt":"2017-02-02T08:16:20","slug":"el-gobierno-de-metepec-renovo-el-programa-alimentario-social","status":"publish","type":"post","link":"https:\/\/www.diarioimagen.net\/?p=310346","title":{"rendered":"El gobierno de Metepec renov\u00f3 el Programa Alimentario Social"},"content":{"rendered":"<ul>\n<li><strong><em>Beneficia bimestralmente a 33 mil hogares<\/em><\/strong><\/li>\n<\/ul>\n<p>&nbsp;<\/p>\n<div id=\"attachment_310442\" style=\"width: 328px\" class=\"wp-caption alignleft\"><a href=\"http:\/\/www.diarioimagen.net\/?attachment_id=310442\" rel=\"attachment wp-att-310442\"><img loading=\"lazy\" decoding=\"async\" aria-describedby=\"caption-attachment-310442\" class=\" wp-image-310442\" src=\"http:\/\/www.diarioimagen.net\/wp-content\/uploads\/2017\/02\/METEPEC-3049-460x450.jpg\" alt=\"\" width=\"318\" height=\"311\" srcset=\"https:\/\/www.diarioimagen.net\/wp-content\/uploads\/2017\/02\/METEPEC-3049-460x450.jpg 460w, https:\/\/www.diarioimagen.net\/wp-content\/uploads\/2017\/02\/METEPEC-3049-240x235.jpg 240w, https:\/\/www.diarioimagen.net\/wp-content\/uploads\/2017\/02\/METEPEC-3049-50x50.jpg 50w, https:\/\/www.diarioimagen.net\/wp-content\/uploads\/2017\/02\/METEPEC-3049.jpg 700w\" sizes=\"auto, (max-width: 318px) 100vw, 318px\" \/><\/a><p id=\"caption-attachment-310442\" class=\"wp-caption-text\">El gobierno del alcalde David L\u00f3pez C\u00e1rdenas fortalece la estrategia para abatir el rezago alimenticio en Metepec.<\/p><\/div>\n<p><strong>Metepec, Estado de M\u00e9xico<\/strong>.- Con el objetivo de abatir la carencia alimentaria, apoyar la econom\u00eda de las familias y mejorar h\u00e1bitos que redunden en la salud de las personas, el gobierno de Metepec renov\u00f3 el Programa Alimentario Social (PAS), el cual continuar\u00e1 beneficiando bimestralmente a 33 mil hogares, ahora con productos no perecederos.<\/p>\n<p>El PAS, que opera desde mayo del 2016 en beneficio de la poblaci\u00f3n en condici\u00f3n de vulnerabilidad, incluir\u00e1 este a\u00f1o productos alimenticios de alto contenido nutricional, entre ellos, cereales, harina, enlatados, aceite y dem\u00e1s, respondiendo as\u00ed a una solicitud generalizada de la comunidad.<\/p>\n<p>La sustituci\u00f3n de productos hortofrut\u00edcolas permitir\u00e1 a los beneficiados elaborar men\u00fas a mediano plazo, toda vez que los insumos tienen mayor vigencia y pueden ser preparados variadamente.<\/p>\n<p>Con esta modificaci\u00f3n, el programa qued\u00f3 atinadamente dise\u00f1ado para contribuir a una sana alimentaci\u00f3n y en consecuencia, combatir la obesidad y disminuir casos de diabetes por malos h\u00e1bitos alimenticios, toda vez que a la par de su entrega, especialistas dan talleres y pl\u00e1ticas de nutrici\u00f3n a los beneficiados.<\/p>\n<p>As\u00ed, el gobierno del alcalde David L\u00f3pez C\u00e1rdenas, fortalece la estrategia para abatir el rezago alimenticio en la demarcaci\u00f3n, que de acuerdo a la Secretar\u00eda de Desarrollo Social (Sedesol) en el 2016, poco m\u00e1s de 21 mil metepequenses registraban insuficiencia para abastecerse de productos alimenticios.<\/p>\n<p>Cabe destacar que como acci\u00f3n complementaria, para fortalecer el PAS, contin\u00faa en operaci\u00f3n el programa \u201cMercado a bajo costo\u201d, el cual consiste en un punto de venta itinerante de frutas y verduras, donde los productores venden directamente, otorgando a los compradores, precios inferiores a los que se comercializan en el mercado.<\/p>\n<p>&nbsp;<\/p>\n","protected":false},"excerpt":{"rendered":"<p>Con el objetivo de abatir la carencia alimentaria, apoyar la econom\u00eda de las familias y mejorar h\u00e1bitos que redunden en la salud de las personas, el gobierno de Metepec renov\u00f3 el Programa Alimentario Social (PAS), el cual continuar\u00e1 beneficiando bimestralmente a 33 mil hogares, ahora con productos no perecederos.<\/p>\n","protected":false},"author":3,"featured_media":310443,"comment_status":"open","ping_status":"open","sticky":false,"template":"","format":"standard","meta":{"_monsterinsights_skip_tracking":false,"_monsterinsights_sitenote_active":false,"_monsterinsights_sitenote_note":"","_monsterinsights_sitenote_category":0,"footnotes":""},"categories":[35155],"tags":[43675,876],"class_list":["post-310346","post","type-post","status-publish","format-standard","has-post-thumbnail","hentry","category-estado-de-mexico-estado-de-mexico","tag-estado-de-mexico","tag-metepec"],"_links":{"self":[{"href":"https:\/\/www.diarioimagen.net\/index.php?rest_route=\/wp\/v2\/posts\/310346","targetHints":{"allow":["GET"]}}],"collection":[{"href":"https:\/\/www.diarioimagen.net\/index.php?rest_route=\/wp\/v2\/posts"}],"about":[{"href":"https:\/\/www.diarioimagen.net\/index.php?rest_route=\/wp\/v2\/types\/post"}],"author":[{"embeddable":true,"href":"https:\/\/www.diarioimagen.net\/index.php?rest_route=\/wp\/v2\/users\/3"}],"replies":[{"embeddable":true,"href":"https:\/\/www.diarioimagen.net\/index.php?rest_route=%2Fwp%2Fv2%2Fcomments&post=310346"}],"version-history":[{"count":0,"href":"https:\/\/www.diarioimagen.net\/index.php?rest_route=\/wp\/v2\/posts\/310346\/revisions"}],"wp:featuredmedia":[{"embeddable":true,"href":"https:\/\/www.diarioimagen.net\/index.php?rest_route=\/wp\/v2\/media\/310443"}],"wp:attachment":[{"href":"https:\/\/www.diarioimagen.net\/index.php?rest_route=%2Fwp%2Fv2%2Fmedia&parent=310346"}],"wp:term":[{"taxonomy":"category","embeddable":true,"href":"https:\/\/www.diarioimagen.net\/index.php?rest_route=%2Fwp%2Fv2%2Fcategories&post=310346"},{"taxonomy":"post_tag","embeddable":true,"href":"https:\/\/www.diarioimagen.net\/index.php?rest_route=%2Fwp%2Fv2%2Ftags&post=310346"}],"curies":[{"name":"wp","href":"https:\/\/api.w.org\/{rel}","templated":true}]}}