{"id":310480,"date":"2017-02-03T00:05:26","date_gmt":"2017-02-03T06:05:26","guid":{"rendered":"http:\/\/www.diarioimagen.net\/?p=310480"},"modified":"2017-02-05T22:28:29","modified_gmt":"2017-02-06T04:28:29","slug":"volcadura-en-circuito-exterior-mexiquense-deja-4-muertos","status":"publish","type":"post","link":"https:\/\/www.diarioimagen.net\/?p=310480","title":{"rendered":"Deja 4 muertos volcadura en Circuito Exterior Mexiquense"},"content":{"rendered":"<ul>\n<li><strong><em>A la altura de Tultepec<\/em><\/strong><\/li>\n<\/ul>\n<p>&nbsp;<\/p>\n<div id=\"attachment_310481\" style=\"width: 470px\" class=\"wp-caption aligncenter\"><a href=\"http:\/\/www.diarioimagen.net\/?attachment_id=310481\" rel=\"attachment wp-att-310481\"><img loading=\"lazy\" decoding=\"async\" aria-describedby=\"caption-attachment-310481\" class=\"wp-image-310481 size-large\" src=\"http:\/\/www.diarioimagen.net\/wp-content\/uploads\/2017\/02\/VOLCADURA3-portal-460x268.jpg\" width=\"460\" height=\"268\" srcset=\"https:\/\/www.diarioimagen.net\/wp-content\/uploads\/2017\/02\/VOLCADURA3-portal-460x268.jpg 460w, https:\/\/www.diarioimagen.net\/wp-content\/uploads\/2017\/02\/VOLCADURA3-portal-240x140.jpg 240w, https:\/\/www.diarioimagen.net\/wp-content\/uploads\/2017\/02\/VOLCADURA3-portal.jpg 480w\" sizes=\"auto, (max-width: 460px) 100vw, 460px\" \/><\/a><p id=\"caption-attachment-310481\" class=\"wp-caption-text\">Un helic\u00f3ptero de Rel\u00e1mpagos apoy\u00f3 con el traslado de un lesionado.<\/p><\/div>\n<p>&nbsp;<\/p>\n<p>Una volcadura de una camioneta Ford Expedition sobre el Circuito Exterior Mexiquense a la altura de Tultepec dej\u00f3 4 personas muertas, entre ellos dos menores de edad y varios lesionados.<\/p>\n<p>Polic\u00edas locales informaron que al parecer 17 personas viajaban en la camioneta que se dirig\u00eda al santuario cat\u00f3lico de San Juan de los Lagos, cuando ocurri\u00f3 el accidente a tres kil\u00f3metros del mercado de cohetes de San Pablito.<\/p>\n<p>Refieren que el veh\u00edculo al parecer llevaba sobrecupo, y en alg\u00fan momento sali\u00f3 de la cinta asf\u00e1ltica y se proyect\u00f3 hacia una malla cicl\u00f3nica, para caer a una distancia de cinco metros de la carretera. Los cuerpos de algunos de los tripulantes salieron disparados.<\/p>\n<p>Elementos de emergencias de la Cruz Roja mexiquense de los municipios de Cuautitl\u00e1n Izcalli y Ecatepec y par\u00e1medicos del Grupo Rel\u00e1mpagos atendieron a los lesionados que dej\u00f3 el accidente. Los heridos fueron trasladados al Hospital de las Am\u00e9ricas en Ecatepec.<\/p>\n<p>Al lugar acudi\u00f3 adem\u00e1s una ambulancia de los Servicios de Urgencias del Estado de M\u00e9xico, a trav\u00e9s de su cuenta de Twitter la Cruz Roja del Edomex inform\u00f3 que un helic\u00f3ptero del Grupo Rel\u00e1mpago apoy\u00f3 en el traslado de una de las personas lesionadas durante el accidente.<strong><br \/>\n<\/strong><\/p>\n","protected":false},"excerpt":{"rendered":"<p>Una volcadura de una camioneta Ford Expedition sobre el Circuito Exterior Mexiquense a la altura de Tultepec dej\u00f3 4 personas muertas, entre ellos dos menores de edad y varios lesionados.<\/p>\n","protected":false},"author":5,"featured_media":310481,"comment_status":"open","ping_status":"open","sticky":false,"template":"","format":"standard","meta":{"_monsterinsights_skip_tracking":false,"_monsterinsights_sitenote_active":false,"_monsterinsights_sitenote_note":"","_monsterinsights_sitenote_category":0,"footnotes":""},"categories":[5],"tags":[46370,9318,43675,55821,43677,3802],"class_list":["post-310480","post","type-post","status-publish","format-standard","has-post-thumbnail","hentry","category-estado-de-mexico","tag-accidente","tag-circuito-exterior-mexiquense","tag-estado-de-mexico","tag-grupo-relampagos","tag-seguridad","tag-tultepec"],"_links":{"self":[{"href":"https:\/\/www.diarioimagen.net\/index.php?rest_route=\/wp\/v2\/posts\/310480","targetHints":{"allow":["GET"]}}],"collection":[{"href":"https:\/\/www.diarioimagen.net\/index.php?rest_route=\/wp\/v2\/posts"}],"about":[{"href":"https:\/\/www.diarioimagen.net\/index.php?rest_route=\/wp\/v2\/types\/post"}],"author":[{"embeddable":true,"href":"https:\/\/www.diarioimagen.net\/index.php?rest_route=\/wp\/v2\/users\/5"}],"replies":[{"embeddable":true,"href":"https:\/\/www.diarioimagen.net\/index.php?rest_route=%2Fwp%2Fv2%2Fcomments&post=310480"}],"version-history":[{"count":0,"href":"https:\/\/www.diarioimagen.net\/index.php?rest_route=\/wp\/v2\/posts\/310480\/revisions"}],"wp:featuredmedia":[{"embeddable":true,"href":"https:\/\/www.diarioimagen.net\/index.php?rest_route=\/wp\/v2\/media\/310481"}],"wp:attachment":[{"href":"https:\/\/www.diarioimagen.net\/index.php?rest_route=%2Fwp%2Fv2%2Fmedia&parent=310480"}],"wp:term":[{"taxonomy":"category","embeddable":true,"href":"https:\/\/www.diarioimagen.net\/index.php?rest_route=%2Fwp%2Fv2%2Fcategories&post=310480"},{"taxonomy":"post_tag","embeddable":true,"href":"https:\/\/www.diarioimagen.net\/index.php?rest_route=%2Fwp%2Fv2%2Ftags&post=310480"}],"curies":[{"name":"wp","href":"https:\/\/api.w.org\/{rel}","templated":true}]}}