{"id":310489,"date":"2017-02-03T00:08:22","date_gmt":"2017-02-03T06:08:22","guid":{"rendered":"http:\/\/www.diarioimagen.net\/?p=310489"},"modified":"2017-02-05T22:28:50","modified_gmt":"2017-02-06T04:28:50","slug":"destaca-eruviel-avila-al-poder-judicial-del-edomex","status":"publish","type":"post","link":"https:\/\/www.diarioimagen.net\/?p=310489","title":{"rendered":"Destaca Eruviel \u00c1vila al Poder Judicial del Edomex"},"content":{"rendered":"<ul>\n<li><strong><em>Segundo Informe del presidente del TSJEM, Sergio Javier Medina<\/em><\/strong><\/li>\n<\/ul>\n<p>&nbsp;<\/p>\n<div id=\"attachment_310490\" style=\"width: 470px\" class=\"wp-caption aligncenter\"><a href=\"http:\/\/www.diarioimagen.net\/?attachment_id=310490\" rel=\"attachment wp-att-310490\"><img loading=\"lazy\" decoding=\"async\" aria-describedby=\"caption-attachment-310490\" class=\"size-large wp-image-310490\" src=\"http:\/\/www.diarioimagen.net\/wp-content\/uploads\/2017\/02\/Eruviel3-portal-460x268.jpg\" alt=\"\" width=\"460\" height=\"268\" srcset=\"https:\/\/www.diarioimagen.net\/wp-content\/uploads\/2017\/02\/Eruviel3-portal-460x268.jpg 460w, https:\/\/www.diarioimagen.net\/wp-content\/uploads\/2017\/02\/Eruviel3-portal-240x140.jpg 240w, https:\/\/www.diarioimagen.net\/wp-content\/uploads\/2017\/02\/Eruviel3-portal.jpg 480w\" sizes=\"auto, (max-width: 460px) 100vw, 460px\" \/><\/a><p id=\"caption-attachment-310490\" class=\"wp-caption-text\">Eruviel \u00c1vila Villegas asisti\u00f3 al Segundo Informe del presidente del Tribunal Superior de Justicia del Estado de M\u00e9xico, Sergio Javier Medina Pe\u00f1aloza.<\/p><\/div>\n<p>&nbsp;<\/p>\n<p><strong>Toluca, Estado de M\u00e9xico<\/strong>.- El gobernador Eruviel \u00c1vila Villegas reconoci\u00f3 al Poder Judicial del Estado de M\u00e9xico como una instituci\u00f3n moderna, innovadora y abierta al di\u00e1logo, que entre sus logros tiene el primer lugar nacional en el estudio Doing Bussines del Banco Mundial por tener los tiempos m\u00e1s bajos en todo el pa\u00eds en la resoluci\u00f3n de cumplimientos de contratos, reduci\u00e9ndolos a 191 d\u00edas, que es casi la mitad de lo que se llevaba antes, lo cual contribuye a facilitar las inversiones que generan empleos en la entidad.<\/p>\n<p>Esto, al asistir al Segundo Informe de Desarrollo Estrat\u00e9gico del presidente del Tribunal Superior de Justicia del Estado de M\u00e9xico, Sergio Javier Medina Pe\u00f1aloza.<\/p>\n<p>\u201cQuiero hacer tambi\u00e9n extensivo el reconocimiento a los m\u00e1s de 5 mil servidores p\u00fablicos judiciales que todos los d\u00edas contribuyen y aportan para dar paz y estabilidad a este gran Estado de M\u00e9xico.<\/p>\n<p>\u201cUstedes han hecho posible, como bien lo dec\u00eda el se\u00f1or presidente de nuestro tribunal, que aqu\u00ed en el Estado de M\u00e9xico se resuelva casi la cuarta parte de los asuntos judiciales, de los juicios y las sentencias que se emiten de todo el pa\u00eds, casi el 25 por ciento, aqu\u00ed se demuestra la eficacia del Poder Judicial del Estado de M\u00e9xico, aqu\u00ed se demuestra la eficiencia de este gran tribunal\u201d, expres\u00f3.<\/p>\n<p>En el Teatro Morelos, en Toluca, ante la presencia de Roberto Padilla Dom\u00ednguez, secretario t\u00e9cnico del gabinete del gobierno de la Rep\u00fablica y representante del presidente Enrique Pe\u00f1a Nieto, Eruviel \u00c1vila reconoci\u00f3 otros avances del Poder Judicial, como la promoci\u00f3n de la cultura de la paz entre los mexiquenses, al lograr que m\u00e1s de 22 mil procedimientos se resolvieran a trav\u00e9s de la mediaci\u00f3n y evitando juicios, lo que representa el 10 por ciento del total.<\/p>\n<p>Adem\u00e1s, puntualiz\u00f3 que de los m\u00e1s de 227 mil juicios iniciados el a\u00f1o pasado, el Tribunal Superior de Justicia de la entidad, logr\u00f3 concluir el 84.4 por ciento, lo cual significa un aumento de 7 por ciento en resoluciones, con relaci\u00f3n al a\u00f1o 2015.<\/p>\n","protected":false},"excerpt":{"rendered":"<p>El gobernador Eruviel \u00c1vila Villegas reconoci\u00f3 al Poder Judicial del Estado de M\u00e9xico como una instituci\u00f3n moderna, innovadora y abierta al di\u00e1logo, que entre sus logros tiene el primer lugar nacional en el estudio Doing Bussines del Banco Mundial por tener los tiempos m\u00e1s bajos en todo el pa\u00eds en la resoluci\u00f3n de cumplimientos de contratos, reduci\u00e9ndolos a 191 d\u00edas, que es casi la mitad de lo que se llevaba antes, lo cual contribuye a facilitar las inversiones que generan empleos en la entidad.<\/p>\n","protected":false},"author":5,"featured_media":310490,"comment_status":"open","ping_status":"open","sticky":false,"template":"","format":"standard","meta":{"_monsterinsights_skip_tracking":false,"_monsterinsights_sitenote_active":false,"_monsterinsights_sitenote_note":"","_monsterinsights_sitenote_category":0,"footnotes":""},"categories":[5],"tags":[68,18,43675,6055,452,28336],"class_list":["post-310489","post","type-post","status-publish","format-standard","has-post-thumbnail","hentry","category-estado-de-mexico","tag-edomex","tag-enrique-pena-nieto","tag-estado-de-mexico","tag-poder-judicial","tag-toluca","tag-tsjem"],"_links":{"self":[{"href":"https:\/\/www.diarioimagen.net\/index.php?rest_route=\/wp\/v2\/posts\/310489","targetHints":{"allow":["GET"]}}],"collection":[{"href":"https:\/\/www.diarioimagen.net\/index.php?rest_route=\/wp\/v2\/posts"}],"about":[{"href":"https:\/\/www.diarioimagen.net\/index.php?rest_route=\/wp\/v2\/types\/post"}],"author":[{"embeddable":true,"href":"https:\/\/www.diarioimagen.net\/index.php?rest_route=\/wp\/v2\/users\/5"}],"replies":[{"embeddable":true,"href":"https:\/\/www.diarioimagen.net\/index.php?rest_route=%2Fwp%2Fv2%2Fcomments&post=310489"}],"version-history":[{"count":0,"href":"https:\/\/www.diarioimagen.net\/index.php?rest_route=\/wp\/v2\/posts\/310489\/revisions"}],"wp:featuredmedia":[{"embeddable":true,"href":"https:\/\/www.diarioimagen.net\/index.php?rest_route=\/wp\/v2\/media\/310490"}],"wp:attachment":[{"href":"https:\/\/www.diarioimagen.net\/index.php?rest_route=%2Fwp%2Fv2%2Fmedia&parent=310489"}],"wp:term":[{"taxonomy":"category","embeddable":true,"href":"https:\/\/www.diarioimagen.net\/index.php?rest_route=%2Fwp%2Fv2%2Fcategories&post=310489"},{"taxonomy":"post_tag","embeddable":true,"href":"https:\/\/www.diarioimagen.net\/index.php?rest_route=%2Fwp%2Fv2%2Ftags&post=310489"}],"curies":[{"name":"wp","href":"https:\/\/api.w.org\/{rel}","templated":true}]}}