{"id":310531,"date":"2017-02-03T00:10:54","date_gmt":"2017-02-03T06:10:54","guid":{"rendered":"http:\/\/www.diarioimagen.net\/?p=310531"},"modified":"2017-02-03T02:08:11","modified_gmt":"2017-02-03T08:08:11","slug":"refuerza-cobaem-herramientas-de-ensenanza","status":"publish","type":"post","link":"https:\/\/www.diarioimagen.net\/?p=310531","title":{"rendered":"Refuerza Cobaem herramientas de ense\u00f1anza"},"content":{"rendered":"<ul>\n<li><strong><em>Seminario \u201cReforma Educativa: M\u00e9xico y el Mundo\u201d<\/em><\/strong><\/li>\n<\/ul>\n<p>&nbsp;<\/p>\n<div id=\"attachment_310621\" style=\"width: 470px\" class=\"wp-caption aligncenter\"><a href=\"http:\/\/www.diarioimagen.net\/?attachment_id=310621\" rel=\"attachment wp-att-310621\"><img loading=\"lazy\" decoding=\"async\" aria-describedby=\"caption-attachment-310621\" class=\"size-large wp-image-310621\" src=\"http:\/\/www.diarioimagen.net\/wp-content\/uploads\/2017\/02\/edomex-3050-460x259.jpg\" alt=\"\" width=\"460\" height=\"259\" srcset=\"https:\/\/www.diarioimagen.net\/wp-content\/uploads\/2017\/02\/edomex-3050-460x259.jpg 460w, https:\/\/www.diarioimagen.net\/wp-content\/uploads\/2017\/02\/edomex-3050-240x135.jpg 240w, https:\/\/www.diarioimagen.net\/wp-content\/uploads\/2017\/02\/edomex-3050-235x132.jpg 235w, https:\/\/www.diarioimagen.net\/wp-content\/uploads\/2017\/02\/edomex-3050-202x114.jpg 202w, https:\/\/www.diarioimagen.net\/wp-content\/uploads\/2017\/02\/edomex-3050-350x196.jpg 350w, https:\/\/www.diarioimagen.net\/wp-content\/uploads\/2017\/02\/edomex-3050-220x123.jpg 220w, https:\/\/www.diarioimagen.net\/wp-content\/uploads\/2017\/02\/edomex-3050-237x132.jpg 237w, https:\/\/www.diarioimagen.net\/wp-content\/uploads\/2017\/02\/edomex-3050.jpg 480w\" sizes=\"auto, (max-width: 460px) 100vw, 460px\" \/><\/a><p id=\"caption-attachment-310621\" class=\"wp-caption-text\">La secretaria de Educaci\u00f3n, Ana Lilia Herrera Anzaldo, destac\u00f3 que la reforma educativa abona orden, transparencia y eficiencia al sistema educativo de forma gradual y progresiva.<\/p><\/div>\n<p>&nbsp;<\/p>\n<p><strong>Toluca, Estado de M\u00e9xico<\/strong>.- Para contribuir a la formaci\u00f3n y desarrollo integral de alumnas y alumnos, la Secretar\u00eda de Educaci\u00f3n organiz\u00f3 el seminario \u201cReforma Educativa: M\u00e9xico y el Mundo\u201d dirigido a 300 docentes y personal administrativo del Colegio de Bachilleres del Estado de M\u00e9xico (Cobaem).<\/p>\n<p>Impartido por Eduardo Andere Mart\u00ednez, analista y escritor en temas de pol\u00edticas p\u00fablicas, pol\u00edtica educativa y educaci\u00f3n comparada, tambi\u00e9n autor de 11 libros, el seminario abord\u00f3 temas como: ambiente del aprendizaje, desempe\u00f1o educativo, calidad de servicios, entre otros.<\/p>\n<p>La secretaria de Educaci\u00f3n, Ana Lilia Herrera Anzaldo, expres\u00f3 que el trabajo m\u00e1s importante en este sector es el de maestras y maestros frente a grupo, y destac\u00f3 que la reforma educativa abona orden, transparencia y eficiencia al sistema educativo de forma gradual y progresiva.<\/p>\n<p>Maribel G\u00f3ngora Espinosa, directora general del Cobaem, exhort\u00f3 a los\u00a0 presentes a hacer con pasi\u00f3n la parte que les corresponde y materializar lo aprendido en el seminario.<\/p>\n<p>Entre los beneficios educativos que ofrece el Cobaem -instituci\u00f3n que cuenta con 68 planteles y 15 Centros de Educaci\u00f3n Media Superior a Distancia en territorio estatal-, destaca la especialidad de formaci\u00f3n para el trabajo en las ramas de inform\u00e1tica, laboratorista qu\u00edmico, contabilidad y dibujo arquitect\u00f3nico.<\/p>\n<p>&nbsp;<\/p>\n","protected":false},"excerpt":{"rendered":"<p>Para contribuir a la formaci\u00f3n y desarrollo integral de alumnas y alumnos, la Secretar\u00eda de Educaci\u00f3n organiz\u00f3 el seminario \u201cReforma Educativa: M\u00e9xico y el Mundo\u201d dirigido a 300 docentes y personal administrativo del Colegio de Bachilleres del Estado de M\u00e9xico (Cobaem).<\/p>\n","protected":false},"author":3,"featured_media":310621,"comment_status":"open","ping_status":"open","sticky":false,"template":"","format":"standard","meta":{"_monsterinsights_skip_tracking":false,"_monsterinsights_sitenote_active":false,"_monsterinsights_sitenote_note":"","_monsterinsights_sitenote_category":0,"footnotes":""},"categories":[5],"tags":[43675,452],"class_list":["post-310531","post","type-post","status-publish","format-standard","has-post-thumbnail","hentry","category-estado-de-mexico","tag-estado-de-mexico","tag-toluca"],"_links":{"self":[{"href":"https:\/\/www.diarioimagen.net\/index.php?rest_route=\/wp\/v2\/posts\/310531","targetHints":{"allow":["GET"]}}],"collection":[{"href":"https:\/\/www.diarioimagen.net\/index.php?rest_route=\/wp\/v2\/posts"}],"about":[{"href":"https:\/\/www.diarioimagen.net\/index.php?rest_route=\/wp\/v2\/types\/post"}],"author":[{"embeddable":true,"href":"https:\/\/www.diarioimagen.net\/index.php?rest_route=\/wp\/v2\/users\/3"}],"replies":[{"embeddable":true,"href":"https:\/\/www.diarioimagen.net\/index.php?rest_route=%2Fwp%2Fv2%2Fcomments&post=310531"}],"version-history":[{"count":0,"href":"https:\/\/www.diarioimagen.net\/index.php?rest_route=\/wp\/v2\/posts\/310531\/revisions"}],"wp:featuredmedia":[{"embeddable":true,"href":"https:\/\/www.diarioimagen.net\/index.php?rest_route=\/wp\/v2\/media\/310621"}],"wp:attachment":[{"href":"https:\/\/www.diarioimagen.net\/index.php?rest_route=%2Fwp%2Fv2%2Fmedia&parent=310531"}],"wp:term":[{"taxonomy":"category","embeddable":true,"href":"https:\/\/www.diarioimagen.net\/index.php?rest_route=%2Fwp%2Fv2%2Fcategories&post=310531"},{"taxonomy":"post_tag","embeddable":true,"href":"https:\/\/www.diarioimagen.net\/index.php?rest_route=%2Fwp%2Fv2%2Ftags&post=310531"}],"curies":[{"name":"wp","href":"https:\/\/api.w.org\/{rel}","templated":true}]}}