{"id":310562,"date":"2017-02-03T00:06:41","date_gmt":"2017-02-03T06:06:41","guid":{"rendered":"http:\/\/www.diarioimagen.net\/?p=310562"},"modified":"2017-02-03T02:43:04","modified_gmt":"2017-02-03T08:43:04","slug":"ine-suspende-dos-spots-de-morena-en-el-edomex","status":"publish","type":"post","link":"https:\/\/www.diarioimagen.net\/?p=310562","title":{"rendered":"INE suspende dos spots de Morena en el Edomex"},"content":{"rendered":"<ul>\n<li><strong><em>Excede los contenidos para precampa\u00f1as<\/em><\/strong><\/li>\n<\/ul>\n<p>&nbsp;<\/p>\n<div id=\"attachment_310653\" style=\"width: 470px\" class=\"wp-caption aligncenter\"><a href=\"http:\/\/www.diarioimagen.net\/?attachment_id=310653\" rel=\"attachment wp-att-310653\"><img loading=\"lazy\" decoding=\"async\" aria-describedby=\"caption-attachment-310653\" class=\"size-large wp-image-310653\" src=\"http:\/\/www.diarioimagen.net\/wp-content\/uploads\/2017\/02\/MORENA-3050-460x259.jpg\" alt=\"\" width=\"460\" height=\"259\" srcset=\"https:\/\/www.diarioimagen.net\/wp-content\/uploads\/2017\/02\/MORENA-3050-460x259.jpg 460w, https:\/\/www.diarioimagen.net\/wp-content\/uploads\/2017\/02\/MORENA-3050-240x135.jpg 240w, https:\/\/www.diarioimagen.net\/wp-content\/uploads\/2017\/02\/MORENA-3050-235x132.jpg 235w, https:\/\/www.diarioimagen.net\/wp-content\/uploads\/2017\/02\/MORENA-3050-202x114.jpg 202w, https:\/\/www.diarioimagen.net\/wp-content\/uploads\/2017\/02\/MORENA-3050-350x196.jpg 350w, https:\/\/www.diarioimagen.net\/wp-content\/uploads\/2017\/02\/MORENA-3050-220x123.jpg 220w, https:\/\/www.diarioimagen.net\/wp-content\/uploads\/2017\/02\/MORENA-3050-237x132.jpg 237w, https:\/\/www.diarioimagen.net\/wp-content\/uploads\/2017\/02\/MORENA-3050.jpg 480w\" sizes=\"auto, (max-width: 460px) 100vw, 460px\" \/><\/a><p id=\"caption-attachment-310653\" class=\"wp-caption-text\">La Comisi\u00f3n de Quejas y Denuncias del INE orden\u00f3 bajar del aire dos spots de Delfina G\u00f3mez, precandidata de Morena al gobierno del Estado de M\u00e9xico.<\/p><\/div>\n<p>&nbsp;<\/p>\n<p>El Instituto Nacional Electoral (INE) orden\u00f3 suspender dos spots de Delfina G\u00f3mez \u00c1lvarez, precandidata de Morena al gobierno del Estado de M\u00e9xico, porque en uno promete duplicar la pensi\u00f3n para adultos mayores, lo que excede los contenidos destinados para esta etapa electoral.<\/p>\n<p>Por decisi\u00f3n un\u00e1nime, la Comisi\u00f3n de Quejas y Denuncias del instituto, decidi\u00f3 retirar de radio y televisi\u00f3n este promocional, donde el dirigente de Morena, Andr\u00e9s Manuel L\u00f3pez, Obrador anuncia: \u201cCuando triunfe Morena, con nuestra precandidata la maestra Delfina se va a aumentar la pensi\u00f3n al doble\u201d.<\/p>\n<p>En relaci\u00f3n con el segundo, denominado Precandidata Edomex, en su versi\u00f3n para radio, pautados por el partido Morena en el Estado de M\u00e9xico, se decidi\u00f3 cancelar su transmisi\u00f3n por un supuesto uso indebido de la pauta.<\/p>\n<p>La raz\u00f3n fue que no contiene referencia auditiva que precise la calidad de G\u00f3mez \u00c1lvarez como precandidata del partido Morena al gobierno del Estado de M\u00e9xico, por lo que no se cumplen los requisitos legales exigidos para la propaganda de precampa\u00f1a.<\/p>\n<p>&nbsp;<\/p>\n","protected":false},"excerpt":{"rendered":"<p>El Instituto Nacional Electoral (INE) orden\u00f3 suspender dos spots de Delfina G\u00f3mez \u00c1lvarez, precandidata de Morena al gobierno del Estado de M\u00e9xico, porque en uno promete duplicar la pensi\u00f3n para adultos mayores, lo que excede los contenidos destinados para esta etapa electoral.<\/p>\n","protected":false},"author":3,"featured_media":310653,"comment_status":"open","ping_status":"open","sticky":false,"template":"","format":"standard","meta":{"_monsterinsights_skip_tracking":false,"_monsterinsights_sitenote_active":false,"_monsterinsights_sitenote_note":"","_monsterinsights_sitenote_category":0,"footnotes":""},"categories":[35155],"tags":[57859,43675,57247,20663],"class_list":["post-310562","post","type-post","status-publish","format-standard","has-post-thumbnail","hentry","category-estado-de-mexico-estado-de-mexico","tag-delfina-gomez-alvarez","tag-estado-de-mexico","tag-gubernatura","tag-morena"],"_links":{"self":[{"href":"https:\/\/www.diarioimagen.net\/index.php?rest_route=\/wp\/v2\/posts\/310562","targetHints":{"allow":["GET"]}}],"collection":[{"href":"https:\/\/www.diarioimagen.net\/index.php?rest_route=\/wp\/v2\/posts"}],"about":[{"href":"https:\/\/www.diarioimagen.net\/index.php?rest_route=\/wp\/v2\/types\/post"}],"author":[{"embeddable":true,"href":"https:\/\/www.diarioimagen.net\/index.php?rest_route=\/wp\/v2\/users\/3"}],"replies":[{"embeddable":true,"href":"https:\/\/www.diarioimagen.net\/index.php?rest_route=%2Fwp%2Fv2%2Fcomments&post=310562"}],"version-history":[{"count":0,"href":"https:\/\/www.diarioimagen.net\/index.php?rest_route=\/wp\/v2\/posts\/310562\/revisions"}],"wp:featuredmedia":[{"embeddable":true,"href":"https:\/\/www.diarioimagen.net\/index.php?rest_route=\/wp\/v2\/media\/310653"}],"wp:attachment":[{"href":"https:\/\/www.diarioimagen.net\/index.php?rest_route=%2Fwp%2Fv2%2Fmedia&parent=310562"}],"wp:term":[{"taxonomy":"category","embeddable":true,"href":"https:\/\/www.diarioimagen.net\/index.php?rest_route=%2Fwp%2Fv2%2Fcategories&post=310562"},{"taxonomy":"post_tag","embeddable":true,"href":"https:\/\/www.diarioimagen.net\/index.php?rest_route=%2Fwp%2Fv2%2Ftags&post=310562"}],"curies":[{"name":"wp","href":"https:\/\/api.w.org\/{rel}","templated":true}]}}