{"id":310569,"date":"2017-02-03T00:03:32","date_gmt":"2017-02-03T06:03:32","guid":{"rendered":"http:\/\/www.diarioimagen.net\/?p=310569"},"modified":"2017-02-03T02:46:05","modified_gmt":"2017-02-03T08:46:05","slug":"empresa-editorial-apoya-labor-del-dif-naucalpan-dona-de-2-vehiculos","status":"publish","type":"post","link":"https:\/\/www.diarioimagen.net\/?p=310569","title":{"rendered":"Empresa editorial apoya labor del DIF Naucalpan; dona de 2 veh\u00edculos"},"content":{"rendered":"<ul>\n<li><strong><em>En favor de la poblaci\u00f3n vulnerable<\/em><\/strong><\/li>\n<\/ul>\n<p>&nbsp;<\/p>\n<div id=\"attachment_310662\" style=\"width: 470px\" class=\"wp-caption aligncenter\"><a href=\"http:\/\/www.diarioimagen.net\/?attachment_id=310662\" rel=\"attachment wp-att-310662\"><img loading=\"lazy\" decoding=\"async\" aria-describedby=\"caption-attachment-310662\" class=\"size-large wp-image-310662\" src=\"http:\/\/www.diarioimagen.net\/wp-content\/uploads\/2017\/02\/NAUCALPAN-3050-460x259.jpg\" alt=\"\" width=\"460\" height=\"259\" srcset=\"https:\/\/www.diarioimagen.net\/wp-content\/uploads\/2017\/02\/NAUCALPAN-3050-460x259.jpg 460w, https:\/\/www.diarioimagen.net\/wp-content\/uploads\/2017\/02\/NAUCALPAN-3050-240x135.jpg 240w, https:\/\/www.diarioimagen.net\/wp-content\/uploads\/2017\/02\/NAUCALPAN-3050-235x132.jpg 235w, https:\/\/www.diarioimagen.net\/wp-content\/uploads\/2017\/02\/NAUCALPAN-3050-202x114.jpg 202w, https:\/\/www.diarioimagen.net\/wp-content\/uploads\/2017\/02\/NAUCALPAN-3050-350x196.jpg 350w, https:\/\/www.diarioimagen.net\/wp-content\/uploads\/2017\/02\/NAUCALPAN-3050-220x123.jpg 220w, https:\/\/www.diarioimagen.net\/wp-content\/uploads\/2017\/02\/NAUCALPAN-3050-237x132.jpg 237w, https:\/\/www.diarioimagen.net\/wp-content\/uploads\/2017\/02\/NAUCALPAN-3050.jpg 480w\" sizes=\"auto, (max-width: 460px) 100vw, 460px\" \/><\/a><p id=\"caption-attachment-310662\" class=\"wp-caption-text\">El DIF municipal agradeci\u00f3 la donaci\u00f3n, mediante la cual se reforzar\u00e1n las tareas que realiza en favor de la poblaci\u00f3n vulnerable del municipio,<\/p><\/div>\n<p>&nbsp;<\/p>\n<p><strong>Naucalpan, Estado de M\u00e9xico<\/strong>.- Con el prop\u00f3sito de contribuir y apoyar las acciones en favor de la poblaci\u00f3n vulnerable de la demarcaci\u00f3n, la empresa M\u00e9ndez Cort\u00e9s Editores, don\u00f3 al Sistema Municipal para el Desarrollo Integral de la Familia, DIF de Naucalpan, dos veh\u00edculos seminuevos, con un valor total de 250 mil pesos.<\/p>\n<p>Francisco M\u00e9ndez Guti\u00e9rrez, director Corporativo de la empresa; David Toledo Maya, director general; Gerardo Galv\u00e1n Acosta, gerente comercial; Mar\u00eda de los \u00c1ngeles Rangel L\u00f3pez, promotora Educativa, acudieron a las instalaciones del DIF 5 de Mayo, a entregar los veh\u00edculos Avanza 2011 y un Aveo 2015, con la respectiva documentaci\u00f3n en regla.<\/p>\n<p>Los representantes de la empresa expresaron su total confianza en el buen uso de las unidades, ya que durante la presente administraci\u00f3n, el DIF Naucalpan ha demostrado transparencia en el manejo de sus recursos y un aut\u00e9ntico compromiso con la ciudadan\u00eda.<\/p>\n<p>Por su parte, el DIF municipal agradeci\u00f3 la donaci\u00f3n, mediante la cual se reforzar\u00e1n las tareas que realiza en favor de la poblaci\u00f3n vulnerable del municipio, as\u00ed como de ni\u00f1as y ni\u00f1os, adolescentes, adultos mayores y familias en general.<\/p>\n<p>Estas unidades fortalecer\u00e1n el parque vehicular del DIF Naucalpan y fueron canalizadas al \u00e1rea de Asistencia Educativa, que atiende a tres mil menores de 22 jardines de ni\u00f1os y 6 estancias infantiles.<\/p>\n<p>La entrega se realiz\u00f3 en presencia de personal de la Contralor\u00eda Interna, Procuraci\u00f3n de Fondos y del \u00e1rea Jur\u00eddica, a efecto de elaborar la documentaci\u00f3n correspondiente, adem\u00e1s de darle legalidad y transparencia a la donaci\u00f3n.<\/p>\n<p>&nbsp;<\/p>\n","protected":false},"excerpt":{"rendered":"<p>Con el prop\u00f3sito de contribuir y apoyar las acciones en favor de la poblaci\u00f3n vulnerable de la demarcaci\u00f3n, la empresa M\u00e9ndez Cort\u00e9s Editores, don\u00f3 al Sistema Municipal para el Desarrollo Integral de la Familia, DIF de Naucalpan, dos veh\u00edculos seminuevos, con un valor total de 250 mil pesos.<\/p>\n","protected":false},"author":3,"featured_media":310662,"comment_status":"open","ping_status":"open","sticky":false,"template":"","format":"standard","meta":{"_monsterinsights_skip_tracking":false,"_monsterinsights_sitenote_active":false,"_monsterinsights_sitenote_note":"","_monsterinsights_sitenote_category":0,"footnotes":""},"categories":[35155],"tags":[2954,43675,37920,970,13043],"class_list":["post-310569","post","type-post","status-publish","format-standard","has-post-thumbnail","hentry","category-estado-de-mexico-estado-de-mexico","tag-dif","tag-estado-de-mexico","tag-labor","tag-naucalpan","tag-vehiculos"],"_links":{"self":[{"href":"https:\/\/www.diarioimagen.net\/index.php?rest_route=\/wp\/v2\/posts\/310569","targetHints":{"allow":["GET"]}}],"collection":[{"href":"https:\/\/www.diarioimagen.net\/index.php?rest_route=\/wp\/v2\/posts"}],"about":[{"href":"https:\/\/www.diarioimagen.net\/index.php?rest_route=\/wp\/v2\/types\/post"}],"author":[{"embeddable":true,"href":"https:\/\/www.diarioimagen.net\/index.php?rest_route=\/wp\/v2\/users\/3"}],"replies":[{"embeddable":true,"href":"https:\/\/www.diarioimagen.net\/index.php?rest_route=%2Fwp%2Fv2%2Fcomments&post=310569"}],"version-history":[{"count":0,"href":"https:\/\/www.diarioimagen.net\/index.php?rest_route=\/wp\/v2\/posts\/310569\/revisions"}],"wp:featuredmedia":[{"embeddable":true,"href":"https:\/\/www.diarioimagen.net\/index.php?rest_route=\/wp\/v2\/media\/310662"}],"wp:attachment":[{"href":"https:\/\/www.diarioimagen.net\/index.php?rest_route=%2Fwp%2Fv2%2Fmedia&parent=310569"}],"wp:term":[{"taxonomy":"category","embeddable":true,"href":"https:\/\/www.diarioimagen.net\/index.php?rest_route=%2Fwp%2Fv2%2Fcategories&post=310569"},{"taxonomy":"post_tag","embeddable":true,"href":"https:\/\/www.diarioimagen.net\/index.php?rest_route=%2Fwp%2Fv2%2Ftags&post=310569"}],"curies":[{"name":"wp","href":"https:\/\/api.w.org\/{rel}","templated":true}]}}