{"id":310586,"date":"2017-02-03T00:08:25","date_gmt":"2017-02-03T06:08:25","guid":{"rendered":"http:\/\/www.diarioimagen.net\/?p=310586"},"modified":"2017-02-03T02:57:22","modified_gmt":"2017-02-03T08:57:22","slug":"viacrucis-del-periodismo","status":"publish","type":"post","link":"https:\/\/www.diarioimagen.net\/?p=310586","title":{"rendered":"Viacrucis del periodismo"},"content":{"rendered":"<h2>Punto por punto<\/h2>\n<h5>Augusto Corro<\/h5>\n<p>&nbsp;<\/p>\n<div id=\"attachment_310675\" style=\"width: 470px\" class=\"wp-caption aligncenter\"><a href=\"http:\/\/www.diarioimagen.net\/?attachment_id=310675\" rel=\"attachment wp-att-310675\"><img loading=\"lazy\" decoding=\"async\" aria-describedby=\"caption-attachment-310675\" class=\"size-large wp-image-310675\" src=\"http:\/\/www.diarioimagen.net\/wp-content\/uploads\/2017\/02\/ahuyentando-LUIS-XAVIER-3050-460x305.jpg\" alt=\"\" width=\"460\" height=\"305\" srcset=\"https:\/\/www.diarioimagen.net\/wp-content\/uploads\/2017\/02\/ahuyentando-LUIS-XAVIER-3050-460x305.jpg 460w, https:\/\/www.diarioimagen.net\/wp-content\/uploads\/2017\/02\/ahuyentando-LUIS-XAVIER-3050-240x159.jpg 240w, https:\/\/www.diarioimagen.net\/wp-content\/uploads\/2017\/02\/ahuyentando-LUIS-XAVIER-3050-768x509.jpg 768w, https:\/\/www.diarioimagen.net\/wp-content\/uploads\/2017\/02\/ahuyentando-LUIS-XAVIER-3050.jpg 1200w\" sizes=\"auto, (max-width: 460px) 100vw, 460px\" \/><\/a><p id=\"caption-attachment-310675\" class=\"wp-caption-text\">Ahuyentando&#8230; | Luis Xavier<\/p><\/div>\n<p>&nbsp;<\/p>\n<p>Con el auge de la delincuencia organizada en nuestro pa\u00eds, los periodistas y los medios de informaci\u00f3n reciben agresiones mortales y da\u00f1os en sus instalaciones o amenazas que obligan a cancelar su circulaci\u00f3n, como ocurre con los peri\u00f3dicos impresos, sin ninguna posibilidad de castigar a los criminales.<\/p>\n<p>Tratamos el tema de los ataques a los comunicadores, porque el domingo y lunes pasados, en Nuevo Laredo, Tamaulipas, no sali\u00f3 a la calle el diario \u201cEl Ma\u00f1ana\u201d, debido a los ataques y amenazas contra sus empleados por parte de los grupos delincuenciales.\u00a0 Seg\u00fan se dijo, hombres armados golpearon a tres empleados.<\/p>\n<p>La historia de los ataques a los periodistas o medios de informaci\u00f3n se repite constantemente. El citado diario ya sufri\u00f3 atentados y amenazas. En el pasado marzo de 2004, su director, Roberto Mora, fue asesinado y\u00a0 el caso qued\u00f3 en el olvido. Despu\u00e9s, las propias instalaciones del diario fueron da\u00f1adas con granadas y armas de fuego.<\/p>\n<p>El problema de \u201cEl Ma\u00f1ana\u201d se repite en diferentes sitios de nuestro pa\u00eds, donde imperan los c\u00e1rteles de la droga. Se trata de ciudades o pueblos convertidos en tierras sin ley, en los que los caciques deciden sobre el destino de los representantes de los medios que se atreven a decir la verdad.<\/p>\n<p>La pr\u00e1ctica del periodismo en esos sitios equivale a firmar la sentencia de muerte. Los comunicadores adem\u00e1s de vivir amenazados, tienen que extremar su protecci\u00f3n f\u00edsica. Se da el caso que ante la posibilidad de sufrir un atentado se vean obligados a usar chalecos antibalas.<\/p>\n<p>En otros casos, cuando las noticias son importantes, los reporteros evitan firmar sus notas o deciden irse por el camino de la autocensura por temor a las represalias.\u00a0 En algunas regiones de M\u00e9xico, los periodistas tienen los mismos problemas que aquellos donde existen conflictos b\u00e9licos.<\/p>\n<p>Las agresiones a los periodistas no son castigadas.\u00a0 Casi el 100 por ciento de los cr\u00edmenes quedan en la impunidad. En estados como Veracruz, aument\u00f3 el n\u00famero de periodistas asesinados y ninguna autoridad fue capaz de detener a los criminales. En el \u00faltimo sexenio, 19 representantes de los medios informativos fueron privados de la vida.<\/p>\n<p>Con los asesinatos de 11 comunicadores en 2016, M\u00e9xico ocup\u00f3 el tercer lugar como uno de los pa\u00edses m\u00e1s peligrosos para ejercer el periodismo. Las diferentes oficinas gubernamentales y los grupos de derechos humanos no tienen el poder suficiente para atender las demandas de apoyo o auxilio a\u00a0 los periodistas.<\/p>\n<p>Lo que ocurre con el diario \u201cEl Ma\u00f1ana\u201d debe ser investigado por las autoridades, con el prop\u00f3sito de salvaguardar la libertad de expresi\u00f3n y proteger a las personas que se dedican a la pr\u00e1ctica del periodismo. No es f\u00e1cil y menos en un estado como Tamaulipas, donde crece la espiral de violencia, pero es necesario empezar a aplicar la ley, a poner orden.<\/p>\n<p style=\"text-align: center;\"><strong>RODRIGO MEDINA Y SU FOTO<\/strong><\/p>\n<p>Parece que al gobernador independiente de Nuevo Le\u00f3n, Jaime Rodr\u00edguez Calder\u00f3n \u201cEl Bronco\u201d, no cumplir\u00e1 sus promesas de campa\u00f1a, como aquella de encarcelar a su antecesor en el cargo, el ex mandatario pri\u00edsta Rodrigo Medina.<\/p>\n<p>Resulta que el ex funcionario fue aprehendido y llevado a la c\u00e1rcel de Topo Chico, donde estuvo varias horas. Fue fichado por las autoridades como cualquier delincuente y su fotograf\u00eda de reo se public\u00f3 en diferentes medios de comunicaci\u00f3n.<\/p>\n<p>Se supon\u00eda que Rodrigo Medina iba a llevar su proceso penal desde la prisi\u00f3n, pero no fue as\u00ed. El juez orden\u00f3 su libertad y ahora el ex prisionero se quej\u00f3 ante las autoridades federales, porque seg\u00fan \u00e9l se viol\u00f3 la ley y su fotograf\u00eda no debi\u00f3 ser entregada a los periodistas.<\/p>\n<p>El hecho es que Rodrigo Medina es campe\u00f3n de los amparos, que le permiten burlar a la justicia a cada rato. \u201cEl Bronco\u201d prometi\u00f3 encarcelarlo una vez que asumiera el poder, pero el tiempo transcurre y el mandatario acusado de una cadena de delitos, entre otros el de enriquecimiento inexplicable, dice que es inocente y que es v\u00edctima de una persecuci\u00f3n pol\u00edtica.<\/p>\n<p>El saqueo de los tesoros p\u00fablicos en los estados es ya algo com\u00fan. Ayer publicamos en este espacio el caso del Rafael Moreno Valle, el ex gobernador de Puebla que dej\u00f3 endeudado a su estado.<\/p>\n<p>Lo mismo sucedi\u00f3 con Gabino Cu\u00e9 en Oaxaca; Mario L\u00f3pez Valdez, Sinaloa; Javier Duarte, en Veracruz; C\u00e9sar Duarte, en Chihuahua, etc..<\/p>\n<p style=\"text-align: right;\"><em><strong>Feliz fin de semana.<\/strong><\/em><\/p>\n<p><em><a href=\"mailto:aco2742@hotmail.com\" target=\"_blank\">aco2742@hotmail.com<\/a><\/em><\/p>\n","protected":false},"excerpt":{"rendered":"<p><span style=\"color: #005497;\"><strong>Augusto Corro<\/strong><\/span><br \/>\n<br \/>\nCon el auge de la delincuencia organizada en nuestro pa\u00eds, los periodistas y los medios de informaci\u00f3n reciben agresiones mortales y da\u00f1os en sus instalaciones o amenazas que obligan a cancelar su circulaci\u00f3n, como ocurre con los peri\u00f3dicos impresos, sin ninguna posibilidad de castigar a los criminales.<\/p>\n","protected":false},"author":3,"featured_media":310675,"comment_status":"open","ping_status":"open","sticky":false,"template":"","format":"standard","meta":{"_monsterinsights_skip_tracking":false,"_monsterinsights_sitenote_active":false,"_monsterinsights_sitenote_note":"","_monsterinsights_sitenote_category":0,"footnotes":""},"categories":[157],"tags":[43686,43674,11515],"class_list":["post-310586","post","type-post","status-publish","format-standard","has-post-thumbnail","hentry","category-augusto-corro","tag-augusto-corro","tag-opinion","tag-punto-por-punto"],"_links":{"self":[{"href":"https:\/\/www.diarioimagen.net\/index.php?rest_route=\/wp\/v2\/posts\/310586","targetHints":{"allow":["GET"]}}],"collection":[{"href":"https:\/\/www.diarioimagen.net\/index.php?rest_route=\/wp\/v2\/posts"}],"about":[{"href":"https:\/\/www.diarioimagen.net\/index.php?rest_route=\/wp\/v2\/types\/post"}],"author":[{"embeddable":true,"href":"https:\/\/www.diarioimagen.net\/index.php?rest_route=\/wp\/v2\/users\/3"}],"replies":[{"embeddable":true,"href":"https:\/\/www.diarioimagen.net\/index.php?rest_route=%2Fwp%2Fv2%2Fcomments&post=310586"}],"version-history":[{"count":0,"href":"https:\/\/www.diarioimagen.net\/index.php?rest_route=\/wp\/v2\/posts\/310586\/revisions"}],"wp:featuredmedia":[{"embeddable":true,"href":"https:\/\/www.diarioimagen.net\/index.php?rest_route=\/wp\/v2\/media\/310675"}],"wp:attachment":[{"href":"https:\/\/www.diarioimagen.net\/index.php?rest_route=%2Fwp%2Fv2%2Fmedia&parent=310586"}],"wp:term":[{"taxonomy":"category","embeddable":true,"href":"https:\/\/www.diarioimagen.net\/index.php?rest_route=%2Fwp%2Fv2%2Fcategories&post=310586"},{"taxonomy":"post_tag","embeddable":true,"href":"https:\/\/www.diarioimagen.net\/index.php?rest_route=%2Fwp%2Fv2%2Ftags&post=310586"}],"curies":[{"name":"wp","href":"https:\/\/api.w.org\/{rel}","templated":true}]}}