{"id":310589,"date":"2017-02-03T00:07:58","date_gmt":"2017-02-03T06:07:58","guid":{"rendered":"http:\/\/www.diarioimagen.net\/?p=310589"},"modified":"2017-02-03T01:34:08","modified_gmt":"2017-02-03T07:34:08","slug":"villa-tugendhat-ocho-anos-de-modernidad","status":"publish","type":"post","link":"https:\/\/www.diarioimagen.net\/?p=310589","title":{"rendered":"Villa Tugendhat, ocho a\u00f1os de modernidad"},"content":{"rendered":"<h2>Detr\u00e1s del Poder<\/h2>\n<h5>Jos\u00e9 Antonio L\u00f3pez Sosa<\/h5>\n<p>&nbsp;<\/p>\n<p><strong>Brno, Rep\u00fablica Chica<\/strong>.- Entre las colinas de Brno, la segunda ciudad m\u00e1s poblada de la Rep\u00fablica Checa, se ubica una casa que pareciera normal en nuestros d\u00edas, muy grande con enormes ventanales. A simple vista pareciera no valer la pena como sitio de visita y menos a\u00fan, como un patrimonio arquitect\u00f3nico para la humanidad.<\/p>\n<p>Como suele suceder en la Rep\u00fablica Checa, la historia y sus vestigios vivos nos cambian la perspectiva de las cosas. Fritz Tugendhat y su esposa Greta, jud\u00edos checo- alemanes, dispusieron la construcci\u00f3n de una gran casa con un presupuesto casi ilimitado, regalado por el padre de Greta. As\u00ed pidieron al arquitecto alem\u00e1n Ludwig Mies van der Rohe que creara algo innovador con el sentido de libertad que caracterizaba sus obras.<\/p>\n<p>Us\u00f3 la t\u00e9cnica de la estructura de acero, tal como lo hizo para presentar el pabell\u00f3n alem\u00e1n en la exposici\u00f3n universal de Barcelona en 1929. Entre ese mismo a\u00f1o y 1930 concluye la casa, le llaman funcionalismo a su corriente.<\/p>\n<p>Cuando la \u00e9poca dictaba casas muy ostentosas con adornos exagerados por momentos, as\u00ed como una ostentaci\u00f3n de lujos y riqueza en las familias pudientes, esta casa innov\u00f3 creando espacios abiertos, paredes limpias y grandes ventanales con un sistema automatizado para la \u00e9poca, de calefacci\u00f3n y enfriamiento de la casa, as\u00ed como una optimizaci\u00f3n de los espacios con columnas casi imperceptibles de acero.<\/p>\n<p>Al caminar por la casa, escuchar las explicaciones de cada muro y cada sistema, pareciera ser algo normal en la d\u00e9cada de los setenta u ochenta del siglo pasado, pero al ubicarnos en el tiempo y el espacio en los a\u00f1os treinta se concibe la transcendencia hist\u00f3rica para un elemento b\u00e1sico en la vida del ser humano: la casa. Solemos pensar en monumentos, palacios y obras arquitect\u00f3nicas colosales que marcan la historia de una ciudad, una monarqu\u00eda o una Rep\u00fablica, pero rara vez nos detenemos a descubrir la evoluci\u00f3n de las viviendas, ese lugar de confianza donde nacen familias, ideas, miedos, mitos y leyendas de cada hombre o mujer.<\/p>\n<p>Luego de recorrer los distintos niveles, desde la entrada principal hasta los cuartos subterr\u00e1neos de lavado, calentamiento y enfriamiento de aire, se logra entender un poco la visi\u00f3n que Mies van der Rohe tuvo con relaci\u00f3n a la vida, no s\u00f3lo a su oficio, la arquitectura.<\/p>\n<p>La parte incomprensible es que, la familia Tugendhat s\u00f3lo vivi\u00f3 ocho a\u00f1os en la casa, tras la invasi\u00f3n Nazi en 1938 por su origen jud\u00edo, tuvieron que emigrar primero a Suiza y finalmente a Caracas, Venezuela.<\/p>\n<p>La casa fue de todo despu\u00e9s, cuartel militar de los nazis, lugar de almacenamiento de armas, caballerizas, en fin, pr\u00e1cticamente destrozaron el lugar. El gobierno comunista checoslovaco lo us\u00f3 como espacio para la administraci\u00f3n p\u00fablica y finalmente, luego de la revoluci\u00f3n de terciopelo, pudo proyectarse su reconstrucci\u00f3n y estar como hasta hoy, con las puertas abiertas para que quienes visitan Brno puedan recorrerla y ser testigos de la historia evolutiva de algo tan simple y tan complejo como una vivienda.<\/p>\n<p>S\u00f3lo ocho a\u00f1os de modernidad vivi\u00f3 la familia Tugendhat, los otros 79 a\u00f1os nos siguen ense\u00f1ando al resto del mundo la visi\u00f3n funcionalista de la arquitectura.<\/p>\n<p><em><a href=\"http:\/\/www.lopezsosa.com\" target=\"_blank\">www.lopezsosa.com<\/a><\/em><br \/>\n<em><a href=\"mailto:joseantonio@lopezsosa.com\" target=\"_blank\">joseantonio@lopezsosa.com<\/a><\/em><br \/>\n<em><a href=\"http:\/\/twitter.com\/joseantonio1977\" target=\"_blank\">@joseantonio1977<\/a><\/em><strong><br \/>\n<\/strong><\/p>\n","protected":false},"excerpt":{"rendered":"<p><span style=\"color: #005497;\"><strong>Jos\u00e9 Antonio L\u00f3pez Sosa<\/strong><\/span><\/p>\n","protected":false},"author":3,"featured_media":0,"comment_status":"open","ping_status":"open","sticky":false,"template":"","format":"standard","meta":{"_monsterinsights_skip_tracking":false,"_monsterinsights_sitenote_active":false,"_monsterinsights_sitenote_note":"","_monsterinsights_sitenote_category":0,"footnotes":""},"categories":[637],"tags":[43674],"class_list":["post-310589","post","type-post","status-publish","format-standard","hentry","category-jose-antonio-lopez-sosa","tag-opinion"],"_links":{"self":[{"href":"https:\/\/www.diarioimagen.net\/index.php?rest_route=\/wp\/v2\/posts\/310589","targetHints":{"allow":["GET"]}}],"collection":[{"href":"https:\/\/www.diarioimagen.net\/index.php?rest_route=\/wp\/v2\/posts"}],"about":[{"href":"https:\/\/www.diarioimagen.net\/index.php?rest_route=\/wp\/v2\/types\/post"}],"author":[{"embeddable":true,"href":"https:\/\/www.diarioimagen.net\/index.php?rest_route=\/wp\/v2\/users\/3"}],"replies":[{"embeddable":true,"href":"https:\/\/www.diarioimagen.net\/index.php?rest_route=%2Fwp%2Fv2%2Fcomments&post=310589"}],"version-history":[{"count":0,"href":"https:\/\/www.diarioimagen.net\/index.php?rest_route=\/wp\/v2\/posts\/310589\/revisions"}],"wp:attachment":[{"href":"https:\/\/www.diarioimagen.net\/index.php?rest_route=%2Fwp%2Fv2%2Fmedia&parent=310589"}],"wp:term":[{"taxonomy":"category","embeddable":true,"href":"https:\/\/www.diarioimagen.net\/index.php?rest_route=%2Fwp%2Fv2%2Fcategories&post=310589"},{"taxonomy":"post_tag","embeddable":true,"href":"https:\/\/www.diarioimagen.net\/index.php?rest_route=%2Fwp%2Fv2%2Ftags&post=310589"}],"curies":[{"name":"wp","href":"https:\/\/api.w.org\/{rel}","templated":true}]}}