{"id":310592,"date":"2017-02-03T00:06:22","date_gmt":"2017-02-03T06:06:22","guid":{"rendered":"http:\/\/www.diarioimagen.net\/?p=310592"},"modified":"2017-02-03T01:36:20","modified_gmt":"2017-02-03T07:36:20","slug":"constitucion-cdmx-para-mejorar-la-vida-de-los-capitalinos","status":"publish","type":"post","link":"https:\/\/www.diarioimagen.net\/?p=310592","title":{"rendered":"Constituci\u00f3n CDMX para mejorar la vida de los capitalinos"},"content":{"rendered":"<h2>Consensos y disensos<\/h2>\n<h5>Mario San Mart\u00ed<\/h5>\n<p>&nbsp;<\/p>\n<ul>\n<li><strong><em>Instrumento jur\u00eddico progresista, de avanzada e incluyente<\/em><\/strong><\/li>\n<\/ul>\n<p>&nbsp;<\/p>\n<p>Qued\u00f3 lista la Constituci\u00f3n de la Ciudad de M\u00e9xico, los habitantes de la capital de la Rep\u00fablica tendr\u00e1n un regalo especial en el marco de la conmemoraci\u00f3n de los cien a\u00f1os de la Constituci\u00f3n de 1917, el pr\u00f3ximo domingo 5 de febrero se promulgar\u00e1 el documento que a partir de 2018 regir\u00e1 la vida pol\u00edtica de la entidad federativa n\u00famero 32.<\/p>\n<p>La Asamblea Constituyente concluy\u00f3 \u00a0su redacci\u00f3n en tiempo y forma, con lo que se modifican diversos art\u00edculos de la Carta Magna para transformar al Distrito Federal en la Ciudad de M\u00e9xico, sin que \u00e9sta deje de ser sede de los Poderes de la Uni\u00f3n y la capital de los Estados Unidos Mexicanos.<\/p>\n<p>Tal como se mandat\u00f3 en la reforma pol\u00edtica que modific\u00f3 el art\u00edculo 122 constitucional, la \u00a0Constituci\u00f3n\u00a0Pol\u00edtica de la Ciudad de M\u00e9xico fue aprobada en su totalidad por los cien diputados constituyentes luego de cinco meses de trabajos en su revisi\u00f3n y discusi\u00f3n.<\/p>\n<p>Como recordamos, el viernes 29 de enero de 2016 el presidente Enrique Pe\u00f1a Nieto firm\u00f3 el decreto por el cual se crea la Entidad Federal n\u00famero 32 del pa\u00eds, precisando que adoptar\u00e1 la forma de gobierno republicana, representativa, democr\u00e1tica y laica.<\/p>\n<p>En consecuencia, se facult\u00f3 a la Ciudad de M\u00e9xico para expedir su propia Constituci\u00f3n Pol\u00edtica, \u201cla cual deber\u00e1 ser aprobada por una Asamblea Constituyente antes del 31 de enero del 2017\u201d.<\/p>\n<p>En esos t\u00e9rminos, el Constituyente establecido para el caso dio a conocer que la madrugada del pasado lunes concluyeron los trabajos de redacci\u00f3n de la primera Constituci\u00f3n de la Ciudad de M\u00e9xico, defini\u00e9ndola como un instrumento jur\u00eddico de avanzada, incluyente y progresista a favor de los capitalinos.<\/p>\n<p>Entre otros temas relevantes, algunos de los puntos\u00a0que integran la primera constituci\u00f3n del siglo XXI tienen que ver con: Eliminaci\u00f3n del fuero a servidores p\u00fablicos; derecho a una muerte digna; uso medicinal de la marihuana; reconocimiento a familias diversas; derechos sexuales y reproductivos; defensa de los derechos humanos; Ciudad Segura; Sistema Anticorrupci\u00f3n; revocaci\u00f3n de mandato; buena administraci\u00f3n p\u00fablica y derecho a la informaci\u00f3n; educaci\u00f3n ambiental obligatoria en los sistemas educativos; y la protecci\u00f3n a los animales, por citar algunos.<\/p>\n<p>Cabe precisar que la Constituci\u00f3n Pol\u00edtica de la Ciudad de M\u00e9xico entrar\u00e1 en vigor el 17 de septiembre de 2018, en tanto que las normas que inciden con el funcionamiento del poder Ejecutivo local deber\u00e1n estar listas el 5 de diciembre de 2018 y las del poder judicial el 1 de junio del 2019.<\/p>\n<p>En cuanto a los ordenamientos en materia electoral, seg\u00fan los art\u00edculos transitorios, estos entrar\u00e1n en vigencia para los comicios siguientes.<\/p>\n<p>En ese contexto, vale recordar lo que en este espacio registramos en el transcurso del cabildeo para llegar a este momento hist\u00f3rico.<\/p>\n<p>El 27 de enero de 2016, escribimos \u201cSer\u00e1 el pr\u00f3ximo viernes 29 la fecha hist\u00f3rica que quedar\u00e1 inscrita en el calendario c\u00edvico capitalino como el d\u00eda en que la Ciudad de M\u00e9xico volvi\u00f3 a nacer, ese d\u00eda el Presidente de la Rep\u00fablica, Enrique Pe\u00f1a Nieto, promulgar\u00e1 la reforma pol\u00edtica con la cual se elimina oficialmente la denominaci\u00f3n de Distrito Federal para convertirse en Ciudad de M\u00e9xico entidad federativa.<\/p>\n<p>Como recordamos, la referida reforma constitucional se aprob\u00f3 en diciembre (2015) pasado por el Congreso de la Uni\u00f3n, y a principios de este a\u00f1o la mayor\u00eda de las entidades federativas le dieron el visto bueno con su aprobaci\u00f3n, por lo que podemos decir que es una reforma que dar\u00e1 vida a la primera constituci\u00f3n del siglo XXI y \u00e9sta se podr\u00e1 enmarcar en los festejos de la celebraci\u00f3n del centenario de la Carta Magna de 1917.<\/p>\n<p>Pero por qu\u00e9 decimos que la Ciudad de M\u00e9xico vuelve a nacer, pues porque la historia registra que desde su fundaci\u00f3n, en 1325, lo que hoy conoc\u00edamos como Distrito Federal se llam\u00f3 M\u00e9xico Tenochtitl\u00e1n. Luego con la llegada de los espa\u00f1oles, en 1521 el conquistador Hern\u00e1n Cort\u00e9s fund\u00f3 el ayuntamiento de M\u00e9xico.<\/p>\n<p>Desde entonces, hasta 1824, los pobladores de este territorio empezaron a llamarla Ciudad de M\u00e9xico, ciudad que -con la adopci\u00f3n del sistema federalista en nuestro pa\u00eds-, dio paso a la creaci\u00f3n del Distrito Federal, aunque como s\u00edmbolo de identidad y pertenencia sus habitantes siguieron hablando de la Ciudad de M\u00e9xico, algo as\u00ed como Ciudad de M\u00e9xico para los cuates y Distrito Federal para los formalismos y actos protocolarios.<\/p>\n<p>Con las modificaciones en 1824, las reglas no cambiaron mucho.\u00a0 El DF no ten\u00eda una constituci\u00f3n, y el Jefe del Departamento (gobernador) era nombrado por el jefe del Ejecutivo Federal.<\/p>\n<p>En 1928 la Constituci\u00f3n fue reformada nuevamente, se suprimieron los municipios o ayuntamientos, y surgieron las delegaciones pol\u00edticas, pero permanec\u00eda el cargo del Jefe del Departamento, nombrado por el Presidente de la Rep\u00fablica.<\/p>\n<p>En 1988, sesenta a\u00f1os despu\u00e9s, el Distrito Federal dio un giro definitivo en sus aspiraciones democr\u00e1ticas y en lo pol\u00edtico surgi\u00f3 la Asamblea de Representantes del Distrito Federal, que once a\u00f1os despu\u00e9s se constituir\u00eda en Asamblea Legislativa.<\/p>\n<p>En 1997 tambi\u00e9n, los habitantes del DF eligen por primera vez a su Jefe de Gobierno, por un \u00fanico periodo de gobierno de tres a\u00f1os y a partir del 2000 ser\u00edan periodos sexenales, fecha en la que tambi\u00e9n iniciar\u00edan los cargos de elecci\u00f3n para los jefes delegacionales\u201d.<\/p>\n<p>Hasta ah\u00ed nuestra cita. El domingo pr\u00f3ximo seremos testigos del nacimiento formal de la Constituci\u00f3n de la Ciudad de M\u00e9xico, con lo que al igual que el resto de las entidades adquiere autonom\u00eda en todo lo concerniente a su r\u00e9gimen interior, organizaci\u00f3n pol\u00edtica y administrativa. Eso es historia, ojal\u00e1 que en verdad con ella lleguen mejores condiciones de vida para los capitalinos, si no para qu\u00e9. \u00bfO no?<\/p>\n<p><em><a href=\"mailto:mariosanmarti@yahoo.com.mx\" target=\"_blank\">mariosanmarti@yahoo.com.mx<\/a><\/em><\/p>\n","protected":false},"excerpt":{"rendered":"<p><span style=\"color: #005497;\"><strong>Mario San Mart\u00ed<\/strong><\/span><\/p>\n","protected":false},"author":3,"featured_media":0,"comment_status":"open","ping_status":"open","sticky":false,"template":"","format":"standard","meta":{"_monsterinsights_skip_tracking":false,"_monsterinsights_sitenote_active":false,"_monsterinsights_sitenote_note":"","_monsterinsights_sitenote_category":0,"footnotes":""},"categories":[44689],"tags":[45091,45092,43674],"class_list":["post-310592","post","type-post","status-publish","format-standard","hentry","category-mario-san-marti","tag-consensos-y-disensos","tag-mario-san-marti","tag-opinion"],"_links":{"self":[{"href":"https:\/\/www.diarioimagen.net\/index.php?rest_route=\/wp\/v2\/posts\/310592","targetHints":{"allow":["GET"]}}],"collection":[{"href":"https:\/\/www.diarioimagen.net\/index.php?rest_route=\/wp\/v2\/posts"}],"about":[{"href":"https:\/\/www.diarioimagen.net\/index.php?rest_route=\/wp\/v2\/types\/post"}],"author":[{"embeddable":true,"href":"https:\/\/www.diarioimagen.net\/index.php?rest_route=\/wp\/v2\/users\/3"}],"replies":[{"embeddable":true,"href":"https:\/\/www.diarioimagen.net\/index.php?rest_route=%2Fwp%2Fv2%2Fcomments&post=310592"}],"version-history":[{"count":0,"href":"https:\/\/www.diarioimagen.net\/index.php?rest_route=\/wp\/v2\/posts\/310592\/revisions"}],"wp:attachment":[{"href":"https:\/\/www.diarioimagen.net\/index.php?rest_route=%2Fwp%2Fv2%2Fmedia&parent=310592"}],"wp:term":[{"taxonomy":"category","embeddable":true,"href":"https:\/\/www.diarioimagen.net\/index.php?rest_route=%2Fwp%2Fv2%2Fcategories&post=310592"},{"taxonomy":"post_tag","embeddable":true,"href":"https:\/\/www.diarioimagen.net\/index.php?rest_route=%2Fwp%2Fv2%2Ftags&post=310592"}],"curies":[{"name":"wp","href":"https:\/\/api.w.org\/{rel}","templated":true}]}}