{"id":310595,"date":"2017-02-03T00:04:06","date_gmt":"2017-02-03T06:04:06","guid":{"rendered":"http:\/\/www.diarioimagen.net\/?p=310595"},"modified":"2017-02-03T01:39:34","modified_gmt":"2017-02-03T07:39:34","slug":"en-defensa-de-la-soberania","status":"publish","type":"post","link":"https:\/\/www.diarioimagen.net\/?p=310595","title":{"rendered":"En defensa de la soberan\u00eda"},"content":{"rendered":"<h2 style=\"text-align: justify;\">Desde el portal<\/h2>\n<h5 style=\"text-align: justify;\">\u00c1ngel Soriano<\/h5>\n<p>&nbsp;<\/p>\n<p>El presidente Enrique Pe\u00f1a Nieto afirm\u00f3 que durante las negociaciones para actualizar el TLCN se mantendr\u00e1 firme frente a Estados Unidos y Canad\u00e1 en defensa de la soberan\u00eda y los intereses de M\u00e9xico.<\/p>\n<p>\u201cQuiero dejar muy en claro ante ustedes y que no haya duda, es para el Presidente de la Rep\u00fablica, para m\u00ed, es un privilegio, no s\u00f3lo porque me lo mandate la Constituci\u00f3n sino en absoluta convicci\u00f3n defender invariablemente la soberan\u00eda de nuestro pa\u00eds, la dignidad de los mexicanos y los intereses de todo M\u00e9xico, en ello me mantendr\u00e9 inc\u00f3lume, me mantendr\u00e9 invariable en mi posici\u00f3n\u201d.<\/p>\n<p>En la clausura del Consejo Nacional Agropecuario, donde rindi\u00f3 protesta como nuevo dirigente Bosco de la Vega Valladolid, Inform\u00f3 que desde ayer, M\u00e9xico inici\u00f3 un proceso de consulta interna de tres meses para definir el rumbo de la negociaci\u00f3n del TLCAN, y se\u00f1al\u00f3 que nuestro pa\u00eds siempre se ha distinguido ante el mundo por actuar bajo \u201cformas correctas dentro del \u00e1mbito diplom\u00e1tico\u201d siempre en amplio respeto a los otros pa\u00edses y al mismo tiempo exigiendo respeto para con nosotros.<\/p>\n<p>En cualquier acuerdo, en cualquier tratado, en cualquier negociaci\u00f3n, con Estados Unidos o con cualquier otro pa\u00eds del mundo, el Presidente de la Rep\u00fablica estar\u00e1 invariablemente en la defensa de la soberan\u00eda de M\u00e9xico y los intereses de los mexicanos\u201d, extern\u00f3.<\/p>\n<p>M\u00e9xico se ha distinguido siempre por actuar en formas correctas, con amplio respeto a los otros pa\u00edses, y al mismo tiempo exigiendo respeto para con nosotros, no tengan duda\u201d, dijo al informar que M\u00e9xico seguir\u00e1 impulsando una econom\u00eda abierta frente al mundo al diversificar su comercio y hoy con la mira puesta en Europa y otros mercados que se abren como Rusia y Emiratos \u00c1rabes Unidos. \u201cHoy M\u00e9xico dobla su apuesta, M\u00e9xico seguir\u00e1 creyendo en la apertura, en el libre comercio como un pilar que depare desarrollo y prosperidad para los mexicanos\u201d, precis\u00f3.<\/p>\n<p style=\"text-align: center;\"><strong>TURBULENCIAS<br \/>\nPiden a Calzada como negociador<\/strong><\/p>\n<p>El nuevo l\u00edder del CNA, Bosco de la Vega, pidi\u00f3 al presidente Pe\u00f1a Nieto que en el proceso de negociaci\u00f3n del TLCN en el sector agropecuario,\u00a0 el titular de la SAGARPA, Jos\u00e9\u00a0 Calzada Rovirosa encabeza el tema relativo al campo. El queretano a su vez dijo que en estos temas lo que hace fuerte a M\u00e9xico es \u201cprimero nuestros principios, despu\u00e9s nuestros intereses\u201d\u2026 El Gobernador Alejandro Murat Hinojosa recibi\u00f3 este jueves el pliego petitorio de manos del l\u00edder de la Secci\u00f3n 22 de la CNTE, Eloy L\u00f3pez Hern\u00e1ndez, al tiempo de reafirmar con los maestros de Oaxaca la disposici\u00f3n de su administraci\u00f3n para analizar con voluntad pol\u00edtica cada uno de sus planteamientos y atenderlos de conformidad a las facultades y capacidades del gobierno del estado. En Palacio de Gobierno, Murat reiter\u00f3 su compromiso para caminar de la mano con los maestros de nuestro estado en sus leg\u00edtimas demandas, como no se hab\u00eda logrado en el pasado. \u201cMi Gobierno ve en el di\u00e1logo permanente, respetuoso y serio el mejor instrumento para la transformaci\u00f3n que exige el pueblo de Oaxaca, y que el Gobierno al que represento est\u00e1 listo para encabezar\u201d, afirm\u00f3\u2026Durante el desayuno por el D\u00eda de la Candelaria con integrantes del SUTESUAEM y FAAPAUAEM, el rector de la Universidad Aut\u00f3noma del Estado de M\u00e9xico, Jorge Olvera Garc\u00eda, refrend\u00f3 su compromiso con la transparencia y la rendici\u00f3n de cuentas en el ejercicio de los recursos p\u00fablicos y reiter\u00f3 su apoyo a los integrantes de la Caja de Ahorros del Sindicato \u00danico de Trabajadores y Empleados al Servicio de la UAEM\u2026<\/p>\n<p><em><a href=\"http:\/\/www.revista-brecha.com\/\" target=\"_blank\">www.revista-brecha.com<br \/>\n<\/a><a href=\"mailto:asorianodesdelportalo@hotmail.com\" target=\"_blank\">asorianodesdelportalo@hotmail.com<\/a><\/em><\/p>\n","protected":false},"excerpt":{"rendered":"<p><span style=\"color: #005497;\"><strong>\u00c1ngel Soriano<\/strong><\/span><\/p>\n","protected":false},"author":3,"featured_media":0,"comment_status":"open","ping_status":"open","sticky":false,"template":"","format":"standard","meta":{"_monsterinsights_skip_tracking":false,"_monsterinsights_sitenote_active":false,"_monsterinsights_sitenote_note":"","_monsterinsights_sitenote_category":0,"footnotes":""},"categories":[135],"tags":[85,86,43674],"class_list":["post-310595","post","type-post","status-publish","format-standard","hentry","category-angel-soriano-opinion","tag-angel-soriano","tag-desde-el-portal","tag-opinion"],"_links":{"self":[{"href":"https:\/\/www.diarioimagen.net\/index.php?rest_route=\/wp\/v2\/posts\/310595","targetHints":{"allow":["GET"]}}],"collection":[{"href":"https:\/\/www.diarioimagen.net\/index.php?rest_route=\/wp\/v2\/posts"}],"about":[{"href":"https:\/\/www.diarioimagen.net\/index.php?rest_route=\/wp\/v2\/types\/post"}],"author":[{"embeddable":true,"href":"https:\/\/www.diarioimagen.net\/index.php?rest_route=\/wp\/v2\/users\/3"}],"replies":[{"embeddable":true,"href":"https:\/\/www.diarioimagen.net\/index.php?rest_route=%2Fwp%2Fv2%2Fcomments&post=310595"}],"version-history":[{"count":0,"href":"https:\/\/www.diarioimagen.net\/index.php?rest_route=\/wp\/v2\/posts\/310595\/revisions"}],"wp:attachment":[{"href":"https:\/\/www.diarioimagen.net\/index.php?rest_route=%2Fwp%2Fv2%2Fmedia&parent=310595"}],"wp:term":[{"taxonomy":"category","embeddable":true,"href":"https:\/\/www.diarioimagen.net\/index.php?rest_route=%2Fwp%2Fv2%2Fcategories&post=310595"},{"taxonomy":"post_tag","embeddable":true,"href":"https:\/\/www.diarioimagen.net\/index.php?rest_route=%2Fwp%2Fv2%2Ftags&post=310595"}],"curies":[{"name":"wp","href":"https:\/\/api.w.org\/{rel}","templated":true}]}}