{"id":310704,"date":"2017-02-05T17:00:59","date_gmt":"2017-02-05T23:00:59","guid":{"rendered":"http:\/\/www.diarioimagen.net\/?p=310704"},"modified":"2017-02-07T00:52:49","modified_gmt":"2017-02-07T06:52:49","slug":"la-constitucion-representa-la-unidad-del-pueblo-manzur","status":"publish","type":"post","link":"https:\/\/www.diarioimagen.net\/?p=310704","title":{"rendered":"La Constituci\u00f3n representa la unidad del pueblo: Manzur"},"content":{"rendered":"<ul>\n<li><em><strong>La mejor arma para defendernos de los embates extranjeros<\/strong><\/em><\/li>\n<\/ul>\n<p>&nbsp;<\/p>\n<div id=\"attachment_310705\" style=\"width: 470px\" class=\"wp-caption aligncenter\"><a href=\"http:\/\/www.diarioimagen.net\/?attachment_id=310705\" rel=\"attachment wp-att-310705\"><img loading=\"lazy\" decoding=\"async\" aria-describedby=\"caption-attachment-310705\" class=\"size-large wp-image-310705\" src=\"http:\/\/www.diarioimagen.net\/wp-content\/uploads\/2017\/02\/MANZUR6-portal-460x268.jpg\" alt=\"\" width=\"460\" height=\"268\" srcset=\"https:\/\/www.diarioimagen.net\/wp-content\/uploads\/2017\/02\/MANZUR6-portal-460x268.jpg 460w, https:\/\/www.diarioimagen.net\/wp-content\/uploads\/2017\/02\/MANZUR6-portal-240x140.jpg 240w, https:\/\/www.diarioimagen.net\/wp-content\/uploads\/2017\/02\/MANZUR6-portal.jpg 480w\" sizes=\"auto, (max-width: 460px) 100vw, 460px\" \/><\/a><p id=\"caption-attachment-310705\" class=\"wp-caption-text\">Jos\u00e9 Manzur, secretario General de Gobierno, encabez\u00f3 en representaci\u00f3n del gobernador Eruviel \u00c1vila, el aniversario 160 y 100 de la promulgaci\u00f3n de las Constituciones Federales de 1857 y 1917.<\/p><\/div>\n<p>&nbsp;<\/p>\n<p><strong>Toluca, Estado de M\u00e9xico<\/strong>.- El secretario General de Gobierno Jos\u00e9 Manzur, encabez\u00f3 en representaci\u00f3n del gobernador Eruviel \u00c1vila, el aniversario 160 y 100 de la promulgaci\u00f3n de las Constituciones Federales de 1857 y 1917, respectivamente, donde afirm\u00f3 que la mejor arma para defendernos de los embates extranjeros es la unidad nacional que representa la Carta Magna, y que el pueblo mexicano noble y heroico sabr\u00e1, como lo hizo en ese tiempo, defender su dignidad y hacer valer su soberan\u00eda.<\/p>\n<p>En el Sal\u00f3n del Pueblo del Poder Ejecutivo, ante Tanya Rellstab presidenta de la Diputaci\u00f3n Permanente; Cruz Juvenal Roa, presidente de la Junta de Coordinaci\u00f3n Pol\u00edtica de la 59 Legislatura del Estado de M\u00e9xico; Juan Manuel Trujillo, integrante del Consejo de la Judicatura del Poder Judicial, entre otros, el secretario General de Gobierno manifest\u00f3 que en 1857 M\u00e9xico se encontraba sumergido en una profunda crisis social, donde la lucha entre centralistas y federalistas trajo consigo la construcci\u00f3n de una Constituci\u00f3n efectiva que otorgaba la rector\u00eda de la vida p\u00fablica al Estado y consolidaba el nacimiento de una naci\u00f3n independiente y soberana.<\/p>\n<p>Es por ello, dijo, que el documento constitucional representa la primera gran victoria de los liberales para defender el derecho de los mexicanos sobre su destino y rechazar a las potencias extranjeras que intentaban decidir sobre el futuro de nuestro pa\u00eds, fortaleciendo con ello nuestra identidad.<\/p>\n","protected":false},"excerpt":{"rendered":"<p>El secretario General de Gobierno Jos\u00e9 Manzur, encabez\u00f3 en representaci\u00f3n del gobernador Eruviel \u00c1vila, el aniversario 160 y 100 de la promulgaci\u00f3n de las Constituciones Federales de 1857 y 1917, respectivamente, donde afirm\u00f3 que la mejor arma para defendernos de los embates extranjeros es la unidad nacional que representa la Carta Magna, y que el pueblo mexicano noble y heroico sabr\u00e1, como lo hizo en ese tiempo, defender su dignidad y hacer valer su soberan\u00eda.<\/p>\n","protected":false},"author":5,"featured_media":310705,"comment_status":"open","ping_status":"open","sticky":false,"template":"","format":"standard","meta":{"_monsterinsights_skip_tracking":false,"_monsterinsights_sitenote_active":false,"_monsterinsights_sitenote_note":"","_monsterinsights_sitenote_category":0,"footnotes":""},"categories":[5],"tags":[43675,452],"class_list":["post-310704","post","type-post","status-publish","format-standard","has-post-thumbnail","hentry","category-estado-de-mexico","tag-estado-de-mexico","tag-toluca"],"_links":{"self":[{"href":"https:\/\/www.diarioimagen.net\/index.php?rest_route=\/wp\/v2\/posts\/310704","targetHints":{"allow":["GET"]}}],"collection":[{"href":"https:\/\/www.diarioimagen.net\/index.php?rest_route=\/wp\/v2\/posts"}],"about":[{"href":"https:\/\/www.diarioimagen.net\/index.php?rest_route=\/wp\/v2\/types\/post"}],"author":[{"embeddable":true,"href":"https:\/\/www.diarioimagen.net\/index.php?rest_route=\/wp\/v2\/users\/5"}],"replies":[{"embeddable":true,"href":"https:\/\/www.diarioimagen.net\/index.php?rest_route=%2Fwp%2Fv2%2Fcomments&post=310704"}],"version-history":[{"count":0,"href":"https:\/\/www.diarioimagen.net\/index.php?rest_route=\/wp\/v2\/posts\/310704\/revisions"}],"wp:featuredmedia":[{"embeddable":true,"href":"https:\/\/www.diarioimagen.net\/index.php?rest_route=\/wp\/v2\/media\/310705"}],"wp:attachment":[{"href":"https:\/\/www.diarioimagen.net\/index.php?rest_route=%2Fwp%2Fv2%2Fmedia&parent=310704"}],"wp:term":[{"taxonomy":"category","embeddable":true,"href":"https:\/\/www.diarioimagen.net\/index.php?rest_route=%2Fwp%2Fv2%2Fcategories&post=310704"},{"taxonomy":"post_tag","embeddable":true,"href":"https:\/\/www.diarioimagen.net\/index.php?rest_route=%2Fwp%2Fv2%2Ftags&post=310704"}],"curies":[{"name":"wp","href":"https:\/\/api.w.org\/{rel}","templated":true}]}}