{"id":310821,"date":"2017-02-06T00:00:24","date_gmt":"2017-02-06T06:00:24","guid":{"rendered":"http:\/\/www.diarioimagen.net\/?p=310821"},"modified":"2017-02-06T01:22:44","modified_gmt":"2017-02-06T07:22:44","slug":"en-riesgo-quintana-roo-de-tener-seis-partidos-politicos-mas","status":"publish","type":"post","link":"https:\/\/www.diarioimagen.net\/?p=310821","title":{"rendered":"En riesgo Quintana Roo de tener seis partidos pol\u00edticos m\u00e1s"},"content":{"rendered":"<h2>Derecho de r\u00e9plica<\/h2>\n<h5>Yolanda Montalvo<\/h5>\n<p>&nbsp;<\/p>\n<p>Como si la sociedad lo pidiera y creyera en ello, como una plus a la democracia y la soluci\u00f3n a los problemas por los que atraviesa el estado -si, como no- seis organizaciones pol\u00edticas solicitaron <em>\u201cpegarse a la ubre del erario p\u00fablico\u201d<\/em> \u2026o lo que es lo mismo, constituirse c\u00f3mo partidos pol\u00edticos locales, la mayor parte de esos grupos, encabezados por <em>fin\u00edsimas <\/em>personas.<\/p>\n<p>Las asociaciones que presentaron dicha solicitud son \u201cMovimiento Aut\u00e9ntico Social\u201d, representada por Jos\u00e9 Antonio Hoy Manzanilla, quien fuera Subsecretario de. Educaci\u00f3n Media Superior y Superior, en el sexenio pasado, donde por cierto dejo un mal sabor de boca en los Tele bachilleratos, donde siempre estaba del chongo con el profesorado, pero tarde se le hace para andar grillando otra vez, ya sabe usted, quien prueba el sabor de las mieles que la ubre del poder da, ya ning\u00fan otro caramelo le sabe igual, jijijijiji.<\/p>\n<p>Tambi\u00e9n se anotaron los de \u201cGenerando una Sociedad Mejor\u201d, representada por Jes\u00fas Elizalde P\u00e9rez, si no mal recuerdo, dentista de profesi\u00f3n, quien fuera Director General de Salud P\u00fablica de Benito Ju\u00e1rez en el trienio en el que gobern\u00f3 Canc\u00fan, Gregorio \u201cGreg\u201d S\u00e1nchez Mart\u00ednez y al que le dieron un mill\u00f3n de pesos para hacer un proyecto de \u201cSalud mental\u201d en el cual insisti\u00f3 mucho para que le dieran el presupuesto, pero, los resultados fueron imperceptibles\u2026.tal vez por que buscaba dar salud mental a las muelas, jajajaja.<\/p>\n<p>A Jes\u00fas Elizalde P\u00e9rez su <em>amistad <\/em>con Greg S\u00e1nchez, lo llev\u00f3 tambi\u00e9n a ser parte de la planilla del cantante evang\u00e9lico cuando, en el 2016 busc\u00f3 de nueva cuenta la Presidencia municipal de Benito Ju\u00e1rez. Seguro que Gregorio S\u00e1nchez, quien quiere ser Senador de la Republica, ser\u00eda uno de los primeros en ocupar una candidatura en el partido de su amigo, eso si llega a constituirse como tal. \u00a1Ahhhh pill\u00edn, ya sali\u00f3 el peine!<\/p>\n<p>Buscan ser partido pol\u00edtico el \u201cFrente de Integraci\u00f3n Nacional\u201d, liderados por Ra\u00fal Castillejos de la Torre, presidente de la Asociaci\u00f3n de Chiapanecos radicados en Quintana Roo, y por Salvador Ramos Bustamante, ex l\u00edder de la CROC, organizaci\u00f3n de la que fue echado por su dirigente nacional, Alberto Ju\u00e1rez Blancas, en el a\u00f1o de 1996, en una negociaci\u00f3n con el entonces gobernador Mario Villanueva Madrid, donde fue acusado de pretender apropiarse de numerosos predios e inmuebles del patrimonio de la central obrera que dirigi\u00f3 en el estado durante 20 a\u00f1os, ufffff, \u00bfSer\u00e1 el mismo? Naaaa.<\/p>\n<p>Vuelve al ataque Daniel Adri\u00e1n Romero G\u00f3mez, con su \u201cPartido Humanista de Quintana Roo\u201d, quien perdi\u00f3 el registro nacional y estatal, porque nadie, a excepci\u00f3n de sus cuates, votaron por el PH en las elecciones federales del 2015, en donde se eligieron a los actuales Diputados Federales. <em>Va de nuez, <\/em>ahora, para constituirse en un partido estatal, pese a que demostraron su ineficiencia en las urnas, confirmado fue que, los ciudadanos no les dieron la confianza, por algo ser\u00e1, \u00bfPor qu\u00e9 se las dar\u00edan ahora?. <em>Ya fue suya\u2026.la miel de la ubre del erario \u2026. y la dejaron ir<\/em>.<\/p>\n<p>Asimismo, hizo su solicitud de intenci\u00f3n para conformar un partido pol\u00edtico la organizaci\u00f3n \u201cSustentabilidad Social y Trabajo Comunitario\u201d, que lidera Alfredo Caamal Huchin, ex delegado de la Comisi\u00f3n Nacional para el Desarrollo de los pueblos Ind\u00edgenas en Quintana Roo, que, en el 2011, fue sentenciado por un juez de distrito a pagar 45 mil pesos, por \u201c<em>Hostigar sexualmente\u201d <\/em>a ocho trabajadoras de esa dependencia. \u00a1Que barato le sali\u00f3 el gustito!-tal vez al mayoreo el acoso es m\u00e1s barato, jijijijijij- asunto que inicio desde hace casi diez a\u00f1os, por lo que para estas fechas&#8230; ya se ba\u00f1\u00f3 en pureza&#8230; uyyyyy pero, si el 2 de octubre no se olvida, menos esto, jijijjiji.<\/p>\n<p>Por \u00faltimo, le comento del grupo \u201cProyecto Humanista\u201d, representada por Freddy Antonio Montalvo Caamal, quien tambi\u00e9n busca convertirse en partido pol\u00edtico. Todos tendr\u00e1n este a\u00f1o para cumplir el procedimiento de ley y realizar las asambleas municipales o distritales necesarias para acreditar su constituci\u00f3n, eventos que deber\u00e1n ser avalados por el IEQROO. Para su constituci\u00f3n cada partido deber\u00e1 acreditar al menos a 2 mil 800 afiliados, es decir, el 0.26 por ciento de la Lista Nominal del Padr\u00f3n Electoral.<\/p>\n<p>Esa etapa, sin recursos p\u00fablicos, servir\u00e1 para conocer si las organizaciones tienen apoyo de la poblaci\u00f3n o se quedar\u00e1n en la raya. En enero del 2018, podr\u00e1n presentar su solicitud formal para recibir el registro como partidos.<\/p>\n<p style=\"text-align: center;\"><strong>La papa caliente<\/strong><\/p>\n<p>El Partido de la Revoluci\u00f3n Democr\u00e1tica, donde ahora es dirigente en Quintana Roo Jorge Aguilar Osorio \u201cEl Topo\u201d, tras la resoluci\u00f3n del Tribunal Electoral del Poder Judicial de la Federaci\u00f3n, Sala Xalapa, es una papa. La encomienda de Aguilar Osorio, tipo misi\u00f3n imposible, ser\u00e1 unificar los vestigios arqueol\u00f3gicos del sol azteca, ya que despu\u00e9s de la contienda pasada, pese que en alianza con el Partido Acci\u00f3n Nacional se levantaron con la victoria en el gobierno del estado, la realidad es que no repunto como se esperaba, eso en su mayor parte provocado por las rencillas internas.<\/p>\n<p>Que el exdirigente del PRD, el ahora diputado local, Emiliano Ramos Hern\u00e1ndez, le desea <em>la mejor de las suertes<\/em>, al Topo Aguilar Osorio, quien en los poco m\u00e1s de cuatro meses que le quedan como dirigente estatal de los amarillo, a lo m\u00e1s que llegar\u00e1 ser\u00e1 a organizar la elecci\u00f3n del siguiente Presidente del partido, personaje que una vez electo, tendr\u00e1 muy poco margen de tiempo para preparar la contienda electoral del 2018, donde de nueva cuenta, estar\u00e1n en juego las presidencias municipales a nivel estatal y a nivel federal, la silla Presidencial.<\/p>\n<p>En el PRD, saben desde ahora que, al menos en Quintana Roo, no tiene ninguna oportunidad en la contienda electoral de pr\u00f3ximo a\u00f1o, eso si no va en alianza con otro partido. Peroooo, ahora, dif\u00edcil se ve una coalici\u00f3n con el PAN, en las pr\u00f3ximas elecciones pues no habr\u00e1 un Carlos Joaqu\u00edn que los pueda unir.<\/p>\n<p style=\"text-align: center;\"><strong>M\u00e1s tranquilos<\/strong><\/p>\n<p>Ante la violencia incesante que asola a Canc\u00fan, Pedro Pablo Elizondo C\u00e1rdenas, obispo de la Prelatura Canc\u00fan-Chetumal, dej\u00f3 de lado su petici\u00f3n sobre que el gobierno negocie con la delincuencia, con tal de que pare la ola de ejecuciones e inseguridad; lo que hora les pide a todos los santos y tambi\u00e9n a los <em>demonios <\/em>que provocan la violencia es que, aquellos que tienen su coraz\u00f3n lleno de odio, rencor y ambici\u00f3n lo purifiquen. \u00a1Hayyyyy, ternurita!<\/p>\n<p>Que antes estaba Quintana Roo, m\u00e1s tranquilo, por lo que, desde el pulpito, Pedro Pablo Elizondo, hizo un llamado de paz y pidi\u00f3 a los protagonistas de los \u00faltimos hechos violentos no generar un ambiente de miedo en el destino. Las velas que el Obispo prenda no est\u00e1n de m\u00e1s, pues de seguir las cosas como van, sin que se ponga un alto, en Canc\u00fan se va a dar el \u201cAcapulcazo\u201d y adi\u00f3s a la gallina de los huevos de oro. Amen\u2026.ah, no, \u00a1perd\u00f3n!&#8230; Tant\u00e1n, jijijiji.<\/p>\n<p>&nbsp;<\/p>\n<blockquote><p>Recibo informaci\u00f3n, comentarios, denuncias, r\u00e9plicas y balconeadas, etc. al mail: <em><a href=\"mailto:yolandamontalvoh@gmail.com\" target=\"_blank\">yolandamontalvoh@gmail.com<\/a><\/em><\/p><\/blockquote>\n","protected":false},"excerpt":{"rendered":"<p><span style=\"color: #005497;\"><strong>Yolanda Montalvo<\/strong><\/span><\/p>\n","protected":false},"author":3,"featured_media":0,"comment_status":"open","ping_status":"open","sticky":false,"template":"","format":"standard","meta":{"_monsterinsights_skip_tracking":false,"_monsterinsights_sitenote_active":false,"_monsterinsights_sitenote_note":"","_monsterinsights_sitenote_category":0,"footnotes":""},"categories":[55237],"tags":[47840,43674,47841],"class_list":["post-310821","post","type-post","status-publish","format-standard","hentry","category-yolanda-montalvo","tag-derecho-de-replica","tag-opinion","tag-yolanda-montalvo"],"_links":{"self":[{"href":"https:\/\/www.diarioimagen.net\/index.php?rest_route=\/wp\/v2\/posts\/310821","targetHints":{"allow":["GET"]}}],"collection":[{"href":"https:\/\/www.diarioimagen.net\/index.php?rest_route=\/wp\/v2\/posts"}],"about":[{"href":"https:\/\/www.diarioimagen.net\/index.php?rest_route=\/wp\/v2\/types\/post"}],"author":[{"embeddable":true,"href":"https:\/\/www.diarioimagen.net\/index.php?rest_route=\/wp\/v2\/users\/3"}],"replies":[{"embeddable":true,"href":"https:\/\/www.diarioimagen.net\/index.php?rest_route=%2Fwp%2Fv2%2Fcomments&post=310821"}],"version-history":[{"count":0,"href":"https:\/\/www.diarioimagen.net\/index.php?rest_route=\/wp\/v2\/posts\/310821\/revisions"}],"wp:attachment":[{"href":"https:\/\/www.diarioimagen.net\/index.php?rest_route=%2Fwp%2Fv2%2Fmedia&parent=310821"}],"wp:term":[{"taxonomy":"category","embeddable":true,"href":"https:\/\/www.diarioimagen.net\/index.php?rest_route=%2Fwp%2Fv2%2Fcategories&post=310821"},{"taxonomy":"post_tag","embeddable":true,"href":"https:\/\/www.diarioimagen.net\/index.php?rest_route=%2Fwp%2Fv2%2Ftags&post=310821"}],"curies":[{"name":"wp","href":"https:\/\/api.w.org\/{rel}","templated":true}]}}