{"id":310930,"date":"2017-02-07T00:05:28","date_gmt":"2017-02-07T06:05:28","guid":{"rendered":"http:\/\/www.diarioimagen.net\/?p=310930"},"modified":"2017-02-08T01:08:15","modified_gmt":"2017-02-08T07:08:15","slug":"zarpa-de-acapulco-el-buque-escuela-cuauhtemoc","status":"publish","type":"post","link":"https:\/\/www.diarioimagen.net\/?p=310930","title":{"rendered":"Zarpa el Buque Escuela \u201cCuauht\u00e9moc\u201d para su cuarta vuelta al mundo"},"content":{"rendered":"<ul>\n<li><em><strong>Sali\u00f3 del puerto de Acapulco<br \/>\n<\/strong><\/em><\/li>\n<\/ul>\n<p>&nbsp;<\/p>\n<div id=\"attachment_310931\" style=\"width: 470px\" class=\"wp-caption aligncenter\"><a href=\"http:\/\/www.diarioimagen.net\/?attachment_id=310931\" rel=\"attachment wp-att-310931\"><img loading=\"lazy\" decoding=\"async\" aria-describedby=\"caption-attachment-310931\" class=\"size-large wp-image-310931\" src=\"http:\/\/www.diarioimagen.net\/wp-content\/uploads\/2017\/02\/BUQUE7-PORTAL-460x268.jpg\" alt=\"\" width=\"460\" height=\"268\" srcset=\"https:\/\/www.diarioimagen.net\/wp-content\/uploads\/2017\/02\/BUQUE7-PORTAL-460x268.jpg 460w, https:\/\/www.diarioimagen.net\/wp-content\/uploads\/2017\/02\/BUQUE7-PORTAL-240x140.jpg 240w, https:\/\/www.diarioimagen.net\/wp-content\/uploads\/2017\/02\/BUQUE7-PORTAL.jpg 480w\" sizes=\"auto, (max-width: 460px) 100vw, 460px\" \/><\/a><p id=\"caption-attachment-310931\" class=\"wp-caption-text\">El personal naval del Buque Escuela Cuauht\u00e9moc llevar\u00e1 un mensaje de paz a las 12 naciones que visitar\u00e1.<\/p><\/div>\n<p>&nbsp;<\/p>\n<p>El Buque Escuela \u201cCuauht\u00e9moc\u201d, de la Secretar\u00eda de Marina (Semar), zarp\u00f3 este lunes del puerto de Acapulco para darle por cuarta vez en su historia una vuelta al mundo, donde llegar\u00e1 a puertos de 12 pa\u00edses.<\/p>\n<p>El titular de Semar, Vidal Francisco Sober\u00f3n Sanz, destac\u00f3 que el personal naval llevar\u00e1 un mensaje de paz de M\u00e9xico a los pa\u00edses que visitar\u00e1 este a\u00f1o.<\/p>\n<p>\u00abPersonal naval que hoy zarpa a bordo del #BECuahut\u00e9moc transmitir\u00e1 su mensaje de paz y buena voluntad de M\u00e9xico a las naciones que visita\u00bb, escribi\u00f3 el titular de la Secretar\u00eda de Marina-Armada de M\u00e9xico (Semar) en su cuenta en Twitter @AlmSoberon.<\/p>\n<p>De acuerdo con el gobierno federal, el sistema educativo naval realiza este crucero para que los cadetes de cuarto a\u00f1o aumenten y pongan en pr\u00e1ctica los conocimientos te\u00f3ricos adquiridos en las aulas y familiarizarlos en un ambiente real con la terminolog\u00eda n\u00e1utica.<\/p>\n<p>Lo anterior, para fortalecer el esp\u00edritu marinero a trav\u00e9s del trabajo en equipo e intercambiar experiencias con las Armadas de otros pa\u00edses y obtener as\u00ed un amplio conocimiento en la navegaci\u00f3n de un buque de vela y mantener la tradici\u00f3n marinera de M\u00e9xico.<\/p>\n<p>El buque tiene una eslora (largo) de 90.5 metros, manga (ancho) de 12 metros, calado m\u00e1ximo 5.4 metros, desplazamiento de mil 800 toneladas, autonom\u00eda por v\u00edveres de 45 d\u00edas y capacidad de alojamiento para oficiales y tripulaci\u00f3n de 186 elementos, as\u00ed como 90 cadetes.<\/p>\n<p>Adem\u00e1s, su aparejo es de tres palos y 23 velas, de las cuales 10 son velas cuadras en los palos mayor y trinquete y 13 son velas de cuchillo, con un total de 2 mil 368 metros cuadrados de velamen.<br \/>\n<strong>\u00a0<\/strong><\/p>\n<p><strong>\u00a0<\/strong><\/p>\n<p><strong>El Buque Escuela \u201cCuauht\u00e9moc\u201d<\/strong> de la Secretar\u00eda de Marina (Semar), zarp\u00f3 este lunes del puerto de Acapulco para darle por cuarta vez en su historia una vuelta al mundo, donde llegar\u00e1 a puertos de 12 pa\u00edses. El titular de Semar, Vidal Francisco Sober\u00f3n Sanz, destac\u00f3 que el personal naval llevar\u00e1 un mensaje de paz de M\u00e9xico a los pa\u00edses que visitar\u00e1 este a\u00f1o.\u201cPersonal naval que hoy zarpa a bordo del #BECuahut\u00e9moc transmitir\u00e1 su mensaje de paz y buena voluntad de M\u00e9xico a las naciones que visita\u201d, escribi\u00f3 el titular de la Secretar\u00eda de Marina-Armada de M\u00e9xico (Semar) en su cuenta en Twitter @AlmSoberon.<\/p>\n","protected":false},"excerpt":{"rendered":"<p>El Buque Escuela \u201cCuauht\u00e9moc\u201d, de la Secretar\u00eda de Marina (Semar), zarp\u00f3 este lunes del puerto de Acapulco para darle por cuarta vez en su historia una vuelta al mundo, donde llegar\u00e1 a puertos de 12 pa\u00edses.<\/p>\n","protected":false},"author":5,"featured_media":310931,"comment_status":"open","ping_status":"open","sticky":false,"template":"","format":"standard","meta":{"_monsterinsights_skip_tracking":false,"_monsterinsights_sitenote_active":false,"_monsterinsights_sitenote_note":"","_monsterinsights_sitenote_category":0,"footnotes":""},"categories":[3],"tags":[5160,6499,28412],"class_list":["post-310930","post","type-post","status-publish","format-standard","has-post-thumbnail","hentry","category-nacional","tag-cuauhtemoc","tag-secretaria-de-marina","tag-vidal-francisco-soberon-sanz"],"_links":{"self":[{"href":"https:\/\/www.diarioimagen.net\/index.php?rest_route=\/wp\/v2\/posts\/310930","targetHints":{"allow":["GET"]}}],"collection":[{"href":"https:\/\/www.diarioimagen.net\/index.php?rest_route=\/wp\/v2\/posts"}],"about":[{"href":"https:\/\/www.diarioimagen.net\/index.php?rest_route=\/wp\/v2\/types\/post"}],"author":[{"embeddable":true,"href":"https:\/\/www.diarioimagen.net\/index.php?rest_route=\/wp\/v2\/users\/5"}],"replies":[{"embeddable":true,"href":"https:\/\/www.diarioimagen.net\/index.php?rest_route=%2Fwp%2Fv2%2Fcomments&post=310930"}],"version-history":[{"count":0,"href":"https:\/\/www.diarioimagen.net\/index.php?rest_route=\/wp\/v2\/posts\/310930\/revisions"}],"wp:featuredmedia":[{"embeddable":true,"href":"https:\/\/www.diarioimagen.net\/index.php?rest_route=\/wp\/v2\/media\/310931"}],"wp:attachment":[{"href":"https:\/\/www.diarioimagen.net\/index.php?rest_route=%2Fwp%2Fv2%2Fmedia&parent=310930"}],"wp:term":[{"taxonomy":"category","embeddable":true,"href":"https:\/\/www.diarioimagen.net\/index.php?rest_route=%2Fwp%2Fv2%2Fcategories&post=310930"},{"taxonomy":"post_tag","embeddable":true,"href":"https:\/\/www.diarioimagen.net\/index.php?rest_route=%2Fwp%2Fv2%2Ftags&post=310930"}],"curies":[{"name":"wp","href":"https:\/\/api.w.org\/{rel}","templated":true}]}}