{"id":310987,"date":"2017-02-07T00:01:58","date_gmt":"2017-02-07T06:01:58","guid":{"rendered":"http:\/\/www.diarioimagen.net\/?p=310987"},"modified":"2017-02-07T03:01:42","modified_gmt":"2017-02-07T09:01:42","slug":"viva-una-nueva-experiencia-digital-al-despegar-en-tu-proximo-viaje-en-el-a350-900-de-lufthansa-donde-podras-elegir-el-entretenimiento-desde-tu-casa","status":"publish","type":"post","link":"https:\/\/www.diarioimagen.net\/?p=310987","title":{"rendered":"Viva una nueva experiencia digital al despegar en tu pr\u00f3ximo viaje en el <em>A350-900<\/em> de <em>Lufthansa<\/em>, donde podr\u00e1s elegir el entretenimiento desde tu casa"},"content":{"rendered":"<h2>De cinco estrellas<\/h2>\n<h5>Victoria Gonz\u00e1lez Prado<strong><br \/>\n<\/strong><\/h5>\n<p>&nbsp;<\/p>\n<ul>\n<li><em><strong>El 65% de los mexicanos celebran a San Valent\u00edn y gastar\u00e1n una media de $916 en cenas, comidas y flores<\/strong><\/em><\/li>\n<li><em><strong>Expo Turismo Nuevo Le\u00f3n edici\u00f3n Noroeste, se llevar\u00e1 a cabo 18\u00a0 y 19 de febrero en la sala E de Cintermex<\/strong><\/em><\/li>\n<\/ul>\n<p>&nbsp;<\/p>\n<div id=\"attachment_311093\" style=\"width: 470px\" class=\"wp-caption aligncenter\"><a href=\"http:\/\/www.diarioimagen.net\/?attachment_id=311093\" rel=\"attachment wp-att-311093\"><img loading=\"lazy\" decoding=\"async\" aria-describedby=\"caption-attachment-311093\" class=\"size-large wp-image-311093\" src=\"http:\/\/www.diarioimagen.net\/wp-content\/uploads\/2017\/02\/turismo-3052-460x259.jpg\" alt=\"\" width=\"460\" height=\"259\" srcset=\"https:\/\/www.diarioimagen.net\/wp-content\/uploads\/2017\/02\/turismo-3052-460x259.jpg 460w, https:\/\/www.diarioimagen.net\/wp-content\/uploads\/2017\/02\/turismo-3052-240x135.jpg 240w, https:\/\/www.diarioimagen.net\/wp-content\/uploads\/2017\/02\/turismo-3052-768x432.jpg 768w, https:\/\/www.diarioimagen.net\/wp-content\/uploads\/2017\/02\/turismo-3052-480x270.jpg 480w, https:\/\/www.diarioimagen.net\/wp-content\/uploads\/2017\/02\/turismo-3052-235x132.jpg 235w, https:\/\/www.diarioimagen.net\/wp-content\/uploads\/2017\/02\/turismo-3052-202x114.jpg 202w, https:\/\/www.diarioimagen.net\/wp-content\/uploads\/2017\/02\/turismo-3052-350x196.jpg 350w, https:\/\/www.diarioimagen.net\/wp-content\/uploads\/2017\/02\/turismo-3052-220x123.jpg 220w, https:\/\/www.diarioimagen.net\/wp-content\/uploads\/2017\/02\/turismo-3052-237x132.jpg 237w, https:\/\/www.diarioimagen.net\/wp-content\/uploads\/2017\/02\/turismo-3052.jpg 900w\" sizes=\"auto, (max-width: 460px) 100vw, 460px\" \/><\/a><p id=\"caption-attachment-311093\" class=\"wp-caption-text\">El <em>Airbus A350-900<\/em> de <em>Lufthansa<\/em>, ofrece nuevas experiencias a los pasajeros.<\/p><\/div>\n<p>&nbsp;<\/p>\n<p>Por primera vez, los pasajeros de <em>Lufthansa<\/em> tendr\u00e1n la opci\u00f3n de elegir la programaci\u00f3n de m\u00fasica que escuchar\u00e1n a bordo del avi\u00f3n desde sus casas, donde podr\u00e1n a\u00f1adir sus canciones preferidas a una lista de reproducci\u00f3n antes de salir de viaje.<\/p>\n<p>La nueva flota A350-900 lleg\u00f3 a la aerol\u00ednea de bandera alemana con aeronaves de \u00faltima generaci\u00f3n: la m\u00e1s innovadora y ecol\u00f3gica aeronave de largo alcance de todo el mundo. El sistema de entretenimiento a bordo del A350-900 ofrece una amplia gama de posibilidades a la vanguardia.<\/p>\n<p>Para usar este servicio, deber\u00e1n descargar la <em>app<\/em> <em>Lufthansa Companion<\/em> en su tableta o m\u00f3vil. El programa a bordo est\u00e1 disponible hasta seis semanas antes del viaje. Una vez a bordo, los pasajeros sincronizan su lista de reproducci\u00f3n preferida con la pantalla frente al asiento.<\/p>\n<p>Tambi\u00e9n existe la opci\u00f3n de usar el dispositivo m\u00f3vil como una segunda pantalla. Durante el viaje, podr\u00e1s elegir canciones de tu lista preferida mientras lees informaci\u00f3n sobre el vuelo; tambi\u00e9n podr\u00e1s entrar a las redes sociales mediante <em>FlyNet,<\/em> hacer compras en <em>WorldShop<\/em> o descubrir algunos detalles interesantes sobre el lugar de destino. La <em>app<\/em> ya est\u00e1 disponible y es posible descargarla desde <em>Google Pla<\/em>y o en <em>iTunes<\/em> de <em>Apple.<\/em> Puedes encontrarla ingresando \u201c<em>Lufthansa Companion App<\/em>\u201d en el campo de b\u00fasqueda.<\/p>\n<p>El programa de entretenimiento es a prueba de aburrimiento. Actualmente, hay una selecci\u00f3n de 100 pel\u00edculas, 200 programas de televisi\u00f3n, un amplio programa de audio con discos, listas de reproducci\u00f3n y audiolibros, adem\u00e1s\u00a0 juegos y una secci\u00f3n para ni\u00f1os con un sin fin de pel\u00edculas y m\u00fasica para elegir, y, por supuesto, informaci\u00f3n sobre el mundo de <em>Lufthansa.<\/em> Tambi\u00e9n es posible acceder a las noticias de actualidad y deportes en canales de televisi\u00f3n en vivo, todo esto desde la pantalla del asiento o por medio del portal gratuito <em>FlyNet.<\/em><\/p>\n<p>La informaci\u00f3n del vuelo incluye una oportunidad para los pasajeros de probar una experiencia de viaje digital en 3D. Las nuevas opciones interactivas hacen posible ver la ruta del vuelo por adelantado y activar diferentes vistas de la trayectoria en la pantalla durante el viaje.<\/p>\n<p>El <em>A350-900<\/em> ofrece mejoras en cuanto a comodidad y conveniencia, tales como pantallas m\u00e1s grandes en todas las clases. La interfaz de usuario, adem\u00e1s de tener un dise\u00f1o innovador, da a los pasajeros la opci\u00f3n de elegir entre 10 lenguas distintas.<\/p>\n<p>A partir de este mes de febrero, el <em>Airbus A350-900<\/em> estar\u00e1 estacionada con <em>Lufthansa<\/em> en Munich, e iniciar\u00e1 vuelos a Delhi y Boston en su primer despegue donde podr\u00e1 transportar a 293 pasajeros: 48 en <em>Business Class,<\/em> 21 en <em>Premium Economy <\/em>y 224 en <em>Economy.<\/em><\/p>\n<p>El A350-900 es la aeronave m\u00e1s avanzada de todo el mundo, adem\u00e1s de ser el avi\u00f3n de largo alcance m\u00e1s ecol\u00f3gico. Usa 25 por ciento menos combustible, produce 25 por ciento menos emisiones y es mucho m\u00e1s silencioso al despegar que otras aeronaves similares.<\/p>\n<p><strong>\u00a0<\/strong>\u2730\u2730\u2730\u2730\u2730 La web, Tiendeo.mx que ofrece ofertas y cat\u00e1logos <em>online <\/em>geolocalizados, presenta un estudio (encuesta realizada a m\u00e1s de 1,000 usuarios en M\u00e9xico), sobre los h\u00e1bitos de consumo de los mexicanos en la celebraci\u00f3n del D\u00eda del Amor y la Amistad.<\/p>\n<p>Son muchas las parejas que el 14 de febrero deciden mostrar su amor regalando un detalle o celebr\u00e1ndolo de una forma rom\u00e1ntica. As\u00ed lo demuestran los mexicanos encuestados. El 65 por ciento ha afirmado que van a celebrar este d\u00eda con la persona a la que aman.<\/p>\n<p>San Valent\u00edn se ha convertido en un importante d\u00eda para el comercio mexicano. De hecho, los hombres han confirmado que se gastar\u00e1n una media de 1,450 pesos, mientras que las mujeres prev\u00e9n una media de 775 pesos. Esto supone una diferencia de 700 pesos que indica que los hombres son los que m\u00e1s dinero invertir\u00e1n en comprar un regalo a su pareja para esta fecha.<\/p>\n<p>Por otro lado, el regalo estrella de San Valent\u00edn 2017 ser\u00e1, compartir una cena o comida rom\u00e1ntica, pues \u00e9ste ha sido escogido como lo m\u00e1s deseado y tambi\u00e9n m\u00e1s regalado por ambos sexos. Algo que sorprende de los resultados del estudio es que los hombres conocen perfectamente las preferencias y gustos de las mujeres, ya que tras la cena rom\u00e1ntica, lo segundo m\u00e1s deseado por las mujeres son las flores, y es lo m\u00e1s regalado por los hombres.<\/p>\n<p>El estudio realizado para la celebraci\u00f3n de San Valent\u00edn se\u00f1ala la voluntad de las parejas mexicanas por mantener la tradici\u00f3n. Los resultados se\u00f1alan que las costumbres tambi\u00e9n se mantienen en los regalos elegidos para el D\u00eda de San Valent\u00edn. A pesar de la fuerte presencia que los paquetes de experiencia tienen entre los regalos m\u00e1s deseados y m\u00e1s regalados, los bombones y las cenas rom\u00e1nticas siguen formando parte de los obsequios favoritos.<\/p>\n<p><strong>\u00a0<\/strong>\u2730\u2730\u2730\u2730\u2730 Expo Turismo Nuevo Le\u00f3n edici\u00f3n Noroeste tendr\u00e1 lugar los d\u00edas 18 y 19 de febrero en la sala E de Cintermex, y como parte de la segunda edici\u00f3n se presentar\u00e1 la oferta tur\u00edstica de la entidad y de los estados vecinos Coahuila y Tamaulipas.<\/p>\n<p>La expo estar\u00e1 integrada por prestadores de servicios tur\u00edsticos, restaurantes, hoteles, touroperadores, agencias de viajes, adem\u00e1s de la oferta tur\u00edstica de algunos municipios participantes, con el fin de acercar los diversos productos y servicios tur\u00edsticos a los visitantes.<\/p>\n<p>Con \u00e9sta, se busca generar sinergias estrat\u00e9gicas entre las diferentes \u00e1reas de la industria tur\u00edstica, promoviendo entre ellos convenios y acuerdos para difundir sus productos tur\u00edsticos entre agentes de viajes, hoteleros, restauranteros, touroperadores y los asistentes a la expo.<\/p>\n<p><strong>Miguel Cant\u00fa<\/strong>, subsecretario de Turismo de la Secretaria de Econom\u00eda y Trabajo, destac\u00f3 la importancia de apoyar eventos como \u00e9ste que favorezcan a la industria. \u201cDentro de la cadena de valor del turismo, un \u00e1rea de oportunidad grande es lograr que las empresas peque\u00f1as dentro de la industria tur\u00edstica se potencialicen,\u00a0 y den a conocer m\u00e1s lugares tur\u00edsticos de Nuevo Le\u00f3n y de los municipios rurales, si los vinculamos con los actores del turismo ser\u00e1 la manera en que iremos creciendo y teniendo m\u00e1s productos tur\u00edsticos\u201d.<\/p>\n<p>El ingreso al evento es gratuito, s\u00f3lo deber\u00e1 registrarse en la p\u00e1gina de internet www.expoturismonuevoleon.com donde podr\u00e1n confirmar su asistencia.<\/p>\n<p><em><a href=\"mailto:victoriagprado@gmail.com\" target=\"_blank\">victoriagprado@gmail.com<\/a><\/em><br \/>\n<em>Twitter: <a href=\"https:\/\/twitter.com\/victoriagprado\" target=\"_blank\">@victoriagprado<\/a><\/em><\/p>\n","protected":false},"excerpt":{"rendered":"<p>Por primera vez, los pasajeros de <em>Lufthansa<\/em> tendr\u00e1n la opci\u00f3n de elegir la programaci\u00f3n de m\u00fasica que escuchar\u00e1n a bordo del avi\u00f3n desde sus casas, donde podr\u00e1n a\u00f1adir sus canciones preferidas a una lista de reproducci\u00f3n antes de salir de viaje.<\/p>\n","protected":false},"author":3,"featured_media":311093,"comment_status":"open","ping_status":"open","sticky":false,"template":"","format":"standard","meta":{"_monsterinsights_skip_tracking":false,"_monsterinsights_sitenote_active":false,"_monsterinsights_sitenote_note":"","_monsterinsights_sitenote_category":0,"footnotes":""},"categories":[11],"tags":[107,43674,43681,106],"class_list":["post-310987","post","type-post","status-publish","format-standard","has-post-thumbnail","hentry","category-turismo","tag-de-cinco-estrellas","tag-opinion","tag-turismo","tag-victoria-gonzalez-prado"],"_links":{"self":[{"href":"https:\/\/www.diarioimagen.net\/index.php?rest_route=\/wp\/v2\/posts\/310987","targetHints":{"allow":["GET"]}}],"collection":[{"href":"https:\/\/www.diarioimagen.net\/index.php?rest_route=\/wp\/v2\/posts"}],"about":[{"href":"https:\/\/www.diarioimagen.net\/index.php?rest_route=\/wp\/v2\/types\/post"}],"author":[{"embeddable":true,"href":"https:\/\/www.diarioimagen.net\/index.php?rest_route=\/wp\/v2\/users\/3"}],"replies":[{"embeddable":true,"href":"https:\/\/www.diarioimagen.net\/index.php?rest_route=%2Fwp%2Fv2%2Fcomments&post=310987"}],"version-history":[{"count":0,"href":"https:\/\/www.diarioimagen.net\/index.php?rest_route=\/wp\/v2\/posts\/310987\/revisions"}],"wp:featuredmedia":[{"embeddable":true,"href":"https:\/\/www.diarioimagen.net\/index.php?rest_route=\/wp\/v2\/media\/311093"}],"wp:attachment":[{"href":"https:\/\/www.diarioimagen.net\/index.php?rest_route=%2Fwp%2Fv2%2Fmedia&parent=310987"}],"wp:term":[{"taxonomy":"category","embeddable":true,"href":"https:\/\/www.diarioimagen.net\/index.php?rest_route=%2Fwp%2Fv2%2Fcategories&post=310987"},{"taxonomy":"post_tag","embeddable":true,"href":"https:\/\/www.diarioimagen.net\/index.php?rest_route=%2Fwp%2Fv2%2Ftags&post=310987"}],"curies":[{"name":"wp","href":"https:\/\/api.w.org\/{rel}","templated":true}]}}