{"id":311018,"date":"2017-02-07T00:12:29","date_gmt":"2017-02-07T06:12:29","guid":{"rendered":"http:\/\/www.diarioimagen.net\/?p=311018"},"modified":"2017-02-09T01:53:08","modified_gmt":"2017-02-09T07:53:08","slug":"mestizo-de-adriana-gonzalez-marquez","status":"publish","type":"post","link":"https:\/\/www.diarioimagen.net\/?p=311018","title":{"rendered":"\u201cMestizo\u201d,  de Adriana Gonz\u00e1lez M\u00e1rquez"},"content":{"rendered":"<h2>En la ruta de las letras<\/h2>\n<h5>Patricia Correa<\/h5>\n<p>&nbsp;<\/p>\n<ul>\n<li><strong><em>Editorial <u>M<\/u>ontena<\/em><\/strong><\/li>\n<\/ul>\n<p>&nbsp;<\/p>\n<div id=\"attachment_311115\" style=\"width: 302px\" class=\"wp-caption alignleft\"><a href=\"http:\/\/www.diarioimagen.net\/?attachment_id=311115\" rel=\"attachment wp-att-311115\"><img loading=\"lazy\" decoding=\"async\" aria-describedby=\"caption-attachment-311115\" class=\" wp-image-311115\" src=\"http:\/\/www.diarioimagen.net\/wp-content\/uploads\/2017\/02\/en-la-ruta-de-las-letras-3052-323x460.jpg\" alt=\"\" width=\"292\" height=\"416\" srcset=\"https:\/\/www.diarioimagen.net\/wp-content\/uploads\/2017\/02\/en-la-ruta-de-las-letras-3052-323x460.jpg 323w, https:\/\/www.diarioimagen.net\/wp-content\/uploads\/2017\/02\/en-la-ruta-de-las-letras-3052-168x240.jpg 168w, https:\/\/www.diarioimagen.net\/wp-content\/uploads\/2017\/02\/en-la-ruta-de-las-letras-3052.jpg 491w\" sizes=\"auto, (max-width: 292px) 100vw, 292px\" \/><\/a><p id=\"caption-attachment-311115\" class=\"wp-caption-text\">En entrevista exclusiva para <strong>DIARIOIMAGEN<\/strong> la autora Adriana Gonz\u00e1lez M\u00e1rquez, habla de su nueva trilog\u00eda literaria \u201cMestizo: La era de los m\u00edsticos\u201d.<\/p><\/div>\n<p>Cuando Matheo Govami decidi\u00f3 separarse de sus amigos, lo hizo creyendo que s\u00f3lo as\u00ed sanar\u00eda la herida de su coraz\u00f3n. M\u00e1s de veinte a\u00f1os despu\u00e9s, el dolor a\u00fan contin\u00faa, y ahora sus problemas son mucho mayores. Sobre \u00e9l pesa una acusaci\u00f3n muy grave que debe esclarecer antes de que las autoridades lo condenen. Pero eso no es lo peor: los M\u00edsticos est\u00e1n decididos a vengarse de la especie humana por la traici\u00f3n cometida contra su raza.<\/p>\n<p>En medio de estos conflictos, Matheo aprender\u00e1 que los verdaderos amigos podr\u00e1n no estar cerca, pero nunca se alejar\u00e1n, y que para sanar una herida a veces hay que exponer el alma. En entrevista exclusiva para <strong>DIARIO IMAGEN <\/strong>la autora Adriana Gonz\u00e1lez M\u00e1rquez nos dio m\u00e1s detalles:<\/p>\n<p><strong>-Despu\u00e9s del \u00e9xito de \u201cLos dominios del \u00f3nix negro\u201d, llega esta nueva trilog\u00eda \u00bfC\u00f3mo surge la idea de retomar el personaje de Matheo para crear esta nueva saga?<\/strong><\/p>\n<p>\u201cViene principalmente de la manera en que el personaje me habl\u00f3, creo que logr\u00f3 enamorar a las lectoras porque primero se encarg\u00f3 de cautivarme a m\u00ed, de tomar vida, por lo que le di rienda suelta y permit\u00ed que fuera \u00e9l quien contara su propia historia. Y s\u00e9 que eso me hace sonar un poco loca, pero ha sido un viaje incre\u00edble hasta el momento, no lo puedo negar\u201d.<\/p>\n<p><strong>-\u00bfCu\u00e1l fue tu primer acercamiento con la literatura fant\u00e1stica?<\/strong><\/p>\n<p>\u201c<em>El Principito<\/em>, creo. Lo amo. Pero ya hablando de fantas\u00eda juvenil, fue <em>Harry Potter<\/em>. Hasta la fecha, leo y releo esas historias, \u00a0no dejan de cautivarme\u201d.<\/p>\n<p><strong>-\u00bfEs dif\u00edcil en M\u00e9xico ser una escritora para j\u00f3venes y en especial en el g\u00e9nero de fantas\u00eda?<\/strong><\/p>\n<p>\u201cLa verdad (y desafortunadamente) s\u00ed. Te enfrentas al malinchismo m\u00e1s que a cualquier otra cosa, y en todos los frentes, no me refiero nada m\u00e1s al lector. Pero poco a poco vamos creciendo, y nos vamos dando cuenta de que aqu\u00ed tambi\u00e9n hay muchos productos de calidad\u201d.<\/p>\n<p><strong>-\u00bfCu\u00e1nto tiempo te llev\u00f3 escribir \u201cMestizo\u201d y cuando esperamos la segunda parte?<\/strong><\/p>\n<p>\u201cAproximadamente tres o cuatro meses. Y la segunda ya est\u00e1 escrita tambi\u00e9n, se llama \u2018G\u00e9nesis\u2019. Ya s\u00f3lo resta el proceso de edici\u00f3n para que salga al mercado. De hecho, estoy por terminar el tercer tomo, \u2018Requiem\u2019, esperemos que en esta misma semana\u201d.<\/p>\n<p><strong>-El personaje de Matheo es muy especial, \u00e9l escribi\u00f3 una carta para ti, cu\u00e9ntanos tu relaci\u00f3n con este personaje:<\/strong><\/p>\n<p>\u201cEs una cosa excepcionalmente bizarra, insisto, esto me hace sonar como loca, pero te juro que escucho su voz en mi cabeza. Al principio, cuando s\u00f3lo ten\u00eda el boceto de la historia pero no sab\u00eda c\u00f3mo comenzar, fue que me puse a pensar qu\u00e9 dir\u00eda Matheo de ello, y a partir de ah\u00ed sali\u00f3 esa carta. Desde entonces sus consejos me han servido bastante, me dejo llevar y (a pesar de que me mete en muuuuchos problemas) las cosas fluyen much\u00edsimo mejor as\u00ed. Matheo es Matheo, creo que no hay otra manera de describirlo\u201d.<\/p>\n<p><strong>-\u00bfCrees que es importante dejarles un buen mensaje a los j\u00f3venes en cada novela que escribes?<\/strong><\/p>\n<p>\u201cPor supuesto, intento inyectarles un poco de mis ideolog\u00edas a las historias, hacerlas entretenidas para los lectores, pero al mismo tiempo present\u00e1ndoles valores en los que yo creo. Aunque si te digo la verdad, creo que el simple hecho de que los j\u00f3venes est\u00e9n leyendo de nuevo es recompensa suficiente. La lectura est\u00e1 volvi\u00e9ndose popular una vez m\u00e1s, lo cual no sucedi\u00f3 con mi generaci\u00f3n, as\u00ed que me da much\u00edsimo gusto aportar mi granito de arena al respecto\u201d.<\/p>\n<p><i><a href=\"mailto:patolina22@hotmail.com\" target=\"_blank\">patolina22@hotmail.com<\/a><\/i><\/p>\n","protected":false},"excerpt":{"rendered":"<p><span style=\"color: #005497;\"><strong>Patricia Correa<\/strong><\/span><br \/>\n<br \/>\nCuando Matheo Govami decidi\u00f3 separarse de sus amigos, lo hizo creyendo que s\u00f3lo as\u00ed sanar\u00eda la herida de su coraz\u00f3n. M\u00e1s de veinte a\u00f1os despu\u00e9s, el dolor a\u00fan contin\u00faa, y ahora sus problemas son mucho mayores.<\/p>\n","protected":false},"author":3,"featured_media":311116,"comment_status":"open","ping_status":"open","sticky":false,"template":"","format":"standard","meta":{"_monsterinsights_skip_tracking":false,"_monsterinsights_sitenote_active":false,"_monsterinsights_sitenote_note":"","_monsterinsights_sitenote_category":0,"footnotes":""},"categories":[156],"tags":[43685,31104,43674,11392],"class_list":["post-311018","post","type-post","status-publish","format-standard","has-post-thumbnail","hentry","category-cultura","tag-cultura","tag-en-la-ruta-de-las-letras","tag-opinion","tag-patricia-correa"],"_links":{"self":[{"href":"https:\/\/www.diarioimagen.net\/index.php?rest_route=\/wp\/v2\/posts\/311018","targetHints":{"allow":["GET"]}}],"collection":[{"href":"https:\/\/www.diarioimagen.net\/index.php?rest_route=\/wp\/v2\/posts"}],"about":[{"href":"https:\/\/www.diarioimagen.net\/index.php?rest_route=\/wp\/v2\/types\/post"}],"author":[{"embeddable":true,"href":"https:\/\/www.diarioimagen.net\/index.php?rest_route=\/wp\/v2\/users\/3"}],"replies":[{"embeddable":true,"href":"https:\/\/www.diarioimagen.net\/index.php?rest_route=%2Fwp%2Fv2%2Fcomments&post=311018"}],"version-history":[{"count":0,"href":"https:\/\/www.diarioimagen.net\/index.php?rest_route=\/wp\/v2\/posts\/311018\/revisions"}],"wp:featuredmedia":[{"embeddable":true,"href":"https:\/\/www.diarioimagen.net\/index.php?rest_route=\/wp\/v2\/media\/311116"}],"wp:attachment":[{"href":"https:\/\/www.diarioimagen.net\/index.php?rest_route=%2Fwp%2Fv2%2Fmedia&parent=311018"}],"wp:term":[{"taxonomy":"category","embeddable":true,"href":"https:\/\/www.diarioimagen.net\/index.php?rest_route=%2Fwp%2Fv2%2Fcategories&post=311018"},{"taxonomy":"post_tag","embeddable":true,"href":"https:\/\/www.diarioimagen.net\/index.php?rest_route=%2Fwp%2Fv2%2Ftags&post=311018"}],"curies":[{"name":"wp","href":"https:\/\/api.w.org\/{rel}","templated":true}]}}