{"id":311195,"date":"2017-02-08T00:11:51","date_gmt":"2017-02-08T06:11:51","guid":{"rendered":"http:\/\/www.diarioimagen.net\/?p=311195"},"modified":"2017-02-08T03:11:38","modified_gmt":"2017-02-08T09:11:38","slug":"otras-30-mil-computadoras-a-primarias-y-secundarias","status":"publish","type":"post","link":"https:\/\/www.diarioimagen.net\/?p=311195","title":{"rendered":"Otras 30 mil computadoras a primarias y secundarias"},"content":{"rendered":"<ul>\n<li><strong><em>Entregar\u00e1n m\u00e1s de mil 900 laptops a directores de escuelas de preescolar<\/em><\/strong><\/li>\n<\/ul>\n<p>&nbsp;<\/p>\n<div id=\"attachment_311287\" style=\"width: 470px\" class=\"wp-caption aligncenter\"><a href=\"http:\/\/www.diarioimagen.net\/?attachment_id=311287\" rel=\"attachment wp-att-311287\"><img loading=\"lazy\" decoding=\"async\" aria-describedby=\"caption-attachment-311287\" class=\"size-large wp-image-311287\" src=\"http:\/\/www.diarioimagen.net\/wp-content\/uploads\/2017\/02\/eruviel-3053-460x259.jpg\" alt=\"\" width=\"460\" height=\"259\" srcset=\"https:\/\/www.diarioimagen.net\/wp-content\/uploads\/2017\/02\/eruviel-3053-460x259.jpg 460w, https:\/\/www.diarioimagen.net\/wp-content\/uploads\/2017\/02\/eruviel-3053-240x135.jpg 240w, https:\/\/www.diarioimagen.net\/wp-content\/uploads\/2017\/02\/eruviel-3053-235x132.jpg 235w, https:\/\/www.diarioimagen.net\/wp-content\/uploads\/2017\/02\/eruviel-3053-202x114.jpg 202w, https:\/\/www.diarioimagen.net\/wp-content\/uploads\/2017\/02\/eruviel-3053-350x196.jpg 350w, https:\/\/www.diarioimagen.net\/wp-content\/uploads\/2017\/02\/eruviel-3053-220x123.jpg 220w, https:\/\/www.diarioimagen.net\/wp-content\/uploads\/2017\/02\/eruviel-3053-237x132.jpg 237w, https:\/\/www.diarioimagen.net\/wp-content\/uploads\/2017\/02\/eruviel-3053.jpg 480w\" sizes=\"auto, (max-width: 460px) 100vw, 460px\" \/><\/a><p id=\"caption-attachment-311287\" class=\"wp-caption-text\">Eruviel \u00c1vila Villegas anunci\u00f3 que escuelas primarias y secundarias ser\u00e1n equipadas con un total de 30 mil computadoras, a partir de la pr\u00f3xima semana.<\/p><\/div>\n<p>&nbsp;<\/p>\n<p><strong>Zinacantepec, Estado de M\u00e9xico<\/strong>.- Para que alumnos de primarias y secundarias federales en el Estado de M\u00e9xico tengan mejores herramientas y se involucren en las tecnolog\u00edas de la informaci\u00f3n, 2 mil escuelas de este tipo ser\u00e1n equipadas con un total de 30 mil computadoras, a partir de la pr\u00f3xima semana, inform\u00f3 el gobernador Eruviel \u00c1vila Villegas.<\/p>\n<p>Esto, agreg\u00f3, se suma a los m\u00e1s de 25 mil equipos de c\u00f3mputo que ha entregado la administraci\u00f3n mexiquense en los \u00faltimos cinco a\u00f1os.<\/p>\n<p>Adem\u00e1s, dio a conocer que tambi\u00e9n la pr\u00f3xima semana se entregar\u00e1n m\u00e1s de mil 900 laptops a directores de escuelas de preescolar, incluyendo planteles ind\u00edgenas, a fin de que puedan mejorar su trabajo y elevar la calidad de la educaci\u00f3n.<\/p>\n<p>\u201cHemos apoyado a escuelas del sector federalizado con m\u00e1s de 25 mil computadoras y hoy, producto de la gesti\u00f3n que ha hecho el SNTE al gobierno del estado, le informo maestro Juan D\u00edaz de la Torre que, a partir de la pr\u00f3xima semana, se empiezan a entregar 30 mil computadoras a m\u00e1s de 2 mil escuelas primarias y secundarias del sector federalizado, para involucrar a los alumnos a las tecnolog\u00edas de la informaci\u00f3n.<\/p>\n<p>\u201cY tambi\u00e9n, tal cual ustedes lo gestionaron, le comparto que habr\u00e1n de entregarse, a partir de la pr\u00f3xima semana, m\u00e1s de mil 900 computadoras tipo laptop, a directores de los planteles de educaci\u00f3n preescolar\u201d, dijo.<\/p>\n<p>Esto, durante la inauguraci\u00f3n del Encuentro Internacional por la Educaci\u00f3n y la Escuela P\u00fablica, que encabez\u00f3 el gobernador mexiquense, junto con el secretario de Educaci\u00f3n P\u00fablica, Aurelio Nu\u00f1o Mayer y el l\u00edder del Sindicato Nacional de los Trabajadores de la Educaci\u00f3n (SNTE), Juan D\u00edaz de la Torre.<\/p>\n<p>Eruviel \u00c1vila se\u00f1al\u00f3 que, en coordinaci\u00f3n con este sindicato y con el gobierno federal, el Estado de M\u00e9xico es actualmente la entidad que m\u00e1s invierte en educaci\u00f3n y la que m\u00e1s becas otorga en todo el pa\u00eds, con m\u00e1s de 1 mill\u00f3n 300 mil estudiantes beneficiados en cinco a\u00f1os.<\/p>\n<p>Destac\u00f3 el caso de 130 mil ni\u00f1as y ni\u00f1os que han recibido este tipo de incentivo por formar parte de\u00a0 escoltas escolares, m\u00e1s de 5 mil alumnos obtuvieron becas para estudiar en el extranjero, y adem\u00e1s el Edomex es la \u00fanica entidad que beca a ni\u00f1os con discapacidad y entrega computadoras tiflot\u00e9cnicas a alumnos con ceguera, quienes por decreto del gobernador estar\u00e1n becados hasta que concluyan sus estudios universitarios.<\/p>\n<p>&nbsp;<\/p>\n","protected":false},"excerpt":{"rendered":"<p>Para que alumnos de primarias y secundarias federales en el Estado de M\u00e9xico tengan mejores herramientas y se involucren en las tecnolog\u00edas de la informaci\u00f3n, 2 mil escuelas de este tipo ser\u00e1n equipadas con un total de 30 mil computadoras, a partir de la pr\u00f3xima semana, inform\u00f3 el gobernador Eruviel \u00c1vila Villegas.<\/p>\n","protected":false},"author":3,"featured_media":311287,"comment_status":"open","ping_status":"open","sticky":false,"template":"","format":"standard","meta":{"_monsterinsights_skip_tracking":false,"_monsterinsights_sitenote_active":false,"_monsterinsights_sitenote_note":"","_monsterinsights_sitenote_category":0,"footnotes":""},"categories":[5],"tags":[11537,5828,43675,184],"class_list":["post-311195","post","type-post","status-publish","format-standard","has-post-thumbnail","hentry","category-estado-de-mexico","tag-computadoras","tag-eruviel-avila-villegas","tag-estado-de-mexico","tag-zinacantepec"],"_links":{"self":[{"href":"https:\/\/www.diarioimagen.net\/index.php?rest_route=\/wp\/v2\/posts\/311195","targetHints":{"allow":["GET"]}}],"collection":[{"href":"https:\/\/www.diarioimagen.net\/index.php?rest_route=\/wp\/v2\/posts"}],"about":[{"href":"https:\/\/www.diarioimagen.net\/index.php?rest_route=\/wp\/v2\/types\/post"}],"author":[{"embeddable":true,"href":"https:\/\/www.diarioimagen.net\/index.php?rest_route=\/wp\/v2\/users\/3"}],"replies":[{"embeddable":true,"href":"https:\/\/www.diarioimagen.net\/index.php?rest_route=%2Fwp%2Fv2%2Fcomments&post=311195"}],"version-history":[{"count":0,"href":"https:\/\/www.diarioimagen.net\/index.php?rest_route=\/wp\/v2\/posts\/311195\/revisions"}],"wp:featuredmedia":[{"embeddable":true,"href":"https:\/\/www.diarioimagen.net\/index.php?rest_route=\/wp\/v2\/media\/311287"}],"wp:attachment":[{"href":"https:\/\/www.diarioimagen.net\/index.php?rest_route=%2Fwp%2Fv2%2Fmedia&parent=311195"}],"wp:term":[{"taxonomy":"category","embeddable":true,"href":"https:\/\/www.diarioimagen.net\/index.php?rest_route=%2Fwp%2Fv2%2Fcategories&post=311195"},{"taxonomy":"post_tag","embeddable":true,"href":"https:\/\/www.diarioimagen.net\/index.php?rest_route=%2Fwp%2Fv2%2Ftags&post=311195"}],"curies":[{"name":"wp","href":"https:\/\/api.w.org\/{rel}","templated":true}]}}