{"id":311403,"date":"2017-02-09T00:08:56","date_gmt":"2017-02-09T06:08:56","guid":{"rendered":"http:\/\/www.diarioimagen.net\/?p=311403"},"modified":"2017-02-10T02:05:44","modified_gmt":"2017-02-10T08:05:44","slug":"llama-del-mazo-maza-a-trabajar-unidos-por-el-edomex","status":"publish","type":"post","link":"https:\/\/www.diarioimagen.net\/?p=311403","title":{"rendered":"Convoca Del Mazo a trabajar unidos, durante un encuentro con delegados pri\u00edstas"},"content":{"rendered":"<p><a href=\"http:\/\/www.diarioimagen.net\/?attachment_id=311404\" rel=\"attachment wp-att-311404\"><img loading=\"lazy\" decoding=\"async\" class=\"aligncenter size-large wp-image-311404\" src=\"http:\/\/www.diarioimagen.net\/wp-content\/uploads\/2017\/02\/DEL-MAZO-9-portal-460x268.jpg\" alt=\"\" width=\"460\" height=\"268\" srcset=\"https:\/\/www.diarioimagen.net\/wp-content\/uploads\/2017\/02\/DEL-MAZO-9-portal-460x268.jpg 460w, https:\/\/www.diarioimagen.net\/wp-content\/uploads\/2017\/02\/DEL-MAZO-9-portal-240x140.jpg 240w, https:\/\/www.diarioimagen.net\/wp-content\/uploads\/2017\/02\/DEL-MAZO-9-portal.jpg 480w\" sizes=\"auto, (max-width: 460px) 100vw, 460px\" \/><\/a><\/p>\n<p>Con miras a la convenci\u00f3n donde se ratificar\u00e1 su candidatura al gobierno del Estado de M\u00e9xico, este 3 de marzo, Alfredo del Mazo Maza se reuni\u00f3 con delegados pri\u00edstas de los municipios de Coacalco, Cuautitl\u00e1n, Melchor Ocampo y Teoloyucan, donde les comparti\u00f3 la experiencia que tiene en el servicio p\u00fablico y los convoc\u00f3 a trabajar unidos.<\/p>\n","protected":false},"excerpt":{"rendered":"<p>Con miras a la convenci\u00f3n donde se ratificar\u00e1 su candidatura al gobierno del Estado de M\u00e9xico, este 3 de marzo, Alfredo del Mazo Maza se reuni\u00f3 con delegados pri\u00edstas de los municipios de Coacalco, Cuautitl\u00e1n, Melchor Ocampo y Teoloyucan, donde les comparti\u00f3 la experiencia que tiene en el servicio p\u00fablico y los convoc\u00f3 a trabajar unidos.<\/p>\n","protected":false},"author":5,"featured_media":311404,"comment_status":"open","ping_status":"open","sticky":false,"template":"","format":"standard","meta":{"_monsterinsights_skip_tracking":false,"_monsterinsights_sitenote_active":false,"_monsterinsights_sitenote_note":"","_monsterinsights_sitenote_category":0,"footnotes":""},"categories":[5],"tags":[2505,43675],"class_list":["post-311403","post","type-post","status-publish","format-standard","has-post-thumbnail","hentry","category-estado-de-mexico","tag-alfredo-del-mazo-maza","tag-estado-de-mexico"],"_links":{"self":[{"href":"https:\/\/www.diarioimagen.net\/index.php?rest_route=\/wp\/v2\/posts\/311403","targetHints":{"allow":["GET"]}}],"collection":[{"href":"https:\/\/www.diarioimagen.net\/index.php?rest_route=\/wp\/v2\/posts"}],"about":[{"href":"https:\/\/www.diarioimagen.net\/index.php?rest_route=\/wp\/v2\/types\/post"}],"author":[{"embeddable":true,"href":"https:\/\/www.diarioimagen.net\/index.php?rest_route=\/wp\/v2\/users\/5"}],"replies":[{"embeddable":true,"href":"https:\/\/www.diarioimagen.net\/index.php?rest_route=%2Fwp%2Fv2%2Fcomments&post=311403"}],"version-history":[{"count":0,"href":"https:\/\/www.diarioimagen.net\/index.php?rest_route=\/wp\/v2\/posts\/311403\/revisions"}],"wp:featuredmedia":[{"embeddable":true,"href":"https:\/\/www.diarioimagen.net\/index.php?rest_route=\/wp\/v2\/media\/311404"}],"wp:attachment":[{"href":"https:\/\/www.diarioimagen.net\/index.php?rest_route=%2Fwp%2Fv2%2Fmedia&parent=311403"}],"wp:term":[{"taxonomy":"category","embeddable":true,"href":"https:\/\/www.diarioimagen.net\/index.php?rest_route=%2Fwp%2Fv2%2Fcategories&post=311403"},{"taxonomy":"post_tag","embeddable":true,"href":"https:\/\/www.diarioimagen.net\/index.php?rest_route=%2Fwp%2Fv2%2Ftags&post=311403"}],"curies":[{"name":"wp","href":"https:\/\/api.w.org\/{rel}","templated":true}]}}