{"id":311419,"date":"2017-02-09T00:09:52","date_gmt":"2017-02-09T06:09:52","guid":{"rendered":"http:\/\/www.diarioimagen.net\/?p=311419"},"modified":"2017-02-09T02:05:40","modified_gmt":"2017-02-09T08:05:40","slug":"apoyar-a-la-mujer-es-garantia-de-prosperidad-isis-avila","status":"publish","type":"post","link":"https:\/\/www.diarioimagen.net\/?p=311419","title":{"rendered":"Apoyar a la mujer es garant\u00eda de prosperidad: Isis \u00c1vila"},"content":{"rendered":"<ul>\n<li><strong><em>Convivencia con vocales del programa Prospera<\/em><\/strong><\/li>\n<\/ul>\n<p>&nbsp;<\/p>\n<p><a href=\"http:\/\/www.diarioimagen.net\/?attachment_id=311485\" rel=\"attachment wp-att-311485\"><img loading=\"lazy\" decoding=\"async\" class=\"aligncenter size-large wp-image-311485\" src=\"http:\/\/www.diarioimagen.net\/wp-content\/uploads\/2017\/02\/isis-3054-460x259.jpg\" alt=\"\" width=\"460\" height=\"259\" srcset=\"https:\/\/www.diarioimagen.net\/wp-content\/uploads\/2017\/02\/isis-3054-460x259.jpg 460w, https:\/\/www.diarioimagen.net\/wp-content\/uploads\/2017\/02\/isis-3054-240x135.jpg 240w, https:\/\/www.diarioimagen.net\/wp-content\/uploads\/2017\/02\/isis-3054-235x132.jpg 235w, https:\/\/www.diarioimagen.net\/wp-content\/uploads\/2017\/02\/isis-3054-202x114.jpg 202w, https:\/\/www.diarioimagen.net\/wp-content\/uploads\/2017\/02\/isis-3054-350x196.jpg 350w, https:\/\/www.diarioimagen.net\/wp-content\/uploads\/2017\/02\/isis-3054-220x123.jpg 220w, https:\/\/www.diarioimagen.net\/wp-content\/uploads\/2017\/02\/isis-3054-237x132.jpg 237w, https:\/\/www.diarioimagen.net\/wp-content\/uploads\/2017\/02\/isis-3054.jpg 480w\" sizes=\"auto, (max-width: 460px) 100vw, 460px\" \/><\/a><\/p>\n<p>&nbsp;<\/p>\n<p><strong>Toluca, Estado de M\u00e9xico<\/strong>.- Al convivir con m\u00e1s de 3 mil 800 vocales del programa Prospera, Isis \u00c1vila Mu\u00f1oz, presidenta honoraria del DIF estatal, reiter\u00f3 el compromiso del gobierno del Estado de M\u00e9xico de trabajar de la mano con las mujeres, a fin de fortalecer la uni\u00f3n familiar y mejorar\u00a0 la alimentaci\u00f3n, vivienda y educaci\u00f3n de los mexiquenses de escasos recursos econ\u00f3micos.<\/p>\n<p>\u201cApoyar a la mujer es garant\u00eda de prosperidad familiar y social porque son ellas que de manera constante est\u00e1n al pendiente de las necesidades de sus hijos, familiares y vecinos, participando activamente para que los programas y proyectos transformen su calidad de vida y entorno\u201d, expres\u00f3 la titular del DIFEM.<\/p>\n<p>En compa\u00f1\u00eda de Arturo Osornio S\u00e1nchez, secretario de Desarrollo Social del Estado de M\u00e9xico y Paula Hern\u00e1ndez Olmos, coordinadora nacional de Prospera, \u00c1vila Mu\u00f1oz, reconoci\u00f3 el esfuerzo de quienes forman parte de las 680 mil vocales de Prospera que realizan labores comunitarias en las zonas con mayor vulnerabilidad de los 125 municipios de la entidad.<\/p>\n","protected":false},"excerpt":{"rendered":"<p>Al convivir con m\u00e1s de 3 mil 800 vocales del programa Prospera, Isis \u00c1vila Mu\u00f1oz, presidenta honoraria del DIF estatal, reiter\u00f3 el compromiso del gobierno del Estado de M\u00e9xico de trabajar de la mano con las mujeres, a fin de fortalecer la uni\u00f3n familiar y mejorar  la alimentaci\u00f3n, vivienda y educaci\u00f3n de los mexiquenses de escasos recursos econ\u00f3micos.<\/p>\n","protected":false},"author":3,"featured_media":311485,"comment_status":"open","ping_status":"open","sticky":false,"template":"","format":"standard","meta":{"_monsterinsights_skip_tracking":false,"_monsterinsights_sitenote_active":false,"_monsterinsights_sitenote_note":"","_monsterinsights_sitenote_category":0,"footnotes":""},"categories":[5],"tags":[43675,28207,29616,452],"class_list":["post-311419","post","type-post","status-publish","format-standard","has-post-thumbnail","hentry","category-estado-de-mexico","tag-estado-de-mexico","tag-isis-avila-munoz","tag-prosperidad","tag-toluca"],"_links":{"self":[{"href":"https:\/\/www.diarioimagen.net\/index.php?rest_route=\/wp\/v2\/posts\/311419","targetHints":{"allow":["GET"]}}],"collection":[{"href":"https:\/\/www.diarioimagen.net\/index.php?rest_route=\/wp\/v2\/posts"}],"about":[{"href":"https:\/\/www.diarioimagen.net\/index.php?rest_route=\/wp\/v2\/types\/post"}],"author":[{"embeddable":true,"href":"https:\/\/www.diarioimagen.net\/index.php?rest_route=\/wp\/v2\/users\/3"}],"replies":[{"embeddable":true,"href":"https:\/\/www.diarioimagen.net\/index.php?rest_route=%2Fwp%2Fv2%2Fcomments&post=311419"}],"version-history":[{"count":0,"href":"https:\/\/www.diarioimagen.net\/index.php?rest_route=\/wp\/v2\/posts\/311419\/revisions"}],"wp:featuredmedia":[{"embeddable":true,"href":"https:\/\/www.diarioimagen.net\/index.php?rest_route=\/wp\/v2\/media\/311485"}],"wp:attachment":[{"href":"https:\/\/www.diarioimagen.net\/index.php?rest_route=%2Fwp%2Fv2%2Fmedia&parent=311419"}],"wp:term":[{"taxonomy":"category","embeddable":true,"href":"https:\/\/www.diarioimagen.net\/index.php?rest_route=%2Fwp%2Fv2%2Fcategories&post=311419"},{"taxonomy":"post_tag","embeddable":true,"href":"https:\/\/www.diarioimagen.net\/index.php?rest_route=%2Fwp%2Fv2%2Ftags&post=311419"}],"curies":[{"name":"wp","href":"https:\/\/api.w.org\/{rel}","templated":true}]}}