{"id":311443,"date":"2017-02-09T00:02:56","date_gmt":"2017-02-09T06:02:56","guid":{"rendered":"http:\/\/www.diarioimagen.net\/?p=311443"},"modified":"2017-02-09T02:22:50","modified_gmt":"2017-02-09T08:22:50","slug":"acepta-el-ieem-queja-del-pan-en-contra-del-partido-morena","status":"publish","type":"post","link":"https:\/\/www.diarioimagen.net\/?p=311443","title":{"rendered":"Acepta el IEEM queja del PAN en contra del partido Morena"},"content":{"rendered":"<ul>\n<li><strong><em>Por simulaci\u00f3n de precampa\u00f1a<\/em><\/strong><\/li>\n<\/ul>\n<p>&nbsp;<\/p>\n<div id=\"attachment_311515\" style=\"width: 470px\" class=\"wp-caption aligncenter\"><a href=\"http:\/\/www.diarioimagen.net\/?attachment_id=311515\" rel=\"attachment wp-att-311515\"><img loading=\"lazy\" decoding=\"async\" aria-describedby=\"caption-attachment-311515\" class=\"size-large wp-image-311515\" src=\"http:\/\/www.diarioimagen.net\/wp-content\/uploads\/2017\/02\/PAN-3054-460x259.jpg\" alt=\"\" width=\"460\" height=\"259\" srcset=\"https:\/\/www.diarioimagen.net\/wp-content\/uploads\/2017\/02\/PAN-3054-460x259.jpg 460w, https:\/\/www.diarioimagen.net\/wp-content\/uploads\/2017\/02\/PAN-3054-240x135.jpg 240w, https:\/\/www.diarioimagen.net\/wp-content\/uploads\/2017\/02\/PAN-3054-235x132.jpg 235w, https:\/\/www.diarioimagen.net\/wp-content\/uploads\/2017\/02\/PAN-3054-202x114.jpg 202w, https:\/\/www.diarioimagen.net\/wp-content\/uploads\/2017\/02\/PAN-3054-350x196.jpg 350w, https:\/\/www.diarioimagen.net\/wp-content\/uploads\/2017\/02\/PAN-3054-220x123.jpg 220w, https:\/\/www.diarioimagen.net\/wp-content\/uploads\/2017\/02\/PAN-3054-237x132.jpg 237w, https:\/\/www.diarioimagen.net\/wp-content\/uploads\/2017\/02\/PAN-3054.jpg 480w\" sizes=\"auto, (max-width: 460px) 100vw, 460px\" \/><\/a><p id=\"caption-attachment-311515\" class=\"wp-caption-text\">El PAN se\u00f1ala que eventos de Morena con presencia de Andr\u00e9s Manuel L\u00f3pez Obrador y la precandidata Delfina G\u00f3mez, constituyen actos dirigidos a la poblaci\u00f3n en general.<\/p><\/div>\n<p>&nbsp;<\/p>\n<p>El Instituto Electoral del Estado de M\u00e9xico (IEEM) acept\u00f3 la queja que interpuso el Partido Acci\u00f3n Nacional a trav\u00e9s de su representante Alfonso Guillermo Bravo \u00c1lvarez Malo, al considerar que los actos que viene realizando el instituto pol\u00edtico Morena con presencia de su presidente nacional y la precandidata al gobierno de la entidad, constituyen -m\u00e1s que una precampa\u00f1a enfocada a sus militantes-, actos dirigidos a la poblaci\u00f3n en general, lo cual es una simulaci\u00f3n, afirm\u00f3 V\u00edctor Hugo Sond\u00f3n Saavedra, presidente del PAN mexiquense.<\/p>\n<p>Se\u00f1al\u00f3 que el PAN a trav\u00e9s de su representante ante el IEEM ha pedido que los procesos electorales se rijan por los principios de certeza, imparcialidad, independencia, legalidad, equidad y objetividad para todos los partidos pol\u00edticos en el proceso electoral.<\/p>\n<p>Bravo \u00c1lvarez Malo destac\u00f3 que el IEEM puntualiz\u00f3 que este tipo de actos generan una desigualdad electoral, pues Morena toma una indebida ventaja electoral de cara a las elecciones del 4 de junio pr\u00f3ximo.<\/p>\n<p>El representante del PAN ante el IEEM dijo que nuestra denuncia se sustenta en la simulaci\u00f3n que realiza Morena al realizar precampa\u00f1a entre dos aspirantes, cuando su dirigentes nacional y estatal en forma p\u00fablica acompa\u00f1an y presentan a la poblaci\u00f3n en general a una sola aspirante como lo es Delfina G\u00f3mez \u00c1lvarez, compar\u00e1ndola, desde ya, con los posibles candidatos del PAN y de otras fuerzas pol\u00edticas.<\/p>\n<p>Alfonso Bravo destac\u00f3 que el acuerdo notificado, el d\u00eda de ayer por el IEEM, que da entrada a la queja establece como fecha para la audiencia de pruebas y alegatos el pr\u00f3ximo lunes 13 de febrero.<\/p>\n<p>Revel\u00f3 que todav\u00eda falta que la autoridad electoral se pronuncie sobre la solicitud del PAN de ordenar la suspensi\u00f3n de actos realizados por Morena en tanto se resuelva el fondo de la denuncia.<\/p>\n<p style=\"text-align: center;\"><strong>Impugna PAN coalici\u00f3n PRI, PVEM-NA-PES<\/strong><\/p>\n<p>Por otra parte, el PAN present\u00f3 ante el IEEM dos juicios de revisi\u00f3n constitucional en contra de los convenios PRI-PVEM-NA-PES y PRD-PT al considerar que se viola el principio de equidad si se permite que cada partido coaligado pueda mantener un representante ante el Consejo General y ante los Consejos Distritales del IEEM,\u00a0 as\u00ed como ante las mesas de casilla el d\u00eda de la elecci\u00f3n.<\/p>\n<p>&nbsp;<\/p>\n","protected":false},"excerpt":{"rendered":"<p>El Instituto Electoral del Estado de M\u00e9xico (IEEM) acept\u00f3 la queja que interpuso el Partido Acci\u00f3n Nacional a trav\u00e9s de su representante Alfonso Guillermo Bravo \u00c1lvarez Malo, al considerar que los actos que viene realizando el instituto pol\u00edtico Morena con presencia de su presidente nacional y la precandidata al gobierno de la entidad, constituyen -m\u00e1s que una precampa\u00f1a enfocada a sus militantes-, actos dirigidos a la poblaci\u00f3n en general, lo cual es una simulaci\u00f3n, afirm\u00f3 V\u00edctor Hugo Sond\u00f3n Saavedra, presidente del PAN mexiquense.<\/p>\n","protected":false},"author":3,"featured_media":311515,"comment_status":"open","ping_status":"open","sticky":false,"template":"","format":"standard","meta":{"_monsterinsights_skip_tracking":false,"_monsterinsights_sitenote_active":false,"_monsterinsights_sitenote_note":"","_monsterinsights_sitenote_category":0,"footnotes":""},"categories":[35155],"tags":[694,52248,20663,982],"class_list":["post-311443","post","type-post","status-publish","format-standard","has-post-thumbnail","hentry","category-estado-de-mexico-estado-de-mexico","tag-ieem","tag-impugna","tag-morena","tag-partido-accion-nacional"],"_links":{"self":[{"href":"https:\/\/www.diarioimagen.net\/index.php?rest_route=\/wp\/v2\/posts\/311443","targetHints":{"allow":["GET"]}}],"collection":[{"href":"https:\/\/www.diarioimagen.net\/index.php?rest_route=\/wp\/v2\/posts"}],"about":[{"href":"https:\/\/www.diarioimagen.net\/index.php?rest_route=\/wp\/v2\/types\/post"}],"author":[{"embeddable":true,"href":"https:\/\/www.diarioimagen.net\/index.php?rest_route=\/wp\/v2\/users\/3"}],"replies":[{"embeddable":true,"href":"https:\/\/www.diarioimagen.net\/index.php?rest_route=%2Fwp%2Fv2%2Fcomments&post=311443"}],"version-history":[{"count":0,"href":"https:\/\/www.diarioimagen.net\/index.php?rest_route=\/wp\/v2\/posts\/311443\/revisions"}],"wp:featuredmedia":[{"embeddable":true,"href":"https:\/\/www.diarioimagen.net\/index.php?rest_route=\/wp\/v2\/media\/311515"}],"wp:attachment":[{"href":"https:\/\/www.diarioimagen.net\/index.php?rest_route=%2Fwp%2Fv2%2Fmedia&parent=311443"}],"wp:term":[{"taxonomy":"category","embeddable":true,"href":"https:\/\/www.diarioimagen.net\/index.php?rest_route=%2Fwp%2Fv2%2Fcategories&post=311443"},{"taxonomy":"post_tag","embeddable":true,"href":"https:\/\/www.diarioimagen.net\/index.php?rest_route=%2Fwp%2Fv2%2Ftags&post=311443"}],"curies":[{"name":"wp","href":"https:\/\/api.w.org\/{rel}","templated":true}]}}