{"id":311446,"date":"2017-02-09T00:03:35","date_gmt":"2017-02-09T06:03:35","guid":{"rendered":"http:\/\/www.diarioimagen.net\/?p=311446"},"modified":"2017-02-09T02:23:40","modified_gmt":"2017-02-09T08:23:40","slug":"acercan-900-vacantes-en-feria-de-empleo-de-metepec","status":"publish","type":"post","link":"https:\/\/www.diarioimagen.net\/?p=311446","title":{"rendered":"Acercan 900 vacantes en Feria de Empleo de Metepec"},"content":{"rendered":"<div id=\"attachment_311518\" style=\"width: 470px\" class=\"wp-caption aligncenter\"><a href=\"http:\/\/www.diarioimagen.net\/?attachment_id=311518\" rel=\"attachment wp-att-311518\"><img loading=\"lazy\" decoding=\"async\" aria-describedby=\"caption-attachment-311518\" class=\"size-large wp-image-311518\" src=\"http:\/\/www.diarioimagen.net\/wp-content\/uploads\/2017\/02\/METEPEC-3054-460x259.jpg\" alt=\"\" width=\"460\" height=\"259\" srcset=\"https:\/\/www.diarioimagen.net\/wp-content\/uploads\/2017\/02\/METEPEC-3054-460x259.jpg 460w, https:\/\/www.diarioimagen.net\/wp-content\/uploads\/2017\/02\/METEPEC-3054-240x135.jpg 240w, https:\/\/www.diarioimagen.net\/wp-content\/uploads\/2017\/02\/METEPEC-3054-235x132.jpg 235w, https:\/\/www.diarioimagen.net\/wp-content\/uploads\/2017\/02\/METEPEC-3054-202x114.jpg 202w, https:\/\/www.diarioimagen.net\/wp-content\/uploads\/2017\/02\/METEPEC-3054-350x196.jpg 350w, https:\/\/www.diarioimagen.net\/wp-content\/uploads\/2017\/02\/METEPEC-3054-220x123.jpg 220w, https:\/\/www.diarioimagen.net\/wp-content\/uploads\/2017\/02\/METEPEC-3054-237x132.jpg 237w, https:\/\/www.diarioimagen.net\/wp-content\/uploads\/2017\/02\/METEPEC-3054.jpg 480w\" sizes=\"auto, (max-width: 460px) 100vw, 460px\" \/><\/a><p id=\"caption-attachment-311518\" class=\"wp-caption-text\">El PAN se\u00f1ala que eventos de Morena con presencia de Andr\u00e9s Manuel L\u00f3pez Obrador y la precandidata Delfina G\u00f3mez, constituyen actos dirigidos a la poblaci\u00f3n en general.<\/p><\/div>\n<p>&nbsp;<\/p>\n<p><strong>Metepec, Estado de M\u00e9xico.-<\/strong>\u00a0El municipio llev\u00f3 a cabo la primera Feria de Empleo de este a\u00f1o, en la que 121 empresas ofertaron 900 vacantes para diversos perfiles, desde gerenciales, operativos y t\u00e9cnicos hasta administrativos.<\/p>\n<p>La inauguraci\u00f3n de la feria estuvo a cargo de autoridades municipales y del encargado de despacho de la Secretar\u00eda del Trabajo del gobierno del Estado de M\u00e9xico, Ra\u00fal Falc\u00f3n Arce, quien agradeci\u00f3 la anfitrion\u00eda y el permitir generar sinergia laboral entre los factores de la producci\u00f3n en el municipio.<\/p>\n","protected":false},"excerpt":{"rendered":"<p>El municipio llev\u00f3 a cabo la primera Feria de Empleo de este a\u00f1o, en la que 121 empresas ofertaron 900 vacantes para diversos perfiles, desde gerenciales, operativos y t\u00e9cnicos hasta administrativos.<\/p>\n","protected":false},"author":3,"featured_media":311518,"comment_status":"open","ping_status":"open","sticky":false,"template":"","format":"standard","meta":{"_monsterinsights_skip_tracking":false,"_monsterinsights_sitenote_active":false,"_monsterinsights_sitenote_note":"","_monsterinsights_sitenote_category":0,"footnotes":""},"categories":[35155],"tags":[481,43675,876],"class_list":["post-311446","post","type-post","status-publish","format-standard","has-post-thumbnail","hentry","category-estado-de-mexico-estado-de-mexico","tag-empleo","tag-estado-de-mexico","tag-metepec"],"_links":{"self":[{"href":"https:\/\/www.diarioimagen.net\/index.php?rest_route=\/wp\/v2\/posts\/311446","targetHints":{"allow":["GET"]}}],"collection":[{"href":"https:\/\/www.diarioimagen.net\/index.php?rest_route=\/wp\/v2\/posts"}],"about":[{"href":"https:\/\/www.diarioimagen.net\/index.php?rest_route=\/wp\/v2\/types\/post"}],"author":[{"embeddable":true,"href":"https:\/\/www.diarioimagen.net\/index.php?rest_route=\/wp\/v2\/users\/3"}],"replies":[{"embeddable":true,"href":"https:\/\/www.diarioimagen.net\/index.php?rest_route=%2Fwp%2Fv2%2Fcomments&post=311446"}],"version-history":[{"count":0,"href":"https:\/\/www.diarioimagen.net\/index.php?rest_route=\/wp\/v2\/posts\/311446\/revisions"}],"wp:featuredmedia":[{"embeddable":true,"href":"https:\/\/www.diarioimagen.net\/index.php?rest_route=\/wp\/v2\/media\/311518"}],"wp:attachment":[{"href":"https:\/\/www.diarioimagen.net\/index.php?rest_route=%2Fwp%2Fv2%2Fmedia&parent=311446"}],"wp:term":[{"taxonomy":"category","embeddable":true,"href":"https:\/\/www.diarioimagen.net\/index.php?rest_route=%2Fwp%2Fv2%2Fcategories&post=311446"},{"taxonomy":"post_tag","embeddable":true,"href":"https:\/\/www.diarioimagen.net\/index.php?rest_route=%2Fwp%2Fv2%2Ftags&post=311446"}],"curies":[{"name":"wp","href":"https:\/\/api.w.org\/{rel}","templated":true}]}}