{"id":311448,"date":"2017-02-09T00:06:29","date_gmt":"2017-02-09T06:06:29","guid":{"rendered":"http:\/\/www.diarioimagen.net\/?p=311448"},"modified":"2017-02-09T02:26:35","modified_gmt":"2017-02-09T08:26:35","slug":"amplian-plazo-en-toluca-para-la-campana-matrimonios-con-valor","status":"publish","type":"post","link":"https:\/\/www.diarioimagen.net\/?p=311448","title":{"rendered":"Ampl\u00edan plazo en Toluca para la campa\u00f1a \u201cMatrimonios con valor\u201d"},"content":{"rendered":"<ul>\n<li><strong><em>La recepci\u00f3n de documentos ser\u00e1 hasta el 13 de febrero<\/em><\/strong><\/li>\n<\/ul>\n<p>&nbsp;<\/p>\n<div id=\"attachment_311522\" style=\"width: 470px\" class=\"wp-caption aligncenter\"><a href=\"http:\/\/www.diarioimagen.net\/?attachment_id=311522\" rel=\"attachment wp-att-311522\"><img loading=\"lazy\" decoding=\"async\" aria-describedby=\"caption-attachment-311522\" class=\"size-large wp-image-311522\" src=\"http:\/\/www.diarioimagen.net\/wp-content\/uploads\/2017\/02\/TOLUCAN-3054-460x259.jpg\" alt=\"\" width=\"460\" height=\"259\" srcset=\"https:\/\/www.diarioimagen.net\/wp-content\/uploads\/2017\/02\/TOLUCAN-3054-460x259.jpg 460w, https:\/\/www.diarioimagen.net\/wp-content\/uploads\/2017\/02\/TOLUCAN-3054-240x135.jpg 240w, https:\/\/www.diarioimagen.net\/wp-content\/uploads\/2017\/02\/TOLUCAN-3054-235x132.jpg 235w, https:\/\/www.diarioimagen.net\/wp-content\/uploads\/2017\/02\/TOLUCAN-3054-202x114.jpg 202w, https:\/\/www.diarioimagen.net\/wp-content\/uploads\/2017\/02\/TOLUCAN-3054-350x196.jpg 350w, https:\/\/www.diarioimagen.net\/wp-content\/uploads\/2017\/02\/TOLUCAN-3054-220x123.jpg 220w, https:\/\/www.diarioimagen.net\/wp-content\/uploads\/2017\/02\/TOLUCAN-3054-237x132.jpg 237w, https:\/\/www.diarioimagen.net\/wp-content\/uploads\/2017\/02\/TOLUCAN-3054.jpg 480w\" sizes=\"auto, (max-width: 460px) 100vw, 460px\" \/><\/a><p id=\"caption-attachment-311522\" class=\"wp-caption-text\">El gobierno municipal, que encabeza el alcalde Fernando Zamora Morales, invita a participar en la ceremonia masiva \u201cMatrimonios con valor\u201d, a celebrarse el jueves 16 de febrero.<\/p><\/div>\n<p>&nbsp;<\/p>\n<p><strong>Toluca, Estado de M\u00e9xico<\/strong>.-\u00a0Con la finalidad de ofrecer a los y las toluque\u00f1as la oportunidad de regularizar su uni\u00f3n por la v\u00eda civil, el gobierno municipal, que encabeza el alcalde Fernando Zamora Morales, invita a participar en la ceremonia masiva \u201cMatrimonios con valor\u201d, a celebrarse el jueves 16 de febrero, y debido a la buena respuesta de la ciudadan\u00eda, el plazo para la recepci\u00f3n de documentos se ampl\u00eda hasta el 13 de febrero.<\/p>\n<p>Los interesados pueden acudir a una de las cuatro Oficial\u00edas del Registro Civil en Toluca, o bien a uno de los seis m\u00f3dulos ubicados en: Hospital Regional con Medicina Familiar N\u00b0 8, Hospital Materno Infantil, Cl\u00ednica de Gineco-Obstetricia del IMSS \u201cDr. Emilio Chuayffet Chemor\u201d, Hospital \u201cDr. Nicol\u00e1s San Juan\u201d, Instituto Materno Infantil del Estado de M\u00e9xico y Hospital General \u201cM\u00f3nica Pretelini\u201d, de 9:00 a 14:00 horas.<\/p>\n<p>La documentaci\u00f3n que deben presentar los contrayentes es: copia certificada del acta de nacimiento, CURP e identificaci\u00f3n oficial vigente; certificado m\u00e9dico prenupcial con vigencia no mayor a 15 d\u00edas, el cual ser\u00e1 tramitado al presentar la documentaci\u00f3n as\u00ed como copia certificada del acta de defunci\u00f3n o de divorcio, si alguno fuese viudo o divorciado.<\/p>\n<p>Para cualquier duda o informaci\u00f3n adicional, los interesados pueden comunicarse al tel\u00e9fono 2 15 09 24 o bien a trav\u00e9s de las redes sociales de la Direcci\u00f3n Jur\u00eddica del Ayuntamiento de Toluca, Facebook: Direcci\u00f3n Jur\u00eddica del Ayuntamiento de Toluca, y Twitter:@DjuridicaToluca.<\/p>\n<p>&nbsp;<\/p>\n","protected":false},"excerpt":{"rendered":"<p>Con la finalidad de ofrecer a los y las toluque\u00f1as la oportunidad de regularizar su uni\u00f3n por la v\u00eda civil, el gobierno municipal, que encabeza el alcalde Fernando Zamora Morales, invita a participar en la ceremonia masiva \u201cMatrimonios con valor\u201d, a celebrarse el jueves 16 de febrero, y debido a la buena respuesta de la ciudadan\u00eda, el plazo para la recepci\u00f3n de documentos se ampl\u00eda hasta el 13 de febrero.<\/p>\n","protected":false},"author":3,"featured_media":311522,"comment_status":"open","ping_status":"open","sticky":false,"template":"","format":"standard","meta":{"_monsterinsights_skip_tracking":false,"_monsterinsights_sitenote_active":false,"_monsterinsights_sitenote_note":"","_monsterinsights_sitenote_category":0,"footnotes":""},"categories":[35155],"tags":[6185,43675,452],"class_list":["post-311448","post","type-post","status-publish","format-standard","has-post-thumbnail","hentry","category-estado-de-mexico-estado-de-mexico","tag-campana","tag-estado-de-mexico","tag-toluca"],"_links":{"self":[{"href":"https:\/\/www.diarioimagen.net\/index.php?rest_route=\/wp\/v2\/posts\/311448","targetHints":{"allow":["GET"]}}],"collection":[{"href":"https:\/\/www.diarioimagen.net\/index.php?rest_route=\/wp\/v2\/posts"}],"about":[{"href":"https:\/\/www.diarioimagen.net\/index.php?rest_route=\/wp\/v2\/types\/post"}],"author":[{"embeddable":true,"href":"https:\/\/www.diarioimagen.net\/index.php?rest_route=\/wp\/v2\/users\/3"}],"replies":[{"embeddable":true,"href":"https:\/\/www.diarioimagen.net\/index.php?rest_route=%2Fwp%2Fv2%2Fcomments&post=311448"}],"version-history":[{"count":0,"href":"https:\/\/www.diarioimagen.net\/index.php?rest_route=\/wp\/v2\/posts\/311448\/revisions"}],"wp:featuredmedia":[{"embeddable":true,"href":"https:\/\/www.diarioimagen.net\/index.php?rest_route=\/wp\/v2\/media\/311522"}],"wp:attachment":[{"href":"https:\/\/www.diarioimagen.net\/index.php?rest_route=%2Fwp%2Fv2%2Fmedia&parent=311448"}],"wp:term":[{"taxonomy":"category","embeddable":true,"href":"https:\/\/www.diarioimagen.net\/index.php?rest_route=%2Fwp%2Fv2%2Fcategories&post=311448"},{"taxonomy":"post_tag","embeddable":true,"href":"https:\/\/www.diarioimagen.net\/index.php?rest_route=%2Fwp%2Fv2%2Ftags&post=311448"}],"curies":[{"name":"wp","href":"https:\/\/api.w.org\/{rel}","templated":true}]}}