{"id":311452,"date":"2017-02-09T00:04:42","date_gmt":"2017-02-09T06:04:42","guid":{"rendered":"http:\/\/www.diarioimagen.net\/?p=311452"},"modified":"2017-02-09T02:31:45","modified_gmt":"2017-02-09T08:31:45","slug":"nicolas-romero-celebra-centenario-de-la-constitucion","status":"publish","type":"post","link":"https:\/\/www.diarioimagen.net\/?p=311452","title":{"rendered":"Nicol\u00e1s Romero celebra centenario de la Constituci\u00f3n"},"content":{"rendered":"<p><a href=\"http:\/\/www.diarioimagen.net\/?attachment_id=311535\" rel=\"attachment wp-att-311535\"><img loading=\"lazy\" decoding=\"async\" class=\"aligncenter size-large wp-image-311535\" src=\"http:\/\/www.diarioimagen.net\/wp-content\/uploads\/2017\/02\/NICOLAS-3054-460x259.jpg\" alt=\"\" width=\"460\" height=\"259\" srcset=\"https:\/\/www.diarioimagen.net\/wp-content\/uploads\/2017\/02\/NICOLAS-3054-460x259.jpg 460w, https:\/\/www.diarioimagen.net\/wp-content\/uploads\/2017\/02\/NICOLAS-3054-240x135.jpg 240w, https:\/\/www.diarioimagen.net\/wp-content\/uploads\/2017\/02\/NICOLAS-3054-235x132.jpg 235w, https:\/\/www.diarioimagen.net\/wp-content\/uploads\/2017\/02\/NICOLAS-3054-202x114.jpg 202w, https:\/\/www.diarioimagen.net\/wp-content\/uploads\/2017\/02\/NICOLAS-3054-350x196.jpg 350w, https:\/\/www.diarioimagen.net\/wp-content\/uploads\/2017\/02\/NICOLAS-3054-220x123.jpg 220w, https:\/\/www.diarioimagen.net\/wp-content\/uploads\/2017\/02\/NICOLAS-3054-237x132.jpg 237w, https:\/\/www.diarioimagen.net\/wp-content\/uploads\/2017\/02\/NICOLAS-3054.jpg 480w\" sizes=\"auto, (max-width: 460px) 100vw, 460px\" \/><\/a><\/p>\n<p>&nbsp;<\/p>\n<p><strong>Nicol\u00e1s Romero, Estado de M\u00e9xico.- <\/strong>Ante la asistencia de instituciones educativas y vecinos del municipio, el ayuntamiento local festej\u00f3 el centenario de nuestra Carta Magna la cual representa el ordenamiento m\u00e1s importante de nuestro pa\u00eds, del cual se desprenden las\u00a0 leyes que rigen a los mexicanos.<\/p>\n<p>Ejemplo de ello es el bando municipal, el cual por ley es publicado cada 5 de febrero en conmemoraci\u00f3n a la Constituci\u00f3n y tiene plasmado la normatividad por la cual se debe regir todo ciudadano del municipio.<\/p>\n","protected":false},"excerpt":{"rendered":"<p>Ante la asistencia de instituciones educativas y vecinos del municipio, el ayuntamiento local festej\u00f3 el centenario de nuestra Carta Magna la cual representa el ordenamiento m\u00e1s importante de nuestro pa\u00eds, del cual se desprenden las  leyes que rigen a los mexicanos. <\/p>\n","protected":false},"author":3,"featured_media":311535,"comment_status":"open","ping_status":"open","sticky":false,"template":"","format":"standard","meta":{"_monsterinsights_skip_tracking":false,"_monsterinsights_sitenote_active":false,"_monsterinsights_sitenote_note":"","_monsterinsights_sitenote_category":0,"footnotes":""},"categories":[35155],"tags":[11959,6083,43675,752],"class_list":["post-311452","post","type-post","status-publish","format-standard","has-post-thumbnail","hentry","category-estado-de-mexico-estado-de-mexico","tag-centenario","tag-constitucion","tag-estado-de-mexico","tag-nicolas-romero"],"_links":{"self":[{"href":"https:\/\/www.diarioimagen.net\/index.php?rest_route=\/wp\/v2\/posts\/311452","targetHints":{"allow":["GET"]}}],"collection":[{"href":"https:\/\/www.diarioimagen.net\/index.php?rest_route=\/wp\/v2\/posts"}],"about":[{"href":"https:\/\/www.diarioimagen.net\/index.php?rest_route=\/wp\/v2\/types\/post"}],"author":[{"embeddable":true,"href":"https:\/\/www.diarioimagen.net\/index.php?rest_route=\/wp\/v2\/users\/3"}],"replies":[{"embeddable":true,"href":"https:\/\/www.diarioimagen.net\/index.php?rest_route=%2Fwp%2Fv2%2Fcomments&post=311452"}],"version-history":[{"count":0,"href":"https:\/\/www.diarioimagen.net\/index.php?rest_route=\/wp\/v2\/posts\/311452\/revisions"}],"wp:featuredmedia":[{"embeddable":true,"href":"https:\/\/www.diarioimagen.net\/index.php?rest_route=\/wp\/v2\/media\/311535"}],"wp:attachment":[{"href":"https:\/\/www.diarioimagen.net\/index.php?rest_route=%2Fwp%2Fv2%2Fmedia&parent=311452"}],"wp:term":[{"taxonomy":"category","embeddable":true,"href":"https:\/\/www.diarioimagen.net\/index.php?rest_route=%2Fwp%2Fv2%2Fcategories&post=311452"},{"taxonomy":"post_tag","embeddable":true,"href":"https:\/\/www.diarioimagen.net\/index.php?rest_route=%2Fwp%2Fv2%2Ftags&post=311452"}],"curies":[{"name":"wp","href":"https:\/\/api.w.org\/{rel}","templated":true}]}}