{"id":311488,"date":"2017-02-09T00:11:52","date_gmt":"2017-02-09T06:11:52","guid":{"rendered":"http:\/\/www.diarioimagen.net\/?p=311488"},"modified":"2017-02-09T03:13:58","modified_gmt":"2017-02-09T09:13:58","slug":"se-alinean-en-favor-de-migrantes","status":"publish","type":"post","link":"https:\/\/www.diarioimagen.net\/?p=311488","title":{"rendered":"Se alinean en favor de migrantes"},"content":{"rendered":"<h2>Tras la puerta del poder<\/h2>\n<h5>Roberto Vizca\u00edno<\/h5>\n<p>&nbsp;<\/p>\n<div id=\"attachment_311572\" style=\"width: 470px\" class=\"wp-caption aligncenter\"><a href=\"http:\/\/www.diarioimagen.net\/?attachment_id=311572\" rel=\"attachment wp-att-311572\"><img loading=\"lazy\" decoding=\"async\" aria-describedby=\"caption-attachment-311572\" class=\"size-large wp-image-311572\" src=\"http:\/\/www.diarioimagen.net\/wp-content\/uploads\/2017\/02\/bilis-the-kid-trump-MARAL-3054-460x271.jpg\" alt=\"\" width=\"460\" height=\"271\" srcset=\"https:\/\/www.diarioimagen.net\/wp-content\/uploads\/2017\/02\/bilis-the-kid-trump-MARAL-3054-460x271.jpg 460w, https:\/\/www.diarioimagen.net\/wp-content\/uploads\/2017\/02\/bilis-the-kid-trump-MARAL-3054-240x141.jpg 240w, https:\/\/www.diarioimagen.net\/wp-content\/uploads\/2017\/02\/bilis-the-kid-trump-MARAL-3054-768x452.jpg 768w, https:\/\/www.diarioimagen.net\/wp-content\/uploads\/2017\/02\/bilis-the-kid-trump-MARAL-3054.jpg 1200w\" sizes=\"auto, (max-width: 460px) 100vw, 460px\" \/><\/a><p id=\"caption-attachment-311572\" class=\"wp-caption-text\">Bilis The Kid Trump&#8230; | Maral<\/p><\/div>\n<p>&nbsp;<\/p>\n<p>Mientras pol\u00edticos e intelectuales convocan a cr\u00edticos a bajarle en su embate contra el presidente Enrique Pe\u00f1a Nieto y por el contrario fortalecer la unidad generada en torno a la Presidencia de M\u00e9xico ante los embates del nuevo mandatario de EU, el empresario Donald Trump, los diversos organismos empresariales, las instituciones gubernamentales y diputados y senadores alinean sus acciones a fin de crear condiciones de ayuda para deportados.<\/p>\n<p>Mar\u00eda Amparo Casar, Leo Zukerman y Diego Fern\u00e1ndez de Cevallos coincidieron ayer en entrevistas radiof\u00f3nicas por separado que sin intentar acallar cuestionamientos contra el presidente\u00a0 Pe\u00f1a Nieto, es necesario que los inconformes consideren que en este momento es m\u00e1s importante presentar un frente com\u00fan no a favor del personaje, sino de la instituci\u00f3n que representa.<\/p>\n<p>Fortalecer la unidad en torno al Presidente de M\u00e9xico es un requisito para que este vaya a una posici\u00f3n de negociaci\u00f3n igualmente poderosa ante la nueva administraci\u00f3n norteamericana, indicaron.<\/p>\n<p>Mientras tanto, durante un encuentro en Los Pinos con las dirigencias y miembros del Consejo Coordinador Empresarial y el Consejo Mexicano de Negocios, el propio presidente Pe\u00f1a Nieto recibi\u00f3 la propuesta de la iniciativa \u201cFuerza M\u00e9xico\u201d.<\/p>\n<p>Los empresarios le explicaron que \u201cFuerza M\u00e9xico\u201d surge como una iniciativa del sector privado para promover las fortalezas de nuestro pa\u00eds ante un nuevo entorno internacional muy adverso, indicaron los presidentes de estos organismos: Juan Pablo Casta\u00f1\u00f3n y Alejandro Ram\u00edrez.<\/p>\n<p>A su vez el presidente Pe\u00f1a Nieto reconoci\u00f3 el compromiso de los hombres del capital y los negocios quienes con esta iniciativa se suman al llamado de unidad en favor de M\u00e9xico, y celebr\u00f3 que la iniciativa sea independiente y apartidista, y que surja como resultado de un esfuerzo ciudadano por el amor a nuestro pa\u00eds.<\/p>\n<p>Pe\u00f1a Nieto design\u00f3 a Luis Videgaray e Ildefonso Guajardo, titulares de Relaciones Exteriores y de Econom\u00eda, para que operen como enlaces con los sectores empresariales a fin de apoyar las acciones de \u201cFuerza M\u00e9xico\u201d.<\/p>\n<p>El mandatario mexicano advirti\u00f3 que con este tipo de iniciativas M\u00e9xico permite mostrarle al mundo que cuenta con muchas fortalezas y enormes recursos que le dan una gran ventaja no s\u00f3lo de atractivos sino de valores.<\/p>\n<p>Subray\u00f3 que eso ocurre en especial con el talento y el esfuerzo de sus m\u00e1s de 120 millones de habitantes entre quienes hay una gran fuerza laboral, altamente capacitada.<\/p>\n<p>Dijo que su gobierno est\u00e1 m\u00e1s que listo para respaldar la iniciativa de \u201cFuerza M\u00e9xico\u201d y las que surjan como consecuencia del gran movimiento de unidad nacional que se ha generado en las semanas recientes..<\/p>\n<p style=\"text-align: center;\"><strong>LOS DIPUTADOS SE APUNTAN<\/strong><\/p>\n<p>Dentro de esta misma inercia, los integrantes de la Comisi\u00f3n de Asuntos Migratorios que preside el diputado Gonzalo Gu\u00edzar Valladares, se reunieron ayer con Gabriela Garc\u00eda Acoltzin, coordinadora Nacional de la Estrategia \u201cSomos M\u00e9xico\u201d.<\/p>\n<p>Garc\u00eda Acoltzin les inform\u00f3 que durante el mes de enero, el mes de la transici\u00f3n entre el presidente dem\u00f3crata Barack Obama y el republicano Donald Trump, el gobierno de Estados Unidos expuls\u00f3 hacia M\u00e9xico a 13 mil indocumentados.<\/p>\n<p>\u201cEl tema de la repatriaci\u00f3n de mexicanos no es nuevo, no es un tema que surgi\u00f3 en la presidencia de Donald Trump, la pol\u00edtica migratoria de Estados Unidos siempre ha sido la misma.<\/p>\n<p>M\u00e9xico siempre ha recibido a mexicanos, el a\u00f1o pasado se repatriaron 217 mil 389 personas\u201d, indic\u00f3 la coordinadora.<\/p>\n<p>A su vez el presidente de la Comisi\u00f3n, el diputado federal veracruzano, Gonzalo Gu\u00edzar inform\u00f3 que para hacer frente a esta problem\u00e1tica la C\u00e1mara de Diputados se prepara para obtener los recursos que se requieren para apoyar la reinserci\u00f3n de los migrantes.<\/p>\n<p>La Comisi\u00f3n a su cargo, dijo, ya ha presentado una iniciativa para crear un fondo que se destinar\u00eda para estos casos.<\/p>\n<p>El legislador consider\u00f3 que en este esfuerzo de apoyo a migrantes, van a promover la conciencia entre poblaci\u00f3n y sectores respecto de que los connacionales que sean deportados a M\u00e9xico traen consigo una capacitaci\u00f3n y un c\u00famulo de conocimientos que sin duda pueden ser una importante fuente de generaci\u00f3n de desarrollo y empleos.<\/p>\n<p>\u201cPor eso est\u00e1n buscando que el Congreso garantice los recursos de creaci\u00f3n del Fondo de Migralidad que ser\u00e1 sin duda una base de acci\u00f3n para ayudar a reinsertar a todos los connacionales que sean repatriados en las siguientes semanas y meses\u201d.<\/p>\n<p>Al explicar a los diputados c\u00f3mo funciona el programa \u201cSomos M\u00e9xico\u201d, Gabriela Garc\u00eda indic\u00f3 que esta forma parte de una estrategia del Instituto Nacional de Migraci\u00f3n, dependiente de la secretar\u00eda de Gobernaci\u00f3n, programa que tiene por objetivo facilitar servicios y oportunidades de desarrollo a mexicanos repatriados de Estados Unidos.<\/p>\n<p>Operar\u00e1 con base en el apoyo de los gobiernos federal, estatal y municipal, iniciativa privada, as\u00ed como fundaciones, organizaciones civiles y organismos internacionales.<\/p>\n<p>Se\u00f1al\u00f3 que el INM recibe hoy a los repatriados en diferentes puntos de la Rep\u00fablica, como las ciudades de Tijuana, Mexicali, San Luis R\u00edo Colorado, Nogales, Ciudad Ju\u00e1rez, Ciudad Acu\u00f1a, Piedras Negras, Nuevo Laredo, Reynosa, Matamoros, y el Aeropuerto Internacional de la Ciudad de M\u00e9xico, donde se les dan a conocer los beneficios de \u201cSomos M\u00e9xico\u201d.<\/p>\n<p>A quienes retornan al pa\u00eds les brindan servicios b\u00e1sicos de alimentaci\u00f3n y salud; se les da un documento de identidad (Constancia de Repatriaci\u00f3n y Clave \u00danica de Registro de Poblaci\u00f3n, CURP); llamadas a familiares, traslado local y transporte for\u00e1neo, si es necesario; albergue y opciones laborales.<\/p>\n<p>Durante el encuentro qued\u00f3 en claro que la Comisi\u00f3n de Asuntos Migratorios de la C\u00e1mara de Diputados ser\u00e1 el puente entre las autoridades del ramo, los migrantes y el pleno de los diputados a fin de promover no s\u00f3lo recursos, sino programas y reformas legales que ayuden a su reinserci\u00f3n en M\u00e9xico.<\/p>\n<p>En especial, se dijo, se procurar\u00e1 mantener una comunicaci\u00f3n fluida con los titulares y personal de los 50 consulados mexicanos repartidos por Estados Unidos.<\/p>\n<p>La diputada pri\u00edsta Marcela Gonz\u00e1lez Salas y Petricioli indic\u00f3 que antes que el reto, el problema de las deportaciones representan una gran oportunidad para hacer una revisi\u00f3n hacia adentro y generar cambios que permitan el fortalecimiento del mercado interno.<\/p>\n<p>La agresi\u00f3n de Donald Trump y sus consecuencias, dijo, han repercutido en que los empresarios mexicanos se acerquen a sus trabajadores y al gobierno.<\/p>\n<p>Lo que se requiere, dijo, es que M\u00e9xico asuma una postura estrat\u00e9gica, clara y subrayar que \u201csomos un pa\u00eds fuerte y no esperamos que otros tomen las decisiones\u201d.<\/p>\n<p>En este mismo contexto, el diputado perredista Agust\u00edn Basave, secretario de la Comisi\u00f3n de Relaciones Exteriores, precis\u00f3 que a la agresi\u00f3n ejercida por Trump, no se le puede ni debe enfrentar con \u201capapachamientos y apaciguamiento sino con fuerza\u201d.<\/p>\n<p>Y M\u00e9xico tiene cartas para lograrlo con una postura firme, asegur\u00f3.<\/p>\n<p>\u201cM\u00e9xico no est\u00e1 en la indefensi\u00f3n, puede hacer muchas cosas, pero nada de eso va a ser posible mientras se tenga la actitud de miedo, sumisi\u00f3n e inseguridad que ha tenido la canciller\u00eda mexicana.<\/p>\n<p>Tiene que haber un cambio inmediato en la Secretar\u00eda de Relaciones Exteriores para tener la firmeza, fuerza, capacidad y dignidad que enfrente un enemigo de este tama\u00f1o\u201d, subray\u00f3.<\/p>\n<p><em><a href=\"mailto:rvizcainoa@gmail.com\" target=\"_blank\">rvizcainoa@gmail.com<\/a><\/em><br \/>\n<em><a href=\"http:\/\/www.endirecto.com.mx\/\" target=\"_blank\">www.endirecto.com.mx<\/a><\/em><br \/>\n<em><a href=\"https:\/\/twitter.com\/_rvizcaino\" target=\"_blank\">@_RVizcaino<\/a><\/em><br \/>\n<a href=\"https:\/\/www.facebook.com\/rvizcainoa\" target=\"_blank\">f<em>acebook.com\/rvizcainoa<\/em><\/a><\/p>\n","protected":false},"excerpt":{"rendered":"<p><span style=\"color: #005497;\"><strong>Roberto Vizca\u00edno<\/strong><\/span><br \/>\n<br \/>\nMientras pol\u00edticos e intelectuales convocan a cr\u00edticos a bajarle en su embate contra el presidente Enrique Pe\u00f1a Nieto y por el contrario fortalecer la unidad generada en torno a la Presidencia de M\u00e9xico ante los embates del nuevo mandatario de EU, el empresario Donald Trump, los diversos organismos empresariales, las instituciones gubernamentales y diputados y senadores alinean sus acciones a fin de crear condiciones de ayuda para deportados.<\/p>\n","protected":false},"author":3,"featured_media":311572,"comment_status":"open","ping_status":"open","sticky":false,"template":"","format":"standard","meta":{"_monsterinsights_skip_tracking":false,"_monsterinsights_sitenote_active":false,"_monsterinsights_sitenote_note":"","_monsterinsights_sitenote_category":0,"footnotes":""},"categories":[136],"tags":[43674,93,94],"class_list":["post-311488","post","type-post","status-publish","format-standard","has-post-thumbnail","hentry","category-roberto-vizcaino-opinion","tag-opinion","tag-roberto-vizcaino","tag-tras-la-puerta-del-poder"],"_links":{"self":[{"href":"https:\/\/www.diarioimagen.net\/index.php?rest_route=\/wp\/v2\/posts\/311488","targetHints":{"allow":["GET"]}}],"collection":[{"href":"https:\/\/www.diarioimagen.net\/index.php?rest_route=\/wp\/v2\/posts"}],"about":[{"href":"https:\/\/www.diarioimagen.net\/index.php?rest_route=\/wp\/v2\/types\/post"}],"author":[{"embeddable":true,"href":"https:\/\/www.diarioimagen.net\/index.php?rest_route=\/wp\/v2\/users\/3"}],"replies":[{"embeddable":true,"href":"https:\/\/www.diarioimagen.net\/index.php?rest_route=%2Fwp%2Fv2%2Fcomments&post=311488"}],"version-history":[{"count":0,"href":"https:\/\/www.diarioimagen.net\/index.php?rest_route=\/wp\/v2\/posts\/311488\/revisions"}],"wp:featuredmedia":[{"embeddable":true,"href":"https:\/\/www.diarioimagen.net\/index.php?rest_route=\/wp\/v2\/media\/311572"}],"wp:attachment":[{"href":"https:\/\/www.diarioimagen.net\/index.php?rest_route=%2Fwp%2Fv2%2Fmedia&parent=311488"}],"wp:term":[{"taxonomy":"category","embeddable":true,"href":"https:\/\/www.diarioimagen.net\/index.php?rest_route=%2Fwp%2Fv2%2Fcategories&post=311488"},{"taxonomy":"post_tag","embeddable":true,"href":"https:\/\/www.diarioimagen.net\/index.php?rest_route=%2Fwp%2Fv2%2Ftags&post=311488"}],"curies":[{"name":"wp","href":"https:\/\/api.w.org\/{rel}","templated":true}]}}