{"id":311492,"date":"2017-02-09T00:10:51","date_gmt":"2017-02-09T06:10:51","guid":{"rendered":"http:\/\/www.diarioimagen.net\/?p=311492"},"modified":"2017-02-09T03:13:01","modified_gmt":"2017-02-09T09:13:01","slug":"la-cultura-nacional-vs-la-cultura-de-la-corrupcion","status":"publish","type":"post","link":"https:\/\/www.diarioimagen.net\/?p=311492","title":{"rendered":"La cultura nacional vs \u201cla cultura de la corrupci\u00f3n\u201d"},"content":{"rendered":"<h2>\u00cdndice pol\u00edtico<\/h2>\n<h5>Francisco Rodr\u00edguez<\/h5>\n<p>&nbsp;<\/p>\n<div id=\"attachment_311569\" style=\"width: 470px\" class=\"wp-caption aligncenter\"><a href=\"http:\/\/www.diarioimagen.net\/?attachment_id=311569\" rel=\"attachment wp-att-311569\"><img loading=\"lazy\" decoding=\"async\" aria-describedby=\"caption-attachment-311569\" class=\"size-large wp-image-311569\" src=\"http:\/\/www.diarioimagen.net\/wp-content\/uploads\/2017\/02\/tabiques-pal-muro-LUIS-XAVIER-3054-460x355.jpg\" alt=\"\" width=\"460\" height=\"355\" srcset=\"https:\/\/www.diarioimagen.net\/wp-content\/uploads\/2017\/02\/tabiques-pal-muro-LUIS-XAVIER-3054-460x355.jpg 460w, https:\/\/www.diarioimagen.net\/wp-content\/uploads\/2017\/02\/tabiques-pal-muro-LUIS-XAVIER-3054-240x185.jpg 240w, https:\/\/www.diarioimagen.net\/wp-content\/uploads\/2017\/02\/tabiques-pal-muro-LUIS-XAVIER-3054-768x593.jpg 768w, https:\/\/www.diarioimagen.net\/wp-content\/uploads\/2017\/02\/tabiques-pal-muro-LUIS-XAVIER-3054.jpg 1200w\" sizes=\"auto, (max-width: 460px) 100vw, 460px\" \/><\/a><p id=\"caption-attachment-311569\" class=\"wp-caption-text\">Tabiques pa&#8217;l muro&#8230; | Luis Xavier<\/p><\/div>\n<p>&nbsp;<\/p>\n<p>Lleg\u00f3 la hora esperada, de regresar a las palabras su poder fundador, de conquista, de subversi\u00f3n. Es la gran tarea del presente mexicano, amenazado por ignorantes de dentro y de fuera. Nos quedan demasiadas armas culturales para resistir el embate de los embaucadores de toda estofa. Debemos rechazar las obras y documentos con pura estructura verbal, sin capacidad reveladora.<\/p>\n<p>Alentar todas las expresiones aut\u00e9nticas de la m\u00fasica, la pintura, las tradiciones nacionales, el arte cinematogr\u00e1fico, el libro, las grandes aportaciones de los colectivos digitales, la poes\u00eda, el teatro, el arte urbano, rural y pl\u00e1stico, las leyendas, mitos, tradiciones, el arte popular, que deber\u00e1n nutrir de hoy en adelante la formaci\u00f3n est\u00e9tica, literaria y cr\u00edtica de nuestra realidad.<\/p>\n<p>No es casual que la imaginaci\u00f3n, la espontaneidad y el ingenio de nuestro pueblo hayan querido ser desde\u00f1adas por fr\u00edos acad\u00e9micos locales pose\u00eddos del embrujo extranjero de los \u00f1o\u00f1os. La pintura, la m\u00fasica, la danza, la literatura, la gastronom\u00eda, la arquitectura y el teatro mexicano son elogiados en todas latitudes, menos ac\u00e1 en el rancho grande.<\/p>\n<p style=\"text-align: center;\"><strong>Los moches, detr\u00e1s de las exposiciones for\u00e1neas<\/strong><\/p>\n<p>Los encargados oficiales de la cultura buscan entre los saldos museogr\u00e1ficos de fuera, el pedacer\u00edo de las obras cl\u00e1sicas incompletas para traerlas al espacio de nuestras catedrales culturales, y as\u00ed poder cobrar los moches, indispensables para su ambici\u00f3n irrefrenable, aunque se lleven entre las patas cualquier dignidad, cualquier orgullo nacional.<\/p>\n<p>Estamos llamados por esta coyuntura hist\u00f3rica a refrescar la memoria del gran esfuerzo de construcci\u00f3n de este pa\u00eds, donde todo intento de exaltaci\u00f3n nacional ha sido un proceso de rebeld\u00eda anticolonial que siempre ha disgustado a las capas sociales que todav\u00eda insisten en preservar tenazmente toda dependencia estructural.<\/p>\n<p>Conocer a profundidad el mensaje de la cultura mexicana y latinoamericana es descubrir que sus expresiones culturales han producido un diapas\u00f3n generador de estados excitantes del esp\u00edritu, surgidos de costumbres, usos y tradiciones seculares que subliman lo mejor de la condici\u00f3n humana, as\u00ed como recriminan sus procederes.<\/p>\n<p style=\"text-align: center;\"><strong>Debemos afirmar nuestra identidad frente al mundo<\/strong><\/p>\n<p>\u00a0Son formidables testimonios de verdaderas haza\u00f1as de los ancestros, pr\u00f3ximos y lejanos, en su af\u00e1n por revelar los insondables secretos de la cultura y las aristas de nuestra aut\u00e9ntica antropolog\u00eda. Forman un haz de cuestiones, una conciencia de la tierra, que debemos establecer para afirmar nuestra identidad frente al mundo.<\/p>\n<p>Los medios masivos de comunicaci\u00f3n impresos y radioel\u00e9ctricos hacen caso omiso de cualquier obligaci\u00f3n con la identidad nacional. Repiten al extremo da\u00f1ino los sonsonetes musicales de la enajenaci\u00f3n tecno o la m\u00fasica industrial, que no ayuda. Es respetable, pero en estos momentos, superflua y vana.<\/p>\n<p>Todos estamos obligados a ponernos la pila. La prensa, la radio y la televisi\u00f3n p\u00fablica y privada, deben constituir veh\u00edculos de integraci\u00f3n nacional y enaltecimiento de la vida en com\u00fan y de sus valores. No es necesario hacer pol\u00edtica ficci\u00f3n cuando existen infinidad de problemas que deben ser tratados con m\u00ednimos de \u00e9tica y de imaginaci\u00f3n.<\/p>\n<p style=\"text-align: center;\"><strong>Destacar los frentes de lucha: el campo, la f\u00e1brica, la escuela\u2026<\/strong><\/p>\n<p>Dejar de producir programas para \u201cjodidos\u201d \u2013El Tigre Azc\u00e1rraga dixit\u2014 y desesperanzados es impostergable. En su lugar, adecuar los argumentos a la realidad social, orientar al pueblo para que adquiera conciencia de la necesidad imperiosa de su transformaci\u00f3n econ\u00f3mica, laboral, social y cultural. Destacar los frentes de lucha primigenios: el campo, la f\u00e1brica, la escuela, el trabajo.<\/p>\n<p>Propiciar y estimular el estudio de la realidad nacional y de nuestra intrincada y generosa geograf\u00eda. Contribuir a desarrollar la capacidad de organizaci\u00f3n, redistribuci\u00f3n de los beneficios y aprendizaje de las tecnolog\u00edas de punta entre las clases despose\u00eddas. Todos vamos en el mismo barco.<\/p>\n<p>Promover y difundir el conocimiento de los valores entra\u00f1ables, folcl\u00f3ricos y art\u00edsticos del pa\u00eds, con objeto de estimular la manifestaci\u00f3n de las expresiones aut\u00e9nticas de la cultura nacional y latinoamericana, como un primer paso para recuperar las ra\u00edces comunes y dirigir nuestra mirada hacia los iguales.<\/p>\n<p style=\"text-align: center;\"><strong>Los enclaves enajenantes nos indujeron a la sumisi\u00f3n<\/strong><\/p>\n<p>Difundir los valores universales de la cultura hacia todos los sectores y regiones, a trav\u00e9s de permanente interacci\u00f3n, como una labor principal, dentro de la larga cadena de perfeccionamiento democr\u00e1tico y de olvido de los enclaves enajenantes que nos indujeron a la sumisi\u00f3n.<\/p>\n<p>Es indispensable que los medios masivos de comunicaci\u00f3n impresos y radioel\u00e9ctricos asuman su responsabilidad en cuanto a la verdadera formaci\u00f3n de una opini\u00f3n p\u00fablica, a trav\u00e9s de la informaci\u00f3n veraz y del an\u00e1lisis de consuno, de los problemas sociales m\u00e1s importantes a resolver para la convivencia pac\u00edfica y alerta.<\/p>\n<p>Lograr a muy corto plazo, porque estos tiempos convulsos no esperan, que, en una actitud honesta y responsable, pasen por el cedazo de los medios masivos de comunicaci\u00f3n, las cuentas nacionales, los presupuestos de inversi\u00f3n y recuperaci\u00f3n, la transparencia administrativa, el juicio popular contra la corrupci\u00f3n que nos corroe.<\/p>\n<p style=\"text-align: center;\"><strong>El bill\u00f3n de pesos, de las ZEE: \u00a1debe crear 10 millones de empleos!<\/strong><\/p>\n<p>Que la gente sepa, por ejemplo, que cualquier pa\u00eds latinoamericano que recibiera la inversi\u00f3n extranjera directa que recibe M\u00e9xico, en los a\u00f1os menos afortunados, le alcanzar\u00eda para crear m\u00e1s de un mill\u00f3n de empleos anualmente. Si eso pasara aqu\u00ed en el rancho grande, en estos cuatro a\u00f1os se hubiera acabado con el c\u00e1ncer del desempleo, y hasta hubiera sobrado para proporcionar seguros por paro a todos los indigentes.<\/p>\n<p>Saber, por ejemplo, que el dinero que iban a tirar al ca\u00f1o de la corrupci\u00f3n en el capital inicial de las Zonas Econ\u00f3micas Exclusivas de Videgaray \u2014y su socio en \u00e9ste y otros bisnes, Gerardo Guti\u00e9rrez Candiani\u2014, un bill\u00f3n de pesos, alcanzar\u00eda para crear, a raz\u00f3n de cien mil pesos por cada puesto de trabajo, m\u00e1s de diez millones de nuevos empleos. Los suficientes para dar trabajo a desempleados y migrantes.<\/p>\n<p style=\"text-align: center;\"><strong>Libertad cultural de expresi\u00f3n: refuerzo de la conciencia colectiva<\/strong><\/p>\n<p>Todo pa\u00eds en emergencia requiere de la participaci\u00f3n consciente de sus ciudadanos en los procesos de producci\u00f3n y en la toma de decisiones pol\u00edticas. Debemos detener a todo costo la cifra de analfabetas, de desnutridos, de la insalubridad\u2026 y establecer la presencia de mayores oportunidades de trabajo, de una mejor distribuci\u00f3n de los ingresos, de una mayor afluencia a las fuentes formativas de la cultura popular.<\/p>\n<p>La cultura es un derecho pol\u00edtico por excelencia. La libertad cultural de expresi\u00f3n, antes de ser considerada como la posibilidad de opinar sobre cualquier materia p\u00fablica, debe ser entendida como el reforzamiento de la conciencia colectiva sobre la problem\u00e1tica del pa\u00eds en que se vive. Si no es as\u00ed, se trata de una apariencia, de un decorado en la sala.<\/p>\n<p style=\"text-align: center;\"><strong>El derecho a la cultura, para salvarnos del naufragio anunciado<\/strong><\/p>\n<p>Los grupos del poder deben defender y respetar la conciencia pol\u00edtica del pueblo. Esto puede lograrse a trav\u00e9s de los medios de comunicaci\u00f3n masiva y su empe\u00f1o por recuperar el tiempo perdido, reconstruir los grandes per\u00edodos hist\u00f3ricos de adulaci\u00f3n al poderoso y de complicidad con ellos.<\/p>\n<p>Empecemos por respetar los derechos pol\u00edticos e inalienables de la cultura. Es el primer paso para salvarnos del naufragio. Tener lo que aqu\u00e9llos nunca han tenido. Que pasen lista la m\u00fasica, el teatro, la cinematograf\u00eda, la poes\u00eda, la literatura, las ciencias, las redes digitales, la danza, y todas las expresiones vern\u00e1culas y\u00a0 art\u00edsticas de nuestro pueblo.<\/p>\n<p>\u00bfO usted qu\u00e9 har\u00eda?<\/p>\n<p><strong><em>\u00cdndice Flam\u00edgero:<\/em><\/strong> Excelentes reportajes sobre nuestra cultura, hace dos noches la gastron\u00f3mica de Oaxaca, ha presentado Carolina Rocha Menocal en Hechos, que conduce Javier Alatorre en TV Azteca. + + + Este jueves y ma\u00f1ana viernes, Alfonso Navarrete Prida estar\u00e1 en la capital imperial para informar a quienes debe que la reforma laboral antiobrera ya es constitucional. Tal confirma que las muy presumidas \u201creformas estructurales\u201d fueron ordenadas y escritas en Washington. El secretario del Trabajo va como ni\u00f1o aplicado a que le pongan una estrellita en la frente, pero seguramente la nueva administraci\u00f3n trumpiana le exigir\u00e1 m\u00e1s. + + + Reflexi\u00f3n de don Rub\u00e9n M\u00fajica V\u00e9lez: \u201c\u00a1Atr\u00e1s de la raya que estoy chambiando! Nuevas frases de inolvidable \u201ccontundencia\u201d del ex protagonista mexicano: 1.- A los expulsados por Trump: \u201cNo est\u00e1n solos&#8230; yo tambi\u00e9n\u201d 2.- A los mismos: \u201cM\u00e9xico&#8230; tierra de oportunidades&#8230; pero hasta el a\u00f1o 2040\u201d. Al sombr\u00edo futuro se a\u00f1aden las palabras huecas, la sumisi\u00f3n expl\u00edcita, el santanismo a todo trapo. \u00bfPor qu\u00e9 en \u00e9poca aciaga tenemos solo hom\u00fanculos genuflexos, desvertebrados? Y el \u201chombre de confianza&#8230; de Trump, Videgaray, acude presuroso a EU \u00bfa recibir nuevas ofensas en \u201cacuerdos en lo oscurito&#8230; o nuevas cesiones en el altar del energ\u00fameno?\u201d + + + Con la novedad de que el abogado de Juan Armando Hinojosa Cant\u00fa y de su \u201cconstructora\u201d Higa, Ulrich Richter Morales, anda muy activo, contento y entusiasmado en el c\u00edrculo \u00edntimo de AMLO. Se le ha visto poco antes del anuncio de los coordinadores \u2014y a partir de ello, todav\u00eda m\u00e1s\u2014 con sus libritos de participaci\u00f3n ciudadana bajo el brazo, reparti\u00e9ndolos a diestra y siniestra, como voceador de cualquier esquina del centro. Hay quienes se preguntan si \u00bfpasar\u00e1 de ser defensor de Hinojosa a verdugo del mismo? Hay quienes apuestan a que s\u00ed. A que, a partir de su distra\u00edda moral y lealtad veleta, el resultado es obvio. Qu\u00e9 luego no se espanten, porque as\u00ed como trae la cajuela de su auto plet\u00f3rico de sus libritos, comparten el espacio los expedientes de Hinojosa Cant\u00fa\u2013Higa. + + + Una buena entre muchas malas: M\u00e9xico fue ratificado en enero de 2017 por el Consejo Mundial de Debate como la ubicaci\u00f3n del 38\u00b0 Campeonato Mundial Universitario de Debate (WUDC por sus siglas en ingl\u00e9s), el cual se llevar\u00e1 a cabo del 27 de diciembre de 2017 al 4 de enero de 2018. El WUDC es uno de los eventos intelectuales m\u00e1s importantes del mundo a nivel licenciatura, maestr\u00eda y doctorado: cada a\u00f1o participan cerca de mil debatientes y un total de mil 300 personas. El Comit\u00e9 Organizador del evento, del que forma parte Marco Vinicio B\u00e1rcena Rodr\u00edguez, como vicepresidente, se compone de m\u00e1s de veinte j\u00f3venes y por primera vez este campeonato tendr\u00e1 lugar en Iberoam\u00e9rica. M\u00e9xico recibir\u00e1 a j\u00f3venes provenientes de m\u00e1s de 200 universidades extranjeras como Oxford y Cambridge, de Reino Unido; Monash, de Australia; Harvard, de Estados Unidos; la Universidad de Tel Aviv, de Israel, y la Universidad Tecnol\u00f3gica de MARA, perteneciente a Malasia. Asimismo, competir\u00e1n universidades nacionales como el Instituto Tecnol\u00f3gico y de Estudios Superiores de Monterrey (ITESM), el Instituto Tecnol\u00f3gico Aut\u00f3nomo de M\u00e9xico (ITAM) y se lanzar\u00e1 una convocatoria para que participen m\u00e1s universidades de nuestro pa\u00eds. + + + Sugiriendo discreci\u00f3n, El Poeta del Nopal \u2014alter ego de don Alfredo \u00c1lvarez Barr\u00f3n\u2014 env\u00eda su epigrama titulado \u201cUn d\u00eda sin mexicanos\u201d:<\/p>\n<p>Insultan, sin miramientos,<\/p>\n<p>en su fatal cerraz\u00f3n,<\/p>\n<p>al hombre que con tes\u00f3n<\/p>\n<p>cultiva sus alimentos;<\/p>\n<p>ins\u00f3litos argumentos,<\/p>\n<p>fuera de tiempo y lugar,<\/p>\n<p>tendr\u00e1n que poner a enfriar<\/p>\n<p>sus ganas republicanas<\/p>\n<p>pues son manos mexicanas<\/p>\n<p>\u00a1las que les dan de tragar!<\/p>\n<p>Y un addendum del mismo Poeta:<\/p>\n<p>Y aprovechando la cita, Alentar todas las expresiones aut\u00e9nticas de la m\u00fasica, la pintura, las tradiciones nacionales, el arte cinematogr\u00e1fico, el libro, las grandes aportaciones de los colectivos digitales, la poes\u00eda, el teatro, el arte urbano, rural y pl\u00e1stico, las leyendas, mitos, tradiciones, el arte popular, que deber\u00e1n nutrir de hoy en adelante la formaci\u00f3n est\u00e9tica, literaria y cr\u00edtica de nuestra realidada Trump, sin ning\u00fan pesar,le podr\u00edamos recordar<\/p>\n<p>\u00a1a su santa madrecita!<\/p>\n<p><em><a href=\"http:\/\/www.indicepolitico.com\/\" target=\"_blank\">www.indicepolitico.com<\/a><\/em><br \/>\n<em><a href=\"mailto:pacorodriguez@journalist.com\" target=\"_blank\">pacorodriguez@journalist.com<\/a><\/em><br \/>\n<em> <a href=\"https:\/\/twitter.com\/pacorodriguez\" target=\"_blank\">@pacorodriguez<\/a><\/em><\/p>\n","protected":false},"excerpt":{"rendered":"<p><span style=\"color: #005497;\"><strong>Francisco Rodr\u00edguez<\/strong><\/span><br \/>\n<br \/>\nLleg\u00f3 la hora esperada, de regresar a las palabras su poder fundador, de conquista, de subversi\u00f3n. Es la gran tarea del presente mexicano, amenazado por ignorantes de dentro y de fuera. <\/p>\n","protected":false},"author":3,"featured_media":311569,"comment_status":"open","ping_status":"open","sticky":false,"template":"","format":"standard","meta":{"_monsterinsights_skip_tracking":false,"_monsterinsights_sitenote_active":false,"_monsterinsights_sitenote_note":"","_monsterinsights_sitenote_category":0,"footnotes":""},"categories":[549],"tags":[43689,550,43674],"class_list":["post-311492","post","type-post","status-publish","format-standard","has-post-thumbnail","hentry","category-francisco-rodriguez","tag-francisco-rodriguez","tag-indice-politico","tag-opinion"],"_links":{"self":[{"href":"https:\/\/www.diarioimagen.net\/index.php?rest_route=\/wp\/v2\/posts\/311492","targetHints":{"allow":["GET"]}}],"collection":[{"href":"https:\/\/www.diarioimagen.net\/index.php?rest_route=\/wp\/v2\/posts"}],"about":[{"href":"https:\/\/www.diarioimagen.net\/index.php?rest_route=\/wp\/v2\/types\/post"}],"author":[{"embeddable":true,"href":"https:\/\/www.diarioimagen.net\/index.php?rest_route=\/wp\/v2\/users\/3"}],"replies":[{"embeddable":true,"href":"https:\/\/www.diarioimagen.net\/index.php?rest_route=%2Fwp%2Fv2%2Fcomments&post=311492"}],"version-history":[{"count":0,"href":"https:\/\/www.diarioimagen.net\/index.php?rest_route=\/wp\/v2\/posts\/311492\/revisions"}],"wp:featuredmedia":[{"embeddable":true,"href":"https:\/\/www.diarioimagen.net\/index.php?rest_route=\/wp\/v2\/media\/311569"}],"wp:attachment":[{"href":"https:\/\/www.diarioimagen.net\/index.php?rest_route=%2Fwp%2Fv2%2Fmedia&parent=311492"}],"wp:term":[{"taxonomy":"category","embeddable":true,"href":"https:\/\/www.diarioimagen.net\/index.php?rest_route=%2Fwp%2Fv2%2Fcategories&post=311492"},{"taxonomy":"post_tag","embeddable":true,"href":"https:\/\/www.diarioimagen.net\/index.php?rest_route=%2Fwp%2Fv2%2Ftags&post=311492"}],"curies":[{"name":"wp","href":"https:\/\/api.w.org\/{rel}","templated":true}]}}