{"id":311494,"date":"2017-02-09T00:09:22","date_gmt":"2017-02-09T06:09:22","guid":{"rendered":"http:\/\/www.diarioimagen.net\/?p=311494"},"modified":"2017-02-10T03:16:07","modified_gmt":"2017-02-10T09:16:07","slug":"politicos-de-segunda-y-tercera-generacion","status":"publish","type":"post","link":"https:\/\/www.diarioimagen.net\/?p=311494","title":{"rendered":"Pol\u00edticos de segunda y tercera generaci\u00f3n"},"content":{"rendered":"<h2>De frente y de perfil<\/h2>\n<h5>Ram\u00f3n Zurita Sahag\u00fan<\/h5>\n<p>&nbsp;<\/p>\n<div id=\"attachment_311563\" style=\"width: 470px\" class=\"wp-caption aligncenter\"><a href=\"http:\/\/www.diarioimagen.net\/?attachment_id=311563\" rel=\"attachment wp-att-311563\"><img loading=\"lazy\" decoding=\"async\" aria-describedby=\"caption-attachment-311563\" class=\"size-large wp-image-311563\" src=\"http:\/\/www.diarioimagen.net\/wp-content\/uploads\/2017\/02\/ZURITA-3054-460x259.jpg\" alt=\"\" width=\"460\" height=\"259\" srcset=\"https:\/\/www.diarioimagen.net\/wp-content\/uploads\/2017\/02\/ZURITA-3054-460x259.jpg 460w, https:\/\/www.diarioimagen.net\/wp-content\/uploads\/2017\/02\/ZURITA-3054-240x135.jpg 240w, https:\/\/www.diarioimagen.net\/wp-content\/uploads\/2017\/02\/ZURITA-3054-235x132.jpg 235w, https:\/\/www.diarioimagen.net\/wp-content\/uploads\/2017\/02\/ZURITA-3054-202x114.jpg 202w, https:\/\/www.diarioimagen.net\/wp-content\/uploads\/2017\/02\/ZURITA-3054-350x196.jpg 350w, https:\/\/www.diarioimagen.net\/wp-content\/uploads\/2017\/02\/ZURITA-3054-220x123.jpg 220w, https:\/\/www.diarioimagen.net\/wp-content\/uploads\/2017\/02\/ZURITA-3054-237x132.jpg 237w, https:\/\/www.diarioimagen.net\/wp-content\/uploads\/2017\/02\/ZURITA-3054.jpg 480w\" sizes=\"auto, (max-width: 460px) 100vw, 460px\" \/><\/a><p id=\"caption-attachment-311563\" class=\"wp-caption-text\">Alfredo del Mazo Maza puede llegar a ser el tercero de ese nombre en gobernar la entidad m\u00e1s poblada del pa\u00eds.<\/p><\/div>\n<p>&nbsp;<\/p>\n<p>La candidatura a gobernador del Estado de M\u00e9xico de Alfredo del Mazo Maza, puede llevarlo a ser el tercero de ese nombre en gobernar la entidad m\u00e1s poblada del pa\u00eds y revivir una vieja tradici\u00f3n de los pol\u00edticos mexicanos que desean continuar los pasos que dejaron marcados en ese terreno abuelos y padres.<\/p>\n<p>Del Mazo Maza ser\u00eda el segundo de las generaciones actuales en proseguir con la semilla germinada por el abuelo y padre y el primero en hacerlo con los mismos nombres.<\/p>\n<p>Antes de los Del Mazo, la familia C\u00e1rdenas los antecede en tiempo y espacios varios, ya que primero fue L\u00e1zaro C\u00e1rdenas, despu\u00e9s su hijo, Cuauht\u00e9moc y su nieto L\u00e1zaro, los que han gobernado Michoac\u00e1n, sin contar a D\u00e1maso, hermano del general que tambi\u00e9n gobern\u00f3 esa entidad y Cuauht\u00e9moc que tambi\u00e9n lo hizo en el Distrito Federal.<\/p>\n<p>Los Del Mazo no han llegado a tanto, aunque forman una familia amplia en que sobrinos y primos han continuado con la tradici\u00f3n pol\u00edtica de la familia y hoy mismo vemos a otros que han gobernado el mismo Estado de M\u00e9xico y hasta han llegado a la Presidencia de la Rep\u00fablica.<\/p>\n<p>Son muchos los hijos y nietos de pol\u00edticos que como los C\u00e1rdenas y los Del Mazo pretenden seguir los ejemplos de abuelos y padres, aunque les ha sido dif\u00edcil concretarlo.<\/p>\n<p>Varios intentos infructuosos llevan los hermanos Rojo por convertirse en candidatos al gobierno de Hidalgo, tratando de seguir los pasos de su abuelo Javier Rojo G\u00f3mez y su padre Jorge Rojo Lugo, que s\u00ed lograron ser nominados por su partido y ganar los comicios. Incluso el abuelo, Javier fue gobernador del territorio de Quintana Roo.<\/p>\n<p>En Tabasco, Federico Madrazo es diputado local y pretende convertirse en candidato a gobernador de su nuevo partido, el Verde, para competir en los comicios del 2018. Su abuelo Carlos y su padre Roberto, gobernaron esa entidad postulados por el mismo partido, el Revolucionario Institucional.<\/p>\n<p>De convertirse en candidato y ganar, Federico escribir\u00eda una historia similar a la de los C\u00e1rdenas, ya que el general y Cuauht\u00e9moc lo hicieron con las siglas el PRI y L\u00e1zaro nieto con las del PRD, partido que tambi\u00e9n lo llev\u00f3 al poder en la capital del pa\u00eds.<\/p>\n<p>Caso contrario es el de los Del Mazo, ya que los tres compitieron por el mismo partido (PRI).<\/p>\n<p>En Chiapas, solamente se produjo una segunda generaci\u00f3n, ya que el abuelo Manuel Velasco Su\u00e1rez gobern\u00f3 la entidad, pero Manuel Velasco Siles no lo hizo, ya que muri\u00f3 muy joven, pero su hijo sigui\u00f3 la tradici\u00f3n y es actualmente gobernador de esa entidad, Manuel Velasco Coello. Velasco Su\u00e1rez compiti\u00f3 por el PRI y su nieto Velasco Coello por el Verde.<\/p>\n<p>Otro caso parecido es el de Puebla, donde Rafael Moreno Valle gobern\u00f3 la entidad, aunque representando los colores del PRI y su nieto del mismo nombre termin\u00f3 su gesti\u00f3n hace unos d\u00edas y ahora aspira a la candidatura presidencial, pero por Acci\u00f3n Nacional.<\/p>\n<p>Francisco Espartaco Garc\u00eda fue gobernador de Zacatecas y 40 despu\u00e9s lo hizo su hija, Amalia Garc\u00eda Medina, aunque el primero lo hizo bajo las siglas del PRI y la segunda del PRD.<\/p>\n<p>Pero en eso de las herencias pol\u00edticas y en basar parte de su riqueza electoral en los antecedentes familiares, hay una serie de personajes que pretenden competir pr\u00f3ximamente como candidatos a gobernador, luego de que su padre consiguiera hacerlo en la misma entidad.<\/p>\n<p>Un caso especial es el de Antonio Echevarr\u00eda Dom\u00ednguez, quien gobern\u00f3 Nayarit y anuncia ahora la dinast\u00eda Echevarr\u00eda que habr\u00e1 de gobernar el estado por muchos a\u00f1os. Su hijo Antonio Echevarr\u00eda Garc\u00eda busca la candidatura del PAN para aspirar a lo que su padre profetiz\u00f3.<\/p>\n<p>La esposa de Echevarr\u00eda Dom\u00ednguez y madre de Echevarr\u00eda Garc\u00eda ya lo intent\u00f3 y no lo consigui\u00f3, ya que Martha Elena Garc\u00eda G\u00f3mez fracas\u00f3 en los comicios de hace seis a\u00f1os, cuando compiti\u00f3 con el emblema de Acci\u00f3n Nacional.<\/p>\n<p>Carlos Mendoza Davis y su padre \u00c1ngel C\u00e9sar Mendoza Ar\u00e1mburu han gobernado Baja California Sur, el primero lo hace actualmente, despu\u00e9s de ganar con los colores del PAN, su padre lo hizo por el PRI y fue el primer gobernador electo.<\/p>\n<p>En Oaxaca gobierna actualmente Alejandro Ismael Murat Hinojosa, hijo de Jos\u00e9 Murat Casab, quien lo hizo tres sexenios antes, ambos por el PRI.<\/p>\n<p>Los hermanos Moreira, Humberto y Rub\u00e9n ganaron los comicios bajo los colores del PRI en Coahuila y lo hicieron en forma consecutiva.<\/p>\n<p>Durante los largos a\u00f1os de la democracia mexicana inaugurada con la creaci\u00f3n de los partidos pol\u00edticos actuales, muchos padres e hijos han conseguido gobernar algunas entidades del pa\u00eds.<\/p>\n<p>Miguel Alem\u00e1n Valdez y Miguel Alem\u00e1n Velasco lo hicieron en Veracruz, aunque el primero alcanz\u00f3 la Presidencia de la Rep\u00fablica y el segundo aspir\u00f3, pero sin \u00e9xito a la candidatura del PRI.<\/p>\n<p>Manuel Bartlett Bautista fue gobernador de Tabasco, respaldado por el PRI y su hijo del mismo nombre, Manuel Bartlett D\u00edaz, lo hizo defendiendo los mismos colores en Puebla.<\/p>\n<p>Antonio Calzada Urquiza gobern\u00f3 Quer\u00e9taro en la d\u00e9cada de los 70 y su hijo, Jos\u00e9 Eduardo Rovirosa Calzada lo hizo en pleno siglo XXI, los dos fueron candidatos del mismo partido, el PRI.<\/p>\n<p>Otros casos como el de Juan Sabines quien gobern\u00f3 con el emblema del PRI en forma interina Chiapas y su hijo Juan Jos\u00e9 Sabines gan\u00f3 los comicios con los colores del PRD.<\/p>\n<p>Hay varios que se quedaron con las ganas de seguir los pasos del padre en ese terreno, como H\u00e9ctor Hugo Olivares Ventura que no pudo ganar los comicios en Aguascalientes, como si lo hizo a\u00f1os antes su padre Enrique Olivares Santana.<\/p>\n<p>En la fila est\u00e1n formados muchos cachorros m\u00e1s de alcurnia pol\u00edtica.<\/p>\n<p><em><a href=\"mailto:ramonzurita44@hotmail.com\" target=\"_blank\">ramonzurita44@hotmail.com<\/a><\/em><\/p>\n","protected":false},"excerpt":{"rendered":"<p><span style=\"color: #005497;\"><strong>Ram\u00f3n Zurita Sahag\u00fan<\/strong><\/span><br \/>\n<br \/>\nLa candidatura a gobernador del Estado de M\u00e9xico de Alfredo del Mazo Maza, puede llevarlo a ser el tercero de ese nombre en gobernar la entidad m\u00e1s poblada del pa\u00eds y revivir una vieja tradici\u00f3n de los pol\u00edticos mexicanos que desean continuar los pasos que dejaron marcados en ese terreno abuelos y padres.<\/p>\n","protected":false},"author":3,"featured_media":311563,"comment_status":"open","ping_status":"open","sticky":false,"template":"","format":"standard","meta":{"_monsterinsights_skip_tracking":false,"_monsterinsights_sitenote_active":false,"_monsterinsights_sitenote_note":"","_monsterinsights_sitenote_category":0,"footnotes":""},"categories":[234],"tags":[304,43674,43687],"class_list":["post-311494","post","type-post","status-publish","format-standard","has-post-thumbnail","hentry","category-ramon-zurita-sahagun","tag-de-frente-y-de-perfil","tag-opinion","tag-ramon-zurita-sahagun"],"_links":{"self":[{"href":"https:\/\/www.diarioimagen.net\/index.php?rest_route=\/wp\/v2\/posts\/311494","targetHints":{"allow":["GET"]}}],"collection":[{"href":"https:\/\/www.diarioimagen.net\/index.php?rest_route=\/wp\/v2\/posts"}],"about":[{"href":"https:\/\/www.diarioimagen.net\/index.php?rest_route=\/wp\/v2\/types\/post"}],"author":[{"embeddable":true,"href":"https:\/\/www.diarioimagen.net\/index.php?rest_route=\/wp\/v2\/users\/3"}],"replies":[{"embeddable":true,"href":"https:\/\/www.diarioimagen.net\/index.php?rest_route=%2Fwp%2Fv2%2Fcomments&post=311494"}],"version-history":[{"count":0,"href":"https:\/\/www.diarioimagen.net\/index.php?rest_route=\/wp\/v2\/posts\/311494\/revisions"}],"wp:featuredmedia":[{"embeddable":true,"href":"https:\/\/www.diarioimagen.net\/index.php?rest_route=\/wp\/v2\/media\/311563"}],"wp:attachment":[{"href":"https:\/\/www.diarioimagen.net\/index.php?rest_route=%2Fwp%2Fv2%2Fmedia&parent=311494"}],"wp:term":[{"taxonomy":"category","embeddable":true,"href":"https:\/\/www.diarioimagen.net\/index.php?rest_route=%2Fwp%2Fv2%2Fcategories&post=311494"},{"taxonomy":"post_tag","embeddable":true,"href":"https:\/\/www.diarioimagen.net\/index.php?rest_route=%2Fwp%2Fv2%2Ftags&post=311494"}],"curies":[{"name":"wp","href":"https:\/\/api.w.org\/{rel}","templated":true}]}}