{"id":311514,"date":"2017-02-09T00:07:59","date_gmt":"2017-02-09T06:07:59","guid":{"rendered":"http:\/\/www.diarioimagen.net\/?p=311514"},"modified":"2017-02-09T02:24:14","modified_gmt":"2017-02-09T08:24:14","slug":"seguridad-en-paris","status":"publish","type":"post","link":"https:\/\/www.diarioimagen.net\/?p=311514","title":{"rendered":"Seguridad en Par\u00eds"},"content":{"rendered":"<h2>Detr\u00e1s del Poder<\/h2>\n<h5>Jos\u00e9 Antonio L\u00f3pez Sosa<\/h5>\n<p>&nbsp;<\/p>\n<p><strong>Par\u00eds, Francia<\/strong>.- No perdimos oportunidad en las horas que tuvimos libres en el marco de la cobertura aeron\u00e1utica que venimos haciendo, para ir al centro de Par\u00eds y tener de primera mano, una percepci\u00f3n m\u00e1s clara del tema de la seguridad tras el incidente la semana pasada en la entrada del museo de Louvre.<\/p>\n<p>Llegamos en RER (sistema ferroviario suburbano) hasta la Torre Eiffel, hay un doble dispositivo de seguridad donde las revisiones son exhaustivas a los visitantes, el polic\u00eda checa a cada persona, bolsas y mochilas son sujetas a una minuciosa inspecci\u00f3n.<\/p>\n<p>Al ingresar a la torre hay otra revisi\u00f3n, son eficientes para el n\u00famero de personas que est\u00e1 ingresando por minuto, los letreros avisan que las revisiones son para la seguridad de todos.<\/p>\n<p>Los accesos a la catedral de Notre Dam, a las aceras de los Campos El\u00edseos tambi\u00e9n tienen filtros de revisi\u00f3n que hace un par de a\u00f1os no exist\u00edan. Los parisinos parecen estar acoplados a estas revisiones toda vez que les garantizan seguridad.<\/p>\n<p>La polic\u00eda est\u00e1 alerta y en constantes revisiones, sin embargo fuera de los puntos de inspecci\u00f3n no se dejan ver en forma aparatosa, tratan de ser lo m\u00e1s discretos posibles para no generar un clima de excesos policiales en la ciudad.<\/p>\n<p>Paris y Francia en general han padecido episodios de incertidumbre en los \u00faltimos a\u00f1os, ataques terroristas que pusieron en diferentes ocasiones las miradas del mundo aqu\u00ed, sin embargo esta, la ciudad m\u00e1s visitada del mundo sigue con la vocaci\u00f3n tur\u00edstica que le caracteriza y los puntos de inspecci\u00f3n coadyuvan para mantener seguras las zonas m\u00e1s visitadas en la capital francesa.<\/p>\n<p>La seguridad en Par\u00eds es prioridad para las autoridades y as\u00ed lo dejan ver los puntos de inspecci\u00f3n que est\u00e1n constantemente revisando a miles de personas. Ni hablar -dice un parisino con el que charl\u00e9-, es la realidad que nos toc\u00f3 y cooperamos para que pronto todo vuelva a ser como antes, asegur\u00f3.<\/p>\n<p><em><a href=\"http:\/\/www.lopezsosa.com\" target=\"_blank\">www.lopezsosa.com<\/a><\/em><br \/>\n<em><a href=\"mailto:joseantonio@lopezsosa.com\" target=\"_blank\">joseantonio@lopezsosa.com<\/a><\/em><br \/>\n<em><a href=\"http:\/\/twitter.com\/joseantonio1977\" target=\"_blank\">@joseantonio1977<\/a><\/em><\/p>\n","protected":false},"excerpt":{"rendered":"<p><span style=\"color: #005497;\"><strong>Jos\u00e9 Antonio L\u00f3pez Sosa<\/strong><\/span><\/p>\n","protected":false},"author":3,"featured_media":0,"comment_status":"open","ping_status":"open","sticky":false,"template":"","format":"standard","meta":{"_monsterinsights_skip_tracking":false,"_monsterinsights_sitenote_active":false,"_monsterinsights_sitenote_note":"","_monsterinsights_sitenote_category":0,"footnotes":""},"categories":[637],"tags":[638,2115,43690,43674,1264],"class_list":["post-311514","post","type-post","status-publish","format-standard","hentry","category-jose-antonio-lopez-sosa","tag-detras-del-poder","tag-francia","tag-jose-antonio-lopez-sosa","tag-opinion","tag-paris"],"_links":{"self":[{"href":"https:\/\/www.diarioimagen.net\/index.php?rest_route=\/wp\/v2\/posts\/311514","targetHints":{"allow":["GET"]}}],"collection":[{"href":"https:\/\/www.diarioimagen.net\/index.php?rest_route=\/wp\/v2\/posts"}],"about":[{"href":"https:\/\/www.diarioimagen.net\/index.php?rest_route=\/wp\/v2\/types\/post"}],"author":[{"embeddable":true,"href":"https:\/\/www.diarioimagen.net\/index.php?rest_route=\/wp\/v2\/users\/3"}],"replies":[{"embeddable":true,"href":"https:\/\/www.diarioimagen.net\/index.php?rest_route=%2Fwp%2Fv2%2Fcomments&post=311514"}],"version-history":[{"count":0,"href":"https:\/\/www.diarioimagen.net\/index.php?rest_route=\/wp\/v2\/posts\/311514\/revisions"}],"wp:attachment":[{"href":"https:\/\/www.diarioimagen.net\/index.php?rest_route=%2Fwp%2Fv2%2Fmedia&parent=311514"}],"wp:term":[{"taxonomy":"category","embeddable":true,"href":"https:\/\/www.diarioimagen.net\/index.php?rest_route=%2Fwp%2Fv2%2Fcategories&post=311514"},{"taxonomy":"post_tag","embeddable":true,"href":"https:\/\/www.diarioimagen.net\/index.php?rest_route=%2Fwp%2Fv2%2Ftags&post=311514"}],"curies":[{"name":"wp","href":"https:\/\/api.w.org\/{rel}","templated":true}]}}