{"id":311591,"date":"2017-02-10T00:07:46","date_gmt":"2017-02-10T06:07:46","guid":{"rendered":"http:\/\/www.diarioimagen.net\/?p=311591"},"modified":"2017-02-12T22:45:34","modified_gmt":"2017-02-13T04:45:34","slug":"invita-eruviel-avila-a-rexnord-a-instalarse-en-edomex","status":"publish","type":"post","link":"https:\/\/www.diarioimagen.net\/?p=311591","title":{"rendered":"Invita Eruviel \u00c1vila a Rexnord a instalarse en la entidad"},"content":{"rendered":"<ul>\n<li><strong><em>Destaca registro del BM que lo ubica como el 2o. en facilidades para invertir<\/em><\/strong><\/li>\n<\/ul>\n<p>&nbsp;<\/p>\n<div id=\"attachment_311790\" style=\"width: 470px\" class=\"wp-caption aligncenter\"><a href=\"http:\/\/www.diarioimagen.net\/?attachment_id=311790\" rel=\"attachment wp-att-311790\"><img loading=\"lazy\" decoding=\"async\" aria-describedby=\"caption-attachment-311790\" class=\"size-large wp-image-311790\" src=\"http:\/\/www.diarioimagen.net\/wp-content\/uploads\/2017\/02\/rexnord-3055-460x259.jpg\" alt=\"\" width=\"460\" height=\"259\" srcset=\"https:\/\/www.diarioimagen.net\/wp-content\/uploads\/2017\/02\/rexnord-3055-460x259.jpg 460w, https:\/\/www.diarioimagen.net\/wp-content\/uploads\/2017\/02\/rexnord-3055-240x135.jpg 240w, https:\/\/www.diarioimagen.net\/wp-content\/uploads\/2017\/02\/rexnord-3055-235x132.jpg 235w, https:\/\/www.diarioimagen.net\/wp-content\/uploads\/2017\/02\/rexnord-3055-202x114.jpg 202w, https:\/\/www.diarioimagen.net\/wp-content\/uploads\/2017\/02\/rexnord-3055-350x196.jpg 350w, https:\/\/www.diarioimagen.net\/wp-content\/uploads\/2017\/02\/rexnord-3055-220x123.jpg 220w, https:\/\/www.diarioimagen.net\/wp-content\/uploads\/2017\/02\/rexnord-3055-237x132.jpg 237w, https:\/\/www.diarioimagen.net\/wp-content\/uploads\/2017\/02\/rexnord-3055.jpg 480w\" sizes=\"auto, (max-width: 460px) 100vw, 460px\" \/><\/a><p id=\"caption-attachment-311790\" class=\"wp-caption-text\">Eruviel \u00c1vila Villegas invit\u00f3 a la empresa Rexnord a considerar al Estado de M\u00e9xico para instalar su planta de rodamientos industriales.<\/p><\/div>\n<p>&nbsp;<\/p>\n<p><strong>Toluca, Estado de M\u00e9xico<\/strong>.- El gobernador Eruviel \u00c1vila Villegas invit\u00f3 a la empresa fabricante de productos para la miner\u00eda e industriales Rexnord, a considerar al Estado de M\u00e9xico para instalarse, ante el inter\u00e9s que la empresa ha manifestado detrasladar a nuestro pa\u00eds su planta de rodamientos industriales.<\/p>\n<p>\u201cEl Banco Mundial coloca al #Edom\u00e9x como el 2o. estado con mayores facilidades para invertir, por ello buscaremos incrementarlas para que inviertan en nuestra entidad. Hacemos la invitaci\u00f3n para que #Rexnord considere al Estado de M\u00e9xico como opci\u00f3n para ellos. Bienvenidos\u201d, dijo el mandatario mexiquense por medio de una publicaci\u00f3n en su cuenta de Facebook.<\/p>\n<p>Eruviel \u00c1vila manifest\u00f3 lo anterior en el contexto de la relaci\u00f3n M\u00e9xico-Estados Unidos y ante las intenciones del nuevo gobierno estadounidense en el sentido de no permitir la salida de empresas de aquella naci\u00f3n hacia territorio nacional, y luego de que medios de comunicaci\u00f3n de ambos pa\u00edses retomaran un tuit del presidente norteamericano con relaci\u00f3n a la intenci\u00f3n de la referida firma, que ya cuenta con una planta en el municipio de Cuautitl\u00e1n Izcalli.<\/p>\n<p>Entre las ventajas competitivas del Estado de M\u00e9xico se encuentra su ubicaci\u00f3n geogr\u00e1fica, que lo enlaza a todos los destinos del pa\u00eds, adem\u00e1s de ser el estado mejor comunicado al contar con una red carretera de 16 mil 600 kil\u00f3metros de vialidades, un aeropuerto internacional y se construye aqu\u00ed el Nuevo Aeropuerto Internacional de M\u00e9xico.<\/p>\n<p>En los \u00faltimos cinco a\u00f1os, se han logrado captar m\u00e1s de 23 mil millones de d\u00f3lares de inversiones extranjeras y nacionales, producto de esas ventajas y de acciones que la actual administraci\u00f3n estatal ha llevado a cabo en materia de mejora regulatoria, siendo la primera entidad del pa\u00eds en establecer por ley dicho rubro.<\/p>\n<p>Con ello, ahora es m\u00e1s f\u00e1cil, r\u00e1pido y barato abrir un negocio, adem\u00e1s de combatir la corrupci\u00f3n, logrando crear, por ejemplo, el Dictamen \u00danico de Factibilidad que sustituye en uno solo a los dict\u00e1menes ambiental, impacto vial, protecci\u00f3n civil, automotriz, sanitaria e impacto regional, lo que reduce el tiempo para obtener licencias de funcionamiento.<\/p>\n","protected":false},"excerpt":{"rendered":"<p>El gobernador Eruviel \u00c1vila Villegas invit\u00f3 a la empresa fabricante de productos para la miner\u00eda e industriales Rexnord, a considerar al Estado de M\u00e9xico para instalarse, ante el inter\u00e9s que la empresa ha manifestado de trasladar a nuestro pa\u00eds su planta de rodamientos industriales.<\/p>\n","protected":false},"author":5,"featured_media":311790,"comment_status":"open","ping_status":"open","sticky":false,"template":"","format":"standard","meta":{"_monsterinsights_skip_tracking":false,"_monsterinsights_sitenote_active":false,"_monsterinsights_sitenote_note":"","_monsterinsights_sitenote_category":0,"footnotes":""},"categories":[5],"tags":[971,68,5828,43675,452],"class_list":["post-311591","post","type-post","status-publish","format-standard","has-post-thumbnail","hentry","category-estado-de-mexico","tag-cuautitlan-izcalli","tag-edomex","tag-eruviel-avila-villegas","tag-estado-de-mexico","tag-toluca"],"_links":{"self":[{"href":"https:\/\/www.diarioimagen.net\/index.php?rest_route=\/wp\/v2\/posts\/311591","targetHints":{"allow":["GET"]}}],"collection":[{"href":"https:\/\/www.diarioimagen.net\/index.php?rest_route=\/wp\/v2\/posts"}],"about":[{"href":"https:\/\/www.diarioimagen.net\/index.php?rest_route=\/wp\/v2\/types\/post"}],"author":[{"embeddable":true,"href":"https:\/\/www.diarioimagen.net\/index.php?rest_route=\/wp\/v2\/users\/5"}],"replies":[{"embeddable":true,"href":"https:\/\/www.diarioimagen.net\/index.php?rest_route=%2Fwp%2Fv2%2Fcomments&post=311591"}],"version-history":[{"count":0,"href":"https:\/\/www.diarioimagen.net\/index.php?rest_route=\/wp\/v2\/posts\/311591\/revisions"}],"wp:featuredmedia":[{"embeddable":true,"href":"https:\/\/www.diarioimagen.net\/index.php?rest_route=\/wp\/v2\/media\/311790"}],"wp:attachment":[{"href":"https:\/\/www.diarioimagen.net\/index.php?rest_route=%2Fwp%2Fv2%2Fmedia&parent=311591"}],"wp:term":[{"taxonomy":"category","embeddable":true,"href":"https:\/\/www.diarioimagen.net\/index.php?rest_route=%2Fwp%2Fv2%2Fcategories&post=311591"},{"taxonomy":"post_tag","embeddable":true,"href":"https:\/\/www.diarioimagen.net\/index.php?rest_route=%2Fwp%2Fv2%2Ftags&post=311591"}],"curies":[{"name":"wp","href":"https:\/\/api.w.org\/{rel}","templated":true}]}}