{"id":311598,"date":"2017-02-10T00:06:49","date_gmt":"2017-02-10T06:06:49","guid":{"rendered":"http:\/\/www.diarioimagen.net\/?p=311598"},"modified":"2017-02-10T02:16:44","modified_gmt":"2017-02-10T08:16:44","slug":"noche-de-reyes-llega-al-foro-shakespeare","status":"publish","type":"post","link":"https:\/\/www.diarioimagen.net\/?p=311598","title":{"rendered":"<em>Noche de reyes<\/em> llega al Foro Shakespeare"},"content":{"rendered":"<ul>\n<li><em><strong>Una de las comedias m\u00e1s populares y complejas de William Shakespeare se estrenar\u00e1 el pr\u00f3ximo 3 de marzo<\/strong><\/em><\/li>\n<\/ul>\n<h6>Asael Grande<\/h6>\n<p>&nbsp;<\/p>\n<div id=\"attachment_311599\" style=\"width: 470px\" class=\"wp-caption aligncenter\"><a href=\"http:\/\/www.diarioimagen.net\/?attachment_id=311599\" rel=\"attachment wp-att-311599\"><img loading=\"lazy\" decoding=\"async\" aria-describedby=\"caption-attachment-311599\" class=\"size-large wp-image-311599\" src=\"http:\/\/www.diarioimagen.net\/wp-content\/uploads\/2017\/02\/noche-de-reyes-portal-460x268.jpg\" alt=\"\" width=\"460\" height=\"268\" srcset=\"https:\/\/www.diarioimagen.net\/wp-content\/uploads\/2017\/02\/noche-de-reyes-portal-460x268.jpg 460w, https:\/\/www.diarioimagen.net\/wp-content\/uploads\/2017\/02\/noche-de-reyes-portal-240x140.jpg 240w, https:\/\/www.diarioimagen.net\/wp-content\/uploads\/2017\/02\/noche-de-reyes-portal.jpg 480w\" sizes=\"auto, (max-width: 460px) 100vw, 460px\" \/><\/a><p id=\"caption-attachment-311599\" class=\"wp-caption-text\">\u201cNoche de reyes\u201d, protagonizada por Carlos Arag\u00f3n, Majo P\u00e9rez, Salvador Petrola, Sof\u00eda Sisniega, Pablo Chemor, Adriana Montes de Oca, Jacobo Lieberman, Pepe Ponce y Antonio Alc\u00e1ntara. <em>(Foto: Asael Grande).<\/em><\/p><\/div>\n<p>&nbsp;<\/p>\n<p>Dirigida por Alonso \u00cd\u00f1iguez, producida por \u00d3scar Uriel y Rodrigo Trujillo, \u201cNoche de reyes\u201d (de William Shakespeare), se estrenar\u00e1 el pr\u00f3ximo viernes 3 de marzo en el Foro Shakespeare. Protagonizada por Carlos Arag\u00f3n, Majo P\u00e9rez, Salvador Petrola, Sof\u00eda Sisniega, Pablo Chemor, Adriana Montes de Oca, Jacobo Lieberman, Pepe Ponce y Antonio Alc\u00e1ntara.<\/p>\n<p>\u201cNoche de reyes\u201d es una de las comedias m\u00e1s populares y complejas de William Shakespeare, algunos expertos opinan que se inspir\u00f3 en trabajos previos como \u201cEl mercader de Venecia\u201d, \u201cComo gust\u00e9is\u201d y \u201cLos dos hidalgos de Verona\u201d, en los que sus protagonistas femeninas se disfrazaban de hombres: \u201cdesde hace mucho tiempo ten\u00edamos la idea de montar un Skahespeare, y mi socio Rodrigo Trujillo y yo, est\u00e1bamos buscando cu\u00e1l, y en el azote normal quer\u00edamos montar alguna tragedia, y por cualquier circunstancia nos top\u00e1bamos mucho con este texto que es \u2018Noche de reyes\u2019, y me parece un texto divertid\u00edsimo, hilarante, que parece que se escribi\u00f3 ayer con una tem\u00e1tica por dem\u00e1s contempor\u00e1nea, tambi\u00e9n es una obra de ensamble, tenemos un elenco de primera, no hay un rol protag\u00f3nico en esta obra, y nos animamos a montarla\u201d, explic\u00f3 \u00d3scar Uriel en conferencia de prensa.<\/p>\n<p>Por su parte, Alonso \u00cd\u00f1iguez, quien adapta esta puesta en escena con un montaje \u00e1gil, divertido y muy musical, con la intenci\u00f3n de acercar a la audiencia a un texto cl\u00e1sico, tratando de respetar en todo momento la l\u00ednea mel\u00f3dica y la poes\u00eda de Shakespeare, pero d\u00e1ndole una entrega m\u00e1s amable al p\u00fablico, coment\u00f3 que \u201chacer Shakespeare es un placer porque es tan vasto, y tiene tantas lecturas que uno puede navegar, y nos aventuramos a montar la obra en un lugar que tiene que ver con el cabaret alem\u00e1n, eso hace que la obra se dispare hacia ciertos lugares muy hilarantes y muy musicales\u201d.<\/p>\n<p>Finalmente, la actriz Majo P\u00e9rez, quien interpretar\u00e1 el personaje de Olivia, dijo que su personaje \u201ces la duquesa, a quien hace poco se tiempo se le muri\u00f3 el hermano , poco antes hab\u00eda muerto el pap\u00e1, entonces ella queda como duquesa, y es una mujer muy berrinchuda, es un poco <em>femme fatale<\/em>, y est\u00e1 acostumbrada a que se hace todo lo que ella dice, todo lo que ella manda, todos est\u00e1n bajo sus \u00f3rdenes. Orsino (interpretado por Salvador Pertrola) la ama apasionadamente, le manda a millones de sirvientes para que le digan cu\u00e1nto la ama, y ella est\u00e1 cansada de eso, hasta que llega un sirviente que cambia todo su mundo, y la saca de control\u201d.<\/p>\n<p>\u201cNoche de reyes\u201d tendr\u00e1 temporada en el Foro Shakespeare (Zamora #7 Col. Condesa, Ciudad de M\u00e9xico), del pr\u00f3ximo 3 de marzo al 7 de mayo.<\/p>\n","protected":false},"excerpt":{"rendered":"<p>Dirigida por Alonso \u00cd\u00f1iguez, producida por \u00d3scar Uriel y Rodrigo Trujillo, \u201cNoche de reyes\u201d (de William Shakespeare), se estrenar\u00e1 el pr\u00f3ximo viernes 3 de marzo en el Foro Shakespeare. Protagonizada por Carlos Arag\u00f3n, Majo P\u00e9rez, Salvador Petrola, Sof\u00eda Sisniega, Pablo Chemor, Adriana Montes de Oca, Jacobo Lieberman, Pepe Ponce y Antonio Alc\u00e1ntara.<\/p>\n","protected":false},"author":5,"featured_media":311599,"comment_status":"open","ping_status":"open","sticky":false,"template":"","format":"standard","meta":{"_monsterinsights_skip_tracking":false,"footnotes":""},"categories":[12],"tags":[43682,6473,21837,7029],"class_list":["post-311598","post","type-post","status-publish","format-standard","has-post-thumbnail","hentry","category-espectaculos","tag-espectaculos","tag-foro-shakespeare","tag-majo-perez","tag-william-shakespeare"],"_links":{"self":[{"href":"https:\/\/www.diarioimagen.net\/index.php?rest_route=\/wp\/v2\/posts\/311598","targetHints":{"allow":["GET"]}}],"collection":[{"href":"https:\/\/www.diarioimagen.net\/index.php?rest_route=\/wp\/v2\/posts"}],"about":[{"href":"https:\/\/www.diarioimagen.net\/index.php?rest_route=\/wp\/v2\/types\/post"}],"author":[{"embeddable":true,"href":"https:\/\/www.diarioimagen.net\/index.php?rest_route=\/wp\/v2\/users\/5"}],"replies":[{"embeddable":true,"href":"https:\/\/www.diarioimagen.net\/index.php?rest_route=%2Fwp%2Fv2%2Fcomments&post=311598"}],"version-history":[{"count":0,"href":"https:\/\/www.diarioimagen.net\/index.php?rest_route=\/wp\/v2\/posts\/311598\/revisions"}],"wp:featuredmedia":[{"embeddable":true,"href":"https:\/\/www.diarioimagen.net\/index.php?rest_route=\/wp\/v2\/media\/311599"}],"wp:attachment":[{"href":"https:\/\/www.diarioimagen.net\/index.php?rest_route=%2Fwp%2Fv2%2Fmedia&parent=311598"}],"wp:term":[{"taxonomy":"category","embeddable":true,"href":"https:\/\/www.diarioimagen.net\/index.php?rest_route=%2Fwp%2Fv2%2Fcategories&post=311598"},{"taxonomy":"post_tag","embeddable":true,"href":"https:\/\/www.diarioimagen.net\/index.php?rest_route=%2Fwp%2Fv2%2Ftags&post=311598"}],"curies":[{"name":"wp","href":"https:\/\/api.w.org\/{rel}","templated":true}]}}