{"id":311615,"date":"2017-02-10T00:08:48","date_gmt":"2017-02-10T06:08:48","guid":{"rendered":"http:\/\/www.diarioimagen.net\/?p=311615"},"modified":"2017-02-10T02:03:25","modified_gmt":"2017-02-10T08:03:25","slug":"estoy-aqui-para-investigar-como-derribar-muros-diego-luna","status":"publish","type":"post","link":"https:\/\/www.diarioimagen.net\/?p=311615","title":{"rendered":"Estoy aqu\u00ed para investigar c\u00f3mo derribar muros: Diego Luna"},"content":{"rendered":"<ul>\n<li><em><strong>Se\u00f1ala desde Alemania que no permitir\u00e1 que la muralla promovida por Donald Trump se interponga entre M\u00e9xico y Estados Unidos<\/strong><\/em><\/li>\n<\/ul>\n<p>&nbsp;<\/p>\n<div id=\"attachment_311616\" style=\"width: 467px\" class=\"wp-caption aligncenter\"><a href=\"http:\/\/www.diarioimagen.net\/?attachment_id=311616\" rel=\"attachment wp-att-311616\"><img loading=\"lazy\" decoding=\"async\" aria-describedby=\"caption-attachment-311616\" class=\"size-large wp-image-311616\" src=\"http:\/\/www.diarioimagen.net\/wp-content\/uploads\/2017\/02\/diego-luna-poortal-457x460.jpg\" alt=\"\" width=\"457\" height=\"460\" srcset=\"https:\/\/www.diarioimagen.net\/wp-content\/uploads\/2017\/02\/diego-luna-poortal-457x460.jpg 457w, https:\/\/www.diarioimagen.net\/wp-content\/uploads\/2017\/02\/diego-luna-poortal-150x150.jpg 150w, https:\/\/www.diarioimagen.net\/wp-content\/uploads\/2017\/02\/diego-luna-poortal-238x240.jpg 238w, https:\/\/www.diarioimagen.net\/wp-content\/uploads\/2017\/02\/diego-luna-poortal-50x50.jpg 50w, https:\/\/www.diarioimagen.net\/wp-content\/uploads\/2017\/02\/diego-luna-poortal-75x75.jpg 75w, https:\/\/www.diarioimagen.net\/wp-content\/uploads\/2017\/02\/diego-luna-poortal-70x70.jpg 70w, https:\/\/www.diarioimagen.net\/wp-content\/uploads\/2017\/02\/diego-luna-poortal.jpg 700w\" sizes=\"auto, (max-width: 457px) 100vw, 457px\" \/><\/a><p id=\"caption-attachment-311616\" class=\"wp-caption-text\">\u201cEstoy aqu\u00ed para investigar c\u00f3mo derribar muros. Parece que hay muchos expertos aqu\u00ed y quiero llevarme esta informaci\u00f3n a M\u00e9xico\u201d, expres\u00f3 el reconocido actor y director mexicano en su presentaci\u00f3n como miembro del jurado de la Berlinale.<\/p><\/div>\n<p>&nbsp;<\/p>\n<p>Diego Luna se encuentra en Berl\u00edn como miembro del jurado de la Berlinale, donde se\u00f1ala desde Alemania que no permitir\u00e1 que la muralla promovida por Donald Trump se interponga entre M\u00e9xico y Estados Unidos.<\/p>\n<p>\u201cEstoy aqu\u00ed para investigar c\u00f3mo derribar muros. Parece que hay muchos expertos aqu\u00ed y quiero llevarme esta informaci\u00f3n a M\u00e9xico\u201d, expres\u00f3 el reconocido actor y director mexicano en su presentaci\u00f3n como miembro del jurado que preside el director y guionista holand\u00e9s Paul Verhoeven.<\/p>\n<p>De esta forma, Diego hizo alusi\u00f3n al muro que el presidente Donald Trump ha prometido construir en su frontera con M\u00e9xico, y a la divisi\u00f3n que parti\u00f3 el sector comunista y el occidental de Berl\u00edn durante la Guerra Fr\u00eda, hasta que la presi\u00f3n ciudadana lo hizo caer, en 1989.<\/p>\n<p>\u201cLo \u00fanico rescatable de lo que est\u00e1 ocurriendo es que tal vez eso sirva para hacer reaccionar\u201d, y agreg\u00f3: \u201cquiero ser parte de eso\u201d, en lo que parec\u00eda una referencia a la revoluci\u00f3n pac\u00edfica de los ciudadanos germano-orientales que precipit\u00f3 la ca\u00edda del muro berlin\u00e9s.<\/p>\n<p>Finalmente, Luna envi\u00f3 un mensaje m\u00e1s conciliador y expres\u00f3 su deseo dar \u201cun mensaje de amor\u201d a cuanta gente sea posible. \u201cCruzo todos los meses tres o cuatro veces esa frontera. Tengo muchas historias de amor con Estados Unidos. Y no voy a permitir que ninguna muralla se ponga en el camino de esas historias\u201d.<\/p>\n","protected":false},"excerpt":{"rendered":"<p>Diego Luna se encuentra en Berl\u00edn como miembro del jurado de la Berlinale, donde se\u00f1ala desde Alemania que no permitir\u00e1 que la muralla promovida por Donald Trump se interponga entre M\u00e9xico y Estados Unidos.<\/p>\n","protected":false},"author":5,"featured_media":311617,"comment_status":"open","ping_status":"open","sticky":false,"template":"","format":"standard","meta":{"_monsterinsights_skip_tracking":false,"footnotes":""},"categories":[12],"tags":[7351,41813,43682,49003],"class_list":["post-311615","post","type-post","status-publish","format-standard","has-post-thumbnail","hentry","category-espectaculos","tag-diego-luna","tag-donald-trump","tag-espectaculos","tag-muro"],"_links":{"self":[{"href":"https:\/\/www.diarioimagen.net\/index.php?rest_route=\/wp\/v2\/posts\/311615","targetHints":{"allow":["GET"]}}],"collection":[{"href":"https:\/\/www.diarioimagen.net\/index.php?rest_route=\/wp\/v2\/posts"}],"about":[{"href":"https:\/\/www.diarioimagen.net\/index.php?rest_route=\/wp\/v2\/types\/post"}],"author":[{"embeddable":true,"href":"https:\/\/www.diarioimagen.net\/index.php?rest_route=\/wp\/v2\/users\/5"}],"replies":[{"embeddable":true,"href":"https:\/\/www.diarioimagen.net\/index.php?rest_route=%2Fwp%2Fv2%2Fcomments&post=311615"}],"version-history":[{"count":0,"href":"https:\/\/www.diarioimagen.net\/index.php?rest_route=\/wp\/v2\/posts\/311615\/revisions"}],"wp:featuredmedia":[{"embeddable":true,"href":"https:\/\/www.diarioimagen.net\/index.php?rest_route=\/wp\/v2\/media\/311617"}],"wp:attachment":[{"href":"https:\/\/www.diarioimagen.net\/index.php?rest_route=%2Fwp%2Fv2%2Fmedia&parent=311615"}],"wp:term":[{"taxonomy":"category","embeddable":true,"href":"https:\/\/www.diarioimagen.net\/index.php?rest_route=%2Fwp%2Fv2%2Fcategories&post=311615"},{"taxonomy":"post_tag","embeddable":true,"href":"https:\/\/www.diarioimagen.net\/index.php?rest_route=%2Fwp%2Fv2%2Ftags&post=311615"}],"curies":[{"name":"wp","href":"https:\/\/api.w.org\/{rel}","templated":true}]}}