{"id":311630,"date":"2017-02-10T00:09:27","date_gmt":"2017-02-10T06:09:27","guid":{"rendered":"http:\/\/www.diarioimagen.net\/?p=311630"},"modified":"2017-02-10T03:55:54","modified_gmt":"2017-02-10T09:55:54","slug":"ventajas-competitivas-del-edomex","status":"publish","type":"post","link":"https:\/\/www.diarioimagen.net\/?p=311630","title":{"rendered":"Ventajas competitivas del Edomex"},"content":{"rendered":"<h2>Arco Norte<\/h2>\n<h5>Jos\u00e9 Luis Monta\u00f1ez Aguilar<\/h5>\n<p>&nbsp;<\/p>\n<p><a href=\"http:\/\/www.diarioimagen.net\/?attachment_id=311763\" rel=\"attachment wp-att-311763\"><img loading=\"lazy\" decoding=\"async\" class=\"aligncenter size-large wp-image-311763\" src=\"http:\/\/www.diarioimagen.net\/wp-content\/uploads\/2017\/02\/arco-3055-460x259.jpg\" alt=\"\" width=\"460\" height=\"259\" srcset=\"https:\/\/www.diarioimagen.net\/wp-content\/uploads\/2017\/02\/arco-3055-460x259.jpg 460w, https:\/\/www.diarioimagen.net\/wp-content\/uploads\/2017\/02\/arco-3055-240x135.jpg 240w, https:\/\/www.diarioimagen.net\/wp-content\/uploads\/2017\/02\/arco-3055-235x132.jpg 235w, https:\/\/www.diarioimagen.net\/wp-content\/uploads\/2017\/02\/arco-3055-202x114.jpg 202w, https:\/\/www.diarioimagen.net\/wp-content\/uploads\/2017\/02\/arco-3055-350x196.jpg 350w, https:\/\/www.diarioimagen.net\/wp-content\/uploads\/2017\/02\/arco-3055-220x123.jpg 220w, https:\/\/www.diarioimagen.net\/wp-content\/uploads\/2017\/02\/arco-3055-237x132.jpg 237w, https:\/\/www.diarioimagen.net\/wp-content\/uploads\/2017\/02\/arco-3055.jpg 480w\" sizes=\"auto, (max-width: 460px) 100vw, 460px\" \/><\/a><\/p>\n<p>&nbsp;<\/p>\n<p>Eruviel \u00c1vila invit\u00f3 a la empresa fabricante de productos para la miner\u00eda e industriales Rexnord, a considerar al Estado de M\u00e9xico para instalarse, ante el inter\u00e9s que la empresa ha manifestado de trasladar a nuestro pa\u00eds su planta de rodamientos industriales.<\/p>\n<p>A trav\u00e9s de una publicaci\u00f3n en Facebook, el gobernador dijo que el Banco Mundial coloca a la entidad como el segundo estado con mayores facilidades para invertir, as\u00ed que se busca incrementar las inversiones en la entidad. Esto en el contexto de la relaci\u00f3n M\u00e9xico-Estados Unidos y ante las intenciones del nuevo gobierno estadounidense de no permitir la salida de empresas de aquella naci\u00f3n hacia M\u00e9xico, y luego de que medios de comunicaci\u00f3n de ambos pa\u00edses retomaran un tuit del presidente norteamericano con relaci\u00f3n a la intenci\u00f3n de salida de Rexnord, que ya cuenta con una planta en Cuautitl\u00e1n Izcalli.<\/p>\n<p>\u00c1vila Villegas destac\u00f3 que entre las ventajas competitivas del estado se encuentra su ubicaci\u00f3n geogr\u00e1fica, que lo enlaza a todos los destinos del pa\u00eds, adem\u00e1s de ser el estado mejor comunicado al contar con una red carretera de 16 mil 600 kil\u00f3metros de vialidades, un aeropuerto internacional y se construye aqu\u00ed el Nuevo Aeropuerto Internacional de M\u00e9xico. Asimismo, en los \u00faltimos cinco a\u00f1os se han logrado captar m\u00e1s de 23 mil millones de d\u00f3lares de inversiones extranjeras y nacionales, producto de esas ventajas.<\/p>\n<p style=\"text-align: center;\"><strong>Reconocen labor de promotores de salud comunitaria <\/strong><\/p>\n<p>En reconocimiento a las labores de atenci\u00f3n m\u00e9dica que realizan los promotores de salud en las comunidades de escasos recursos econ\u00f3micos, Isis \u00c1vila Mu\u00f1oz, presidenta honoraria del DIFEM, entreg\u00f3 m\u00e1s de 3 mil\u00a0 tarjetas La Efectiva a T\u00e9cnicos en Atenci\u00f3n Primaria a la Salud, para gratificar y motivar su esfuerzo.<\/p>\n<p>En gira de trabajo realizada en Ecatepec y Tlalnepantla, acompa\u00f1ada de los secretarios de Desarrollo Social, Arturo Osorio S\u00e1nchez y C\u00e9sar\u00a0 Nomar G\u00f3mez Monge, la titular del DIFEM entreg\u00f3 este apoyo que consiste en 2 mil 750 pesos, que apoyar\u00e1 en la econom\u00eda familiar de\u00a0 enfermeras, enfermeros, afiliadores y censadores del seguro popular, entre otros trabajadores del \u00e1rea m\u00e9dica de centros y cl\u00ednicas del Instituto de Salud del Estado de M\u00e9xico.<\/p>\n<p><em><a href=\"mailto:montanezaguilar@gmail.com\" target=\"_blank\">montanezaguilar@gmail.com<\/a><\/em><\/p>\n","protected":false},"excerpt":{"rendered":"<p><span style=\"color: #005497;\">Jos\u00e9 Luis Monta\u00f1ez Aguilar<\/span><br \/>\n<br \/>\nEruviel \u00c1vila invit\u00f3 a la empresa fabricante de productos para la miner\u00eda e industriales Rexnord, a considerar al Estado de M\u00e9xico para instalarse, ante el inter\u00e9s que la empresa ha manifestado de trasladar a nuestro pa\u00eds su planta de rodamientos industriales.<\/p>\n","protected":false},"author":3,"featured_media":311763,"comment_status":"open","ping_status":"open","sticky":false,"template":"","format":"standard","meta":{"_monsterinsights_skip_tracking":false,"_monsterinsights_sitenote_active":false,"_monsterinsights_sitenote_note":"","_monsterinsights_sitenote_category":0,"footnotes":""},"categories":[5],"tags":[13284,43704,43674],"class_list":["post-311630","post","type-post","status-publish","format-standard","has-post-thumbnail","hentry","category-estado-de-mexico","tag-arco-norte","tag-jose-luis-montanez-aguilar","tag-opinion"],"_links":{"self":[{"href":"https:\/\/www.diarioimagen.net\/index.php?rest_route=\/wp\/v2\/posts\/311630","targetHints":{"allow":["GET"]}}],"collection":[{"href":"https:\/\/www.diarioimagen.net\/index.php?rest_route=\/wp\/v2\/posts"}],"about":[{"href":"https:\/\/www.diarioimagen.net\/index.php?rest_route=\/wp\/v2\/types\/post"}],"author":[{"embeddable":true,"href":"https:\/\/www.diarioimagen.net\/index.php?rest_route=\/wp\/v2\/users\/3"}],"replies":[{"embeddable":true,"href":"https:\/\/www.diarioimagen.net\/index.php?rest_route=%2Fwp%2Fv2%2Fcomments&post=311630"}],"version-history":[{"count":0,"href":"https:\/\/www.diarioimagen.net\/index.php?rest_route=\/wp\/v2\/posts\/311630\/revisions"}],"wp:featuredmedia":[{"embeddable":true,"href":"https:\/\/www.diarioimagen.net\/index.php?rest_route=\/wp\/v2\/media\/311763"}],"wp:attachment":[{"href":"https:\/\/www.diarioimagen.net\/index.php?rest_route=%2Fwp%2Fv2%2Fmedia&parent=311630"}],"wp:term":[{"taxonomy":"category","embeddable":true,"href":"https:\/\/www.diarioimagen.net\/index.php?rest_route=%2Fwp%2Fv2%2Fcategories&post=311630"},{"taxonomy":"post_tag","embeddable":true,"href":"https:\/\/www.diarioimagen.net\/index.php?rest_route=%2Fwp%2Fv2%2Ftags&post=311630"}],"curies":[{"name":"wp","href":"https:\/\/api.w.org\/{rel}","templated":true}]}}