{"id":311641,"date":"2017-02-10T00:07:07","date_gmt":"2017-02-10T06:07:07","guid":{"rendered":"http:\/\/www.diarioimagen.net\/?p=311641"},"modified":"2017-02-10T03:04:51","modified_gmt":"2017-02-10T09:04:51","slug":"denisse-ugalde-impulsara-mas-acciones-en-materia-regulatoria","status":"publish","type":"post","link":"https:\/\/www.diarioimagen.net\/?p=311641","title":{"rendered":"Denisse Ugalde impulsar\u00e1 m\u00e1s acciones en materia regulatoria"},"content":{"rendered":"<ul>\n<li><strong><em>Tlalnepantla, sede de la Feria de Empleo<\/em><\/strong><\/li>\n<\/ul>\n<p>&nbsp;<\/p>\n<div id=\"attachment_311711\" style=\"width: 470px\" class=\"wp-caption aligncenter\"><a href=\"http:\/\/www.diarioimagen.net\/?attachment_id=311711\" rel=\"attachment wp-att-311711\"><img loading=\"lazy\" decoding=\"async\" aria-describedby=\"caption-attachment-311711\" class=\"size-large wp-image-311711\" src=\"http:\/\/www.diarioimagen.net\/wp-content\/uploads\/2017\/02\/TLALNEPANTLA-3055-460x307.jpg\" alt=\"\" width=\"460\" height=\"307\" srcset=\"https:\/\/www.diarioimagen.net\/wp-content\/uploads\/2017\/02\/TLALNEPANTLA-3055-460x307.jpg 460w, https:\/\/www.diarioimagen.net\/wp-content\/uploads\/2017\/02\/TLALNEPANTLA-3055-240x160.jpg 240w, https:\/\/www.diarioimagen.net\/wp-content\/uploads\/2017\/02\/TLALNEPANTLA-3055.jpg 700w\" sizes=\"auto, (max-width: 460px) 100vw, 460px\" \/><\/a><p id=\"caption-attachment-311711\" class=\"wp-caption-text\">Denisse Ugalde Alegr\u00eda inaugur\u00f3 la Feria de Empleo, en la que 149 empresas ofertaron m\u00e1s de 2 mil 100 vacantes.<\/p><\/div>\n<p>&nbsp;<\/p>\n<p><strong>Tlalnepantla, Estado de M\u00e9xico<\/strong>.- La alcaldesa Denisse Ugalde Alegr\u00eda reafirm\u00f3 su compromiso de seguir impulsando acciones en materia de mejora regulatoria, para as\u00ed garantizar que m\u00e1s empresas inviertan en territorio municipal y con ello generar mayores oportunidades laborales para los tlalnepantlenses.<\/p>\n<p>Al inaugurar la Feria de Empleo, en la que 149 empresas ofertaron m\u00e1s de 2 mil 100 vacantes, la presidenta municipal reconoci\u00f3 que el trabajo conjunto entre los tres \u00f3rdenes de gobierno y la iniciativa privada es fundamental para continuar generando plazas laborales bien remuneradas.<\/p>\n<p>\u201cNosotros como gobierno municipal s\u00f3lo somos facilitadores de quienes buscan un empleo fijo, por ello, es importante seguir trabajando en la mejora regulatoria, tema en el que hemos sido referente a nivel Estado de M\u00e9xico y en el que buscaremos posicionarnos a\u00fan mejor para beneficio de la gente\u201d, apunt\u00f3 Ugalde Alegr\u00eda.<\/p>\n<p>Inform\u00f3 que derivado de las tres ferias y de las tres jornadas que se llevaron a cabo durante el 2016, m\u00e1s de dos mil personas fueron colocadas laboralmente en un empleo con todas las prestaciones de ley. Puntualiz\u00f3 que las acciones conjuntas encaminadas a generar empleo han permitido que la poblaci\u00f3n econ\u00f3micamente activa se mantenga en un 95 por ciento, por lo que el porcentaje de desempleo en Tlalnepantla es m\u00ednimo.<\/p>\n<p>Por su parte, el encargado de despacho de la Secretar\u00eda del Trabajo en el Estado de M\u00e9xico, Ra\u00fal Falc\u00f3n Arce, hizo \u00e9nfasis en la importancia de las ferias de empleo, ya que son el lugar en el que se vinculan las empresas que ofrecen vacantes y quienes est\u00e1n en busca de una oportunidad laboral.<\/p>\n<p>Resalt\u00f3 que los j\u00f3venes y adultos que quiere integrarse al campo laboral, hoy tienen la mejor oferta que puede existir, ya que hay disponibles m\u00e1s de 10 mil vacantes tanto en esta feria, como en portal de empleo y las bolsas de trabajo.<\/p>\n<p>&nbsp;<\/p>\n","protected":false},"excerpt":{"rendered":"<p>La alcaldesa Denisse Ugalde Alegr\u00eda reafirm\u00f3 su compromiso de seguir impulsando acciones en materia de mejora regulatoria, para as\u00ed garantizar que m\u00e1s empresas inviertan en territorio municipal y con ello generar mayores oportunidades laborales para los tlalnepantlenses.<\/p>\n","protected":false},"author":3,"featured_media":311711,"comment_status":"open","ping_status":"open","sticky":false,"template":"","format":"standard","meta":{"_monsterinsights_skip_tracking":false,"_monsterinsights_sitenote_active":false,"_monsterinsights_sitenote_note":"","_monsterinsights_sitenote_category":0,"footnotes":""},"categories":[35155],"tags":[45490,43675,169],"class_list":["post-311641","post","type-post","status-publish","format-standard","has-post-thumbnail","hentry","category-estado-de-mexico-estado-de-mexico","tag-denisse-ugalde-alegria","tag-estado-de-mexico","tag-tlalnepantla"],"_links":{"self":[{"href":"https:\/\/www.diarioimagen.net\/index.php?rest_route=\/wp\/v2\/posts\/311641","targetHints":{"allow":["GET"]}}],"collection":[{"href":"https:\/\/www.diarioimagen.net\/index.php?rest_route=\/wp\/v2\/posts"}],"about":[{"href":"https:\/\/www.diarioimagen.net\/index.php?rest_route=\/wp\/v2\/types\/post"}],"author":[{"embeddable":true,"href":"https:\/\/www.diarioimagen.net\/index.php?rest_route=\/wp\/v2\/users\/3"}],"replies":[{"embeddable":true,"href":"https:\/\/www.diarioimagen.net\/index.php?rest_route=%2Fwp%2Fv2%2Fcomments&post=311641"}],"version-history":[{"count":0,"href":"https:\/\/www.diarioimagen.net\/index.php?rest_route=\/wp\/v2\/posts\/311641\/revisions"}],"wp:featuredmedia":[{"embeddable":true,"href":"https:\/\/www.diarioimagen.net\/index.php?rest_route=\/wp\/v2\/media\/311711"}],"wp:attachment":[{"href":"https:\/\/www.diarioimagen.net\/index.php?rest_route=%2Fwp%2Fv2%2Fmedia&parent=311641"}],"wp:term":[{"taxonomy":"category","embeddable":true,"href":"https:\/\/www.diarioimagen.net\/index.php?rest_route=%2Fwp%2Fv2%2Fcategories&post=311641"},{"taxonomy":"post_tag","embeddable":true,"href":"https:\/\/www.diarioimagen.net\/index.php?rest_route=%2Fwp%2Fv2%2Ftags&post=311641"}],"curies":[{"name":"wp","href":"https:\/\/api.w.org\/{rel}","templated":true}]}}