{"id":311646,"date":"2017-02-10T00:05:29","date_gmt":"2017-02-10T06:05:29","guid":{"rendered":"http:\/\/www.diarioimagen.net\/?p=311646"},"modified":"2017-02-10T03:07:23","modified_gmt":"2017-02-10T09:07:23","slug":"repavimentan-en-metepec-avenida-estado-de-mexico-y-paseo-san-isidro","status":"publish","type":"post","link":"https:\/\/www.diarioimagen.net\/?p=311646","title":{"rendered":"Repavimentan en Metepec avenida Estado de M\u00e9xico y Paseo San Isidro"},"content":{"rendered":"<p><a href=\"http:\/\/www.diarioimagen.net\/?attachment_id=311720\" rel=\"attachment wp-att-311720\"><img loading=\"lazy\" decoding=\"async\" class=\"aligncenter wp-image-311720 size-large\" src=\"http:\/\/www.diarioimagen.net\/wp-content\/uploads\/2017\/02\/METEPEC-3055-460x259.jpg\" width=\"460\" height=\"259\" srcset=\"https:\/\/www.diarioimagen.net\/wp-content\/uploads\/2017\/02\/METEPEC-3055-460x259.jpg 460w, https:\/\/www.diarioimagen.net\/wp-content\/uploads\/2017\/02\/METEPEC-3055-240x135.jpg 240w, https:\/\/www.diarioimagen.net\/wp-content\/uploads\/2017\/02\/METEPEC-3055-235x132.jpg 235w, https:\/\/www.diarioimagen.net\/wp-content\/uploads\/2017\/02\/METEPEC-3055-202x114.jpg 202w, https:\/\/www.diarioimagen.net\/wp-content\/uploads\/2017\/02\/METEPEC-3055-350x196.jpg 350w, https:\/\/www.diarioimagen.net\/wp-content\/uploads\/2017\/02\/METEPEC-3055-220x123.jpg 220w, https:\/\/www.diarioimagen.net\/wp-content\/uploads\/2017\/02\/METEPEC-3055-237x132.jpg 237w, https:\/\/www.diarioimagen.net\/wp-content\/uploads\/2017\/02\/METEPEC-3055.jpg 480w\" sizes=\"auto, (max-width: 460px) 100vw, 460px\" \/><\/a><\/p>\n<p>&nbsp;<\/p>\n<p><strong>Metepec, Estado de M\u00e9xico.-<\/strong> El gobierno del Estado de M\u00e9xico a trav\u00e9s de la Junta de Caminos, realiza obras de repavimentaci\u00f3n en tres v\u00edas c\u00e9ntricas del primer cuadro de Metepec, sum\u00e1ndose as\u00ed al programa de trabajo y proyecto de movilidad que lleva a cabo el Ayuntamiento.<\/p>\n<p>La v\u00eda que es objeto de remozamiento desde la semana pasada, es Paseo San Isidro que se extender\u00e1 desde Pino Su\u00e1rez hasta Hermenegildo Galeana; el pasado mi\u00e9rcoles, con el mismo tramo, comenz\u00f3 la obra en avenida Estado de M\u00e9xico y pr\u00f3ximamente ser\u00e1 intervenida la calle Hermenegildo Galeana.<\/p>\n","protected":false},"excerpt":{"rendered":"<p>El gobierno del Estado de M\u00e9xico a trav\u00e9s de la Junta de Caminos, realiza obras de repavimentaci\u00f3n en tres v\u00edas c\u00e9ntricas del primer cuadro de Metepec, sum\u00e1ndose as\u00ed al programa de trabajo y proyecto de movilidad que lleva a cabo el Ayuntamiento.<\/p>\n","protected":false},"author":3,"featured_media":311720,"comment_status":"open","ping_status":"open","sticky":false,"template":"","format":"standard","meta":{"_monsterinsights_skip_tracking":false,"_monsterinsights_sitenote_active":false,"_monsterinsights_sitenote_note":"","_monsterinsights_sitenote_category":0,"footnotes":""},"categories":[35155],"tags":[43675,876],"class_list":["post-311646","post","type-post","status-publish","format-standard","has-post-thumbnail","hentry","category-estado-de-mexico-estado-de-mexico","tag-estado-de-mexico","tag-metepec"],"_links":{"self":[{"href":"https:\/\/www.diarioimagen.net\/index.php?rest_route=\/wp\/v2\/posts\/311646","targetHints":{"allow":["GET"]}}],"collection":[{"href":"https:\/\/www.diarioimagen.net\/index.php?rest_route=\/wp\/v2\/posts"}],"about":[{"href":"https:\/\/www.diarioimagen.net\/index.php?rest_route=\/wp\/v2\/types\/post"}],"author":[{"embeddable":true,"href":"https:\/\/www.diarioimagen.net\/index.php?rest_route=\/wp\/v2\/users\/3"}],"replies":[{"embeddable":true,"href":"https:\/\/www.diarioimagen.net\/index.php?rest_route=%2Fwp%2Fv2%2Fcomments&post=311646"}],"version-history":[{"count":0,"href":"https:\/\/www.diarioimagen.net\/index.php?rest_route=\/wp\/v2\/posts\/311646\/revisions"}],"wp:featuredmedia":[{"embeddable":true,"href":"https:\/\/www.diarioimagen.net\/index.php?rest_route=\/wp\/v2\/media\/311720"}],"wp:attachment":[{"href":"https:\/\/www.diarioimagen.net\/index.php?rest_route=%2Fwp%2Fv2%2Fmedia&parent=311646"}],"wp:term":[{"taxonomy":"category","embeddable":true,"href":"https:\/\/www.diarioimagen.net\/index.php?rest_route=%2Fwp%2Fv2%2Fcategories&post=311646"},{"taxonomy":"post_tag","embeddable":true,"href":"https:\/\/www.diarioimagen.net\/index.php?rest_route=%2Fwp%2Fv2%2Ftags&post=311646"}],"curies":[{"name":"wp","href":"https:\/\/api.w.org\/{rel}","templated":true}]}}