{"id":311652,"date":"2017-02-10T00:02:14","date_gmt":"2017-02-10T06:02:14","guid":{"rendered":"http:\/\/www.diarioimagen.net\/?p=311652"},"modified":"2017-02-10T03:12:11","modified_gmt":"2017-02-10T09:12:11","slug":"naucalpan-tiene-secretaria-de-innovacion-gubernamental","status":"publish","type":"post","link":"https:\/\/www.diarioimagen.net\/?p=311652","title":{"rendered":"Naucalpan tiene Secretar\u00eda de Innovaci\u00f3n Gubernamental"},"content":{"rendered":"<p><a href=\"http:\/\/www.diarioimagen.net\/?attachment_id=311738\" rel=\"attachment wp-att-311738\"><img loading=\"lazy\" decoding=\"async\" class=\"aligncenter size-large wp-image-311738\" src=\"http:\/\/www.diarioimagen.net\/wp-content\/uploads\/2017\/02\/NAUCALPAN-3055-460x259.jpg\" alt=\"\" width=\"460\" height=\"259\" srcset=\"https:\/\/www.diarioimagen.net\/wp-content\/uploads\/2017\/02\/NAUCALPAN-3055-460x259.jpg 460w, https:\/\/www.diarioimagen.net\/wp-content\/uploads\/2017\/02\/NAUCALPAN-3055-240x135.jpg 240w, https:\/\/www.diarioimagen.net\/wp-content\/uploads\/2017\/02\/NAUCALPAN-3055-235x132.jpg 235w, https:\/\/www.diarioimagen.net\/wp-content\/uploads\/2017\/02\/NAUCALPAN-3055-202x114.jpg 202w, https:\/\/www.diarioimagen.net\/wp-content\/uploads\/2017\/02\/NAUCALPAN-3055-350x196.jpg 350w, https:\/\/www.diarioimagen.net\/wp-content\/uploads\/2017\/02\/NAUCALPAN-3055-220x123.jpg 220w, https:\/\/www.diarioimagen.net\/wp-content\/uploads\/2017\/02\/NAUCALPAN-3055-237x132.jpg 237w, https:\/\/www.diarioimagen.net\/wp-content\/uploads\/2017\/02\/NAUCALPAN-3055.jpg 480w\" sizes=\"auto, (max-width: 460px) 100vw, 460px\" \/><\/a><\/p>\n<p>&nbsp;<\/p>\n<p><strong>Naucalpan, Estado de M\u00e9xico.- <\/strong>El gobierno local crea la Secretar\u00eda de Innovaci\u00f3n Gubernamental, con la cual\u00a0 incrementa las acciones para implementar pol\u00edticas p\u00fablicas y la planeaci\u00f3n de las mismas para atender las necesidades de la ciudadan\u00eda.<\/p>\n<p>En sesi\u00f3n de Cabildo\u00a0se aprob\u00f3 el nombramiento de Alfredo Oropeza M\u00e9ndez, como titular de esta nueva secretar\u00eda, que permitir\u00e1 que este gobierno tenga un mayor y mejor acercamiento con los naucalpenses.<\/p>\n","protected":false},"excerpt":{"rendered":"<p>El gobierno local crea la Secretar\u00eda de Innovaci\u00f3n Gubernamental, con la cual  incrementa las acciones para implementar pol\u00edticas p\u00fablicas y la planeaci\u00f3n de las mismas para atender las necesidades de la ciudadan\u00eda.<\/p>\n","protected":false},"author":3,"featured_media":311738,"comment_status":"open","ping_status":"open","sticky":false,"template":"","format":"standard","meta":{"_monsterinsights_skip_tracking":false,"_monsterinsights_sitenote_active":false,"_monsterinsights_sitenote_note":"","_monsterinsights_sitenote_category":0,"footnotes":""},"categories":[35155],"tags":[43675,970],"class_list":["post-311652","post","type-post","status-publish","format-standard","has-post-thumbnail","hentry","category-estado-de-mexico-estado-de-mexico","tag-estado-de-mexico","tag-naucalpan"],"_links":{"self":[{"href":"https:\/\/www.diarioimagen.net\/index.php?rest_route=\/wp\/v2\/posts\/311652","targetHints":{"allow":["GET"]}}],"collection":[{"href":"https:\/\/www.diarioimagen.net\/index.php?rest_route=\/wp\/v2\/posts"}],"about":[{"href":"https:\/\/www.diarioimagen.net\/index.php?rest_route=\/wp\/v2\/types\/post"}],"author":[{"embeddable":true,"href":"https:\/\/www.diarioimagen.net\/index.php?rest_route=\/wp\/v2\/users\/3"}],"replies":[{"embeddable":true,"href":"https:\/\/www.diarioimagen.net\/index.php?rest_route=%2Fwp%2Fv2%2Fcomments&post=311652"}],"version-history":[{"count":0,"href":"https:\/\/www.diarioimagen.net\/index.php?rest_route=\/wp\/v2\/posts\/311652\/revisions"}],"wp:featuredmedia":[{"embeddable":true,"href":"https:\/\/www.diarioimagen.net\/index.php?rest_route=\/wp\/v2\/media\/311738"}],"wp:attachment":[{"href":"https:\/\/www.diarioimagen.net\/index.php?rest_route=%2Fwp%2Fv2%2Fmedia&parent=311652"}],"wp:term":[{"taxonomy":"category","embeddable":true,"href":"https:\/\/www.diarioimagen.net\/index.php?rest_route=%2Fwp%2Fv2%2Fcategories&post=311652"},{"taxonomy":"post_tag","embeddable":true,"href":"https:\/\/www.diarioimagen.net\/index.php?rest_route=%2Fwp%2Fv2%2Ftags&post=311652"}],"curies":[{"name":"wp","href":"https:\/\/api.w.org\/{rel}","templated":true}]}}