{"id":311793,"date":"2017-02-12T18:00:44","date_gmt":"2017-02-13T00:00:44","guid":{"rendered":"http:\/\/www.diarioimagen.net\/?p=311793"},"modified":"2017-02-14T00:36:35","modified_gmt":"2017-02-14T06:36:35","slug":"se-realizara-en-el-edomex-segunda-edicion-del-giro-ditalia-gran-fondo","status":"publish","type":"post","link":"https:\/\/www.diarioimagen.net\/?p=311793","title":{"rendered":"Se realizar\u00e1 en el Edomex segunda edici\u00f3n del Giro d\u2019Italia Gran Fondo"},"content":{"rendered":"<ul>\n<li><em><strong>Categor\u00edas que familiar, amateur y semiprofesional<\/strong><\/em><\/li>\n<\/ul>\n<p>&nbsp;<\/p>\n<div id=\"attachment_311794\" style=\"width: 470px\" class=\"wp-caption aligncenter\"><a href=\"http:\/\/www.diarioimagen.net\/?attachment_id=311794\" rel=\"attachment wp-att-311794\"><img loading=\"lazy\" decoding=\"async\" aria-describedby=\"caption-attachment-311794\" class=\"size-large wp-image-311794\" src=\"http:\/\/www.diarioimagen.net\/wp-content\/uploads\/2017\/02\/GIRO13-portal-460x268.jpg\" alt=\"\" width=\"460\" height=\"268\" srcset=\"https:\/\/www.diarioimagen.net\/wp-content\/uploads\/2017\/02\/GIRO13-portal-460x268.jpg 460w, https:\/\/www.diarioimagen.net\/wp-content\/uploads\/2017\/02\/GIRO13-portal-240x140.jpg 240w, https:\/\/www.diarioimagen.net\/wp-content\/uploads\/2017\/02\/GIRO13-portal.jpg 480w\" sizes=\"auto, (max-width: 460px) 100vw, 460px\" \/><\/a><p id=\"caption-attachment-311794\" class=\"wp-caption-text\">La segunda edici\u00f3n del Giro d\u2019Italia Gran Fondo contar\u00e1 con tres categor\u00edas abiertas al p\u00fablico en general: familiar, amateur y semiprofesional.<\/p><\/div>\n<p>&nbsp;<\/p>\n<p>El pr\u00f3ximo 26 de febrero el Estado de M\u00e9xico ser\u00e1 sede, por segundo a\u00f1o consecutivo, de la edici\u00f3n mexicana del Giro d\u2019Italia Gran Fondo, uno de los eventos m\u00e1s importantes del mundo que contar\u00e1 con la participaci\u00f3n de m\u00e1s de dos mil ciclistas profesionales de Estados Unidos, Canad\u00e1, Chile, Italia, Colombia, M\u00e9xico, entre otros.<\/p>\n<p>El secretario de Cultura y Deporte, Eduardo Gasca Pliego y la jefa de la Oficina Econ\u00f3mica Comercial de la Embajada de Italia en M\u00e9xico, Francesca Blasone, anunciaron que la competencia est\u00e1 abierta al p\u00fablico en general y tendr\u00e1 diferentes circuitos que arrancar\u00e1n de la Alameda Central de Toluca y pasar\u00e1n por los municipios de Zinacantepec, Villa Victoria, Amanalco y Almoloya de Ju\u00e1rez, ya que contar\u00e1 con las siguientes tres categor\u00edas:<\/p>\n<ul>\n<li>Paseo Familiar Gran Fondo Giro d\u00b4Italia de 10 kil\u00f3metros, que se realizar\u00e1 en Toluca.<\/li>\n<li>Medio Fondo Giro d\u2019Italia de 90 kil\u00f3metros, abierto a los ciclistas amateur y cicloturistas, con una ruta intermedia.<\/li>\n<li>Gran Fondo Giro d\u00b4Italia de 140 kil\u00f3metros, en el que podr\u00e1n participar deportistas semiprofesionales y amateurs, contar\u00e1 con una ruta de intensidad media a alta.<\/li>\n<\/ul>\n<p>\u201cEste Giro d\u2019Italia es el segundo reto que tenemos, este objetivo es permitir a los ciclistas que participen en una \u00fanica e inigualable experiencia que es el competir como profesionales y vivir una carrera al estilo Giro d\u2019Italia\u201d, se\u00f1al\u00f3 el secretario de Cultura y Deporte, Eduardo Gasca Pliego.<\/p>\n<p>El Gran Fondo Giro d\u2019Italia adem\u00e1s de ser una fiesta deportiva, tambi\u00e9n ser\u00e1 la ocasi\u00f3n para reforzar los lazos amistosos que tiene la entidad mexiquense con Italia, pues adem\u00e1s, se podr\u00e1 disfrutar de m\u00fasica y comida italiana, y los asistentes podr\u00e1n participar en cursos interactivos para aprender el idioma italiano.<\/p>\n<p>Se espera que el evento deportivo deje una derrama econ\u00f3mica de 15 millones de pesos, en hospedaje y alimentaci\u00f3n de los visitantes.<\/p>\n<p>Durante la realizaci\u00f3n de la carrera se contar\u00e1 con la participaci\u00f3n de elementos de seguridad, protecci\u00f3n civil y la Unidad de Rescate A\u00e9reo Rel\u00e1mpago.<\/p>\n<p>Las personas interesadas en participar pueden registrarse en las p\u00e1ginas <a href=\"http:\/\/www.granfondogiroditaliamx.com\" target=\"_blank\">www.granfondogiroditaliamx.com<\/a>, <a href=\"http:\/\/www.cultura.edomexgob.mx\" target=\"_blank\">www.cultura.edomexgob.mx<\/a> y <a href=\"http:\/\/www.culturaydeporte.edomex.gob.mx\" target=\"_blank\">www.culturaydeporte.edomex.gob.mx<\/a>, o bien visitar la tienda Specialized.<\/p>\n","protected":false},"excerpt":{"rendered":"<p>El pr\u00f3ximo 26 de febrero el Estado de M\u00e9xico ser\u00e1 sede, por segundo a\u00f1o consecutivo, de la edici\u00f3n mexicana del Giro d\u00b4Italia Gran Fondo, uno de los eventos m\u00e1s importantes del mundo que contar\u00e1 con la participaci\u00f3n de m\u00e1s de dos mil ciclistas profesionales de Estados Unidos, Canad\u00e1, Chile, Italia, Colombia, M\u00e9xico, entre otros.<\/p>\n","protected":false},"author":5,"featured_media":311794,"comment_status":"open","ping_status":"open","sticky":false,"template":"","format":"standard","meta":{"_monsterinsights_skip_tracking":false,"_monsterinsights_sitenote_active":false,"_monsterinsights_sitenote_note":"","_monsterinsights_sitenote_category":0,"footnotes":""},"categories":[5],"tags":[1492,44],"class_list":["post-311793","post","type-post","status-publish","format-standard","has-post-thumbnail","hentry","category-estado-de-mexico","tag-eduardo-gasca-pliego","tag-mexico"],"_links":{"self":[{"href":"https:\/\/www.diarioimagen.net\/index.php?rest_route=\/wp\/v2\/posts\/311793","targetHints":{"allow":["GET"]}}],"collection":[{"href":"https:\/\/www.diarioimagen.net\/index.php?rest_route=\/wp\/v2\/posts"}],"about":[{"href":"https:\/\/www.diarioimagen.net\/index.php?rest_route=\/wp\/v2\/types\/post"}],"author":[{"embeddable":true,"href":"https:\/\/www.diarioimagen.net\/index.php?rest_route=\/wp\/v2\/users\/5"}],"replies":[{"embeddable":true,"href":"https:\/\/www.diarioimagen.net\/index.php?rest_route=%2Fwp%2Fv2%2Fcomments&post=311793"}],"version-history":[{"count":0,"href":"https:\/\/www.diarioimagen.net\/index.php?rest_route=\/wp\/v2\/posts\/311793\/revisions"}],"wp:featuredmedia":[{"embeddable":true,"href":"https:\/\/www.diarioimagen.net\/index.php?rest_route=\/wp\/v2\/media\/311794"}],"wp:attachment":[{"href":"https:\/\/www.diarioimagen.net\/index.php?rest_route=%2Fwp%2Fv2%2Fmedia&parent=311793"}],"wp:term":[{"taxonomy":"category","embeddable":true,"href":"https:\/\/www.diarioimagen.net\/index.php?rest_route=%2Fwp%2Fv2%2Fcategories&post=311793"},{"taxonomy":"post_tag","embeddable":true,"href":"https:\/\/www.diarioimagen.net\/index.php?rest_route=%2Fwp%2Fv2%2Ftags&post=311793"}],"curies":[{"name":"wp","href":"https:\/\/api.w.org\/{rel}","templated":true}]}}