{"id":311799,"date":"2017-02-12T16:00:40","date_gmt":"2017-02-12T22:00:40","guid":{"rendered":"http:\/\/www.diarioimagen.net\/?p=311799"},"modified":"2017-02-14T00:36:15","modified_gmt":"2017-02-14T06:36:15","slug":"relanzan-en-edomex-el-programa-mochila-segura","status":"publish","type":"post","link":"https:\/\/www.diarioimagen.net\/?p=311799","title":{"rendered":"Relanzan en Edomex el programa Mochila Segura"},"content":{"rendered":"<ul>\n<li><em><strong>Padres, maestros y alumnos decidir\u00e1n su aplicaci\u00f3n: Eruviel \u00c1vila <\/strong><\/em><\/li>\n<\/ul>\n<p>&nbsp;<\/p>\n<div id=\"attachment_311800\" style=\"width: 470px\" class=\"wp-caption aligncenter\"><a href=\"http:\/\/www.diarioimagen.net\/?attachment_id=311800\" rel=\"attachment wp-att-311800\"><img loading=\"lazy\" decoding=\"async\" aria-describedby=\"caption-attachment-311800\" class=\"size-large wp-image-311800\" src=\"http:\/\/www.diarioimagen.net\/wp-content\/uploads\/2017\/02\/MOCHILA13-portal-460x268.jpg\" alt=\"\" width=\"460\" height=\"268\" srcset=\"https:\/\/www.diarioimagen.net\/wp-content\/uploads\/2017\/02\/MOCHILA13-portal-460x268.jpg 460w, https:\/\/www.diarioimagen.net\/wp-content\/uploads\/2017\/02\/MOCHILA13-portal-240x140.jpg 240w, https:\/\/www.diarioimagen.net\/wp-content\/uploads\/2017\/02\/MOCHILA13-portal.jpg 480w\" sizes=\"auto, (max-width: 460px) 100vw, 460px\" \/><\/a><p id=\"caption-attachment-311800\" class=\"wp-caption-text\">Eruviel \u00c1vila Villegas anunci\u00f3 el relanzamiento del programa Mochila Segura en el Estado de M\u00e9xico.<\/p><\/div>\n<p>&nbsp;<\/p>\n<p><strong>Toluca, Estado de M\u00e9xico<\/strong>.- El gobernador Eruviel \u00c1vila Villegas anunci\u00f3 el relanzamiento del programa Mochila Segura en el Estado de M\u00e9xico, que tiene objetivo de evitar la introducci\u00f3n de objetos o sustancias que puedan alterar la tranquilidad en las escuelas, para lo cual se tendr\u00e1 una nueva modalidad en la que ser\u00e1n los padres de familia, directivos y alumnos quienes decidan su aplicaci\u00f3n o no en cada plantel.<\/p>\n<p>\u201cEstamos relanzando el programa de Mochila Segura. Este programa va a consistir en que de manera voluntaria padres de familias, directivos, tal vez tambi\u00e9n alumnos puedan opinar, se lleve a cabo este operativo en forma voluntaria y no impositivo por parte de la autoridad educativa, de la autoridad estatal o municipal. Que sepan que la autoridad est\u00e1 para respaldarles, no para imponer\u201d.<\/p>\n<p>Eruviel \u00c1vila dio a conocer algunos resultados que se han obtenido con este programa durante la actual administraci\u00f3n, como la revisi\u00f3n de m\u00e1s de 32 mil 517 mochilas, de lo que ha derivado el aseguramiento de 850 gramos de mariguana; 136 piezas de material pirot\u00e9cnico, como palomas y cuetes; 43 armas blancas; cajetillas de cigarros; pipas para fumar mariguana, tres armas de aire como di\u00e1bolos y spray de gas lacrim\u00f3geno.<\/p>\n<p>En este sentido, precis\u00f3 que durante el presente ciclo escolar se han realizado 31 operativos, revisando a casi 12 mil alumnos, asegurando 10 gramos de mariguana, 6 cajetillas de cigarro, dos spray de gas lacrim\u00f3geno y un aparato de descargas el\u00e9ctricas.<\/p>\n<p>\u201cSon armas que podr\u00edan hacer da\u00f1o a nuestros alumnos, a ni\u00f1os inocentes, y por eso es que si es necesario, lo veo como una necesidad, pero eso, s\u00ed respetando los derechos humanos de alumnos, padres de familia y de las maestras y de los maestros\u201d, expres\u00f3.<\/p>\n<p>El gobernador mexiquense tambi\u00e9n puso a disposici\u00f3n de la gente el n\u00famero 911, que est\u00e1 vinculado con los C5 de Toluca y Ecatepec, para reportar cualquier emergencia o inconveniente que se llegue a presentar durante la revisi\u00f3n que se hace a trav\u00e9s de este programa, en el cual garantiz\u00f3 el respeto a los derechos humanos de los alumnos.<\/p>\n<p>Acompa\u00f1ado por el presidente de la Comisi\u00f3n de Derechos Humanos del Estado de M\u00e9xico (Codhem), Baruch Delgado Carbajal, y la secretaria de Educaci\u00f3n Ana Lilia Herrera Anzaldo, el mandatario estatal puso en marcha de la campa\u00f1a para fomentar la cultura del respeto a los derechos humanos en el Sistema Educativo del Estado de M\u00e9xico, el cual tiene como finalidad la impartici\u00f3n de pl\u00e1ticas por parte de la Codhem en materia de derechos humanos a supervisores, directores, padres de familia y alumnos, para empoderar a los j\u00f3venes y prevenir casos de violencia escolar.<\/p>\n<p>En este evento, el gobernador Eruviel \u00c1vila reiter\u00f3 su compromiso de seguir trabajando en coordinaci\u00f3n con la Codhem, atendiendo las recomendaciones que esta instituci\u00f3n le llegue a formular.<\/p>\n","protected":false},"excerpt":{"rendered":"<p>El gobernador Eruviel \u00c1vila Villegas anunci\u00f3 el relanzamiento del programa Mochila Segura en el Estado de M\u00e9xico, que tiene objetivo de evitar la introducci\u00f3n de objetos o sustancias que puedan alterar la tranquilidad en las escuelas, para lo cual se tendr\u00e1 una nueva modalidad en la que ser\u00e1n los padres de familia, directivos y alumnos quienes decidan su aplicaci\u00f3n o no en cada plantel.<\/p>\n","protected":false},"author":5,"featured_media":311800,"comment_status":"open","ping_status":"open","sticky":false,"template":"","format":"standard","meta":{"_monsterinsights_skip_tracking":false,"_monsterinsights_sitenote_active":false,"_monsterinsights_sitenote_note":"","_monsterinsights_sitenote_category":0,"footnotes":""},"categories":[35155],"tags":[5828,43675,50539,452],"class_list":["post-311799","post","type-post","status-publish","format-standard","has-post-thumbnail","hentry","category-estado-de-mexico-estado-de-mexico","tag-eruviel-avila-villegas","tag-estado-de-mexico","tag-mochila-segura","tag-toluca"],"_links":{"self":[{"href":"https:\/\/www.diarioimagen.net\/index.php?rest_route=\/wp\/v2\/posts\/311799","targetHints":{"allow":["GET"]}}],"collection":[{"href":"https:\/\/www.diarioimagen.net\/index.php?rest_route=\/wp\/v2\/posts"}],"about":[{"href":"https:\/\/www.diarioimagen.net\/index.php?rest_route=\/wp\/v2\/types\/post"}],"author":[{"embeddable":true,"href":"https:\/\/www.diarioimagen.net\/index.php?rest_route=\/wp\/v2\/users\/5"}],"replies":[{"embeddable":true,"href":"https:\/\/www.diarioimagen.net\/index.php?rest_route=%2Fwp%2Fv2%2Fcomments&post=311799"}],"version-history":[{"count":0,"href":"https:\/\/www.diarioimagen.net\/index.php?rest_route=\/wp\/v2\/posts\/311799\/revisions"}],"wp:featuredmedia":[{"embeddable":true,"href":"https:\/\/www.diarioimagen.net\/index.php?rest_route=\/wp\/v2\/media\/311800"}],"wp:attachment":[{"href":"https:\/\/www.diarioimagen.net\/index.php?rest_route=%2Fwp%2Fv2%2Fmedia&parent=311799"}],"wp:term":[{"taxonomy":"category","embeddable":true,"href":"https:\/\/www.diarioimagen.net\/index.php?rest_route=%2Fwp%2Fv2%2Fcategories&post=311799"},{"taxonomy":"post_tag","embeddable":true,"href":"https:\/\/www.diarioimagen.net\/index.php?rest_route=%2Fwp%2Fv2%2Ftags&post=311799"}],"curies":[{"name":"wp","href":"https:\/\/api.w.org\/{rel}","templated":true}]}}