{"id":311914,"date":"2017-02-13T00:04:32","date_gmt":"2017-02-13T06:04:32","guid":{"rendered":"http:\/\/www.diarioimagen.net\/?p=311914"},"modified":"2017-02-13T02:08:48","modified_gmt":"2017-02-13T08:08:48","slug":"regresa-el-programa-metepec-decide-contigo-por-la-educacion","status":"publish","type":"post","link":"https:\/\/www.diarioimagen.net\/?p=311914","title":{"rendered":"Regresa el programa \u201cMetepec Decide Contigo por la Educaci\u00f3n\u201d"},"content":{"rendered":"<ul>\n<li><em><strong>Entrega de apoyos en el nivel b\u00e1sico<\/strong><\/em><\/li>\n<\/ul>\n<p>&nbsp;<\/p>\n<div id=\"attachment_312002\" style=\"width: 470px\" class=\"wp-caption aligncenter\"><a href=\"http:\/\/www.diarioimagen.net\/?attachment_id=312002\" rel=\"attachment wp-att-312002\"><img loading=\"lazy\" decoding=\"async\" aria-describedby=\"caption-attachment-312002\" class=\"size-large wp-image-312002\" src=\"http:\/\/www.diarioimagen.net\/wp-content\/uploads\/2017\/02\/METEPEC-3056-460x210.jpg\" alt=\"\" width=\"460\" height=\"210\" srcset=\"https:\/\/www.diarioimagen.net\/wp-content\/uploads\/2017\/02\/METEPEC-3056-460x210.jpg 460w, https:\/\/www.diarioimagen.net\/wp-content\/uploads\/2017\/02\/METEPEC-3056-240x110.jpg 240w, https:\/\/www.diarioimagen.net\/wp-content\/uploads\/2017\/02\/METEPEC-3056.jpg 700w\" sizes=\"auto, (max-width: 460px) 100vw, 460px\" \/><\/a><p id=\"caption-attachment-312002\" class=\"wp-caption-text\">El gobierno de David L\u00f3pez C\u00e1rdenas apoyar\u00e1 una vez m\u00e1s a la comunidad estudiantil \u201cMetepec Decide Contigo por la Educaci\u00f3n\u201d.<\/p><\/div>\n<p>&nbsp;<\/p>\n<p><strong>Metepec, Estado de M\u00e9xico<\/strong>.-\u00a0Como lo hab\u00eda anunciado el alcalde, David L\u00f3pez C\u00e1rdenas, en el presente ciclo escolar, padres de familia y alumnos de educaci\u00f3n b\u00e1sica de instituciones p\u00fablicas podr\u00e1n elegir a trav\u00e9s de la p\u00e1gina de internet, el dise\u00f1o y color de prendas, accesorio y calzado que recibir\u00e1n dentro del exitoso programa educativo \u201cMetepec Decide Contigo por la Educaci\u00f3n\u201d.<\/p>\n<p>Este a\u00f1o el gobierno municipal apoyar\u00e1 una vez m\u00e1s a la comunidad estudiantil con dicho programa, el cual tuvo modificaciones para el agrado y gusto de los alumnos.<\/p>\n<p>La Direcci\u00f3n de Educaci\u00f3n del Ayuntamiento inform\u00f3 que para esta edici\u00f3n, los interesados deber\u00e1n registrarse de forma individual en una de las 15 bibliotecas p\u00fablicas del municipio, la m\u00e1s cercana al plantel educativo.<\/p>\n<p>Adem\u00e1s, a partir de este lunes, los beneficiarios podr\u00e1n elegir el color y art\u00edculos de las prendas y accesorio; es decir, en la p\u00e1gina del municipio\u00a0 www.metepec.gob.mx,\u00a0 podr\u00e1n decidir el calzado entre tenis deportivo o zapato casual escolar; de igual forma podr\u00e1n determinar el color de chamarra o su\u00e9ter y lonchera o mochila.<\/p>\n<p>En el 2016, el gobierno de Metepec lanz\u00f3 el programa\u00a0con la finalidad de impulsar la permanencia escolar y apoyar la econom\u00eda de las familias que tienen ni\u00f1os y ni\u00f1as en el nivel b\u00e1sico, independiente del promedio acad\u00e9mico y n\u00famero de hijos, atendiendo de esa forma, a 37 mil alumnos de 127 instituciones p\u00fablicas de preescolar, primaria y secundaria con una inversi\u00f3n superior a 24 millones pesos de recursos municipales.<\/p>\n<p>Para mayor informaci\u00f3n, se dispone atenci\u00f3n personalizada en las oficinas de la direcci\u00f3n de Educaci\u00f3n, con domicilio en Portal San Isidro n\u00famero 51 local 6, o en los n\u00fameros telef\u00f3nicos 706 98 48 y 211 14 34.<\/p>\n<p>&nbsp;<\/p>\n","protected":false},"excerpt":{"rendered":"<p>Como lo hab\u00eda anunciado el alcalde, David L\u00f3pez C\u00e1rdenas, en el presente ciclo escolar, padres de familia y alumnos de educaci\u00f3n b\u00e1sica de instituciones p\u00fablicas podr\u00e1n elegir a trav\u00e9s de la p\u00e1gina de internet, el dise\u00f1o y color de prendas, accesorio y calzado que recibir\u00e1n dentro del exitoso programa educativo \u201cMetepec Decide Contigo por la Educaci\u00f3n\u201d.<\/p>\n","protected":false},"author":3,"featured_media":312002,"comment_status":"open","ping_status":"open","sticky":false,"template":"","format":"standard","meta":{"_monsterinsights_skip_tracking":false,"_monsterinsights_sitenote_active":false,"_monsterinsights_sitenote_note":"","_monsterinsights_sitenote_category":0,"footnotes":""},"categories":[35155],"tags":[43675,876],"class_list":["post-311914","post","type-post","status-publish","format-standard","has-post-thumbnail","hentry","category-estado-de-mexico-estado-de-mexico","tag-estado-de-mexico","tag-metepec"],"_links":{"self":[{"href":"https:\/\/www.diarioimagen.net\/index.php?rest_route=\/wp\/v2\/posts\/311914","targetHints":{"allow":["GET"]}}],"collection":[{"href":"https:\/\/www.diarioimagen.net\/index.php?rest_route=\/wp\/v2\/posts"}],"about":[{"href":"https:\/\/www.diarioimagen.net\/index.php?rest_route=\/wp\/v2\/types\/post"}],"author":[{"embeddable":true,"href":"https:\/\/www.diarioimagen.net\/index.php?rest_route=\/wp\/v2\/users\/3"}],"replies":[{"embeddable":true,"href":"https:\/\/www.diarioimagen.net\/index.php?rest_route=%2Fwp%2Fv2%2Fcomments&post=311914"}],"version-history":[{"count":0,"href":"https:\/\/www.diarioimagen.net\/index.php?rest_route=\/wp\/v2\/posts\/311914\/revisions"}],"wp:featuredmedia":[{"embeddable":true,"href":"https:\/\/www.diarioimagen.net\/index.php?rest_route=\/wp\/v2\/media\/312002"}],"wp:attachment":[{"href":"https:\/\/www.diarioimagen.net\/index.php?rest_route=%2Fwp%2Fv2%2Fmedia&parent=311914"}],"wp:term":[{"taxonomy":"category","embeddable":true,"href":"https:\/\/www.diarioimagen.net\/index.php?rest_route=%2Fwp%2Fv2%2Fcategories&post=311914"},{"taxonomy":"post_tag","embeddable":true,"href":"https:\/\/www.diarioimagen.net\/index.php?rest_route=%2Fwp%2Fv2%2Ftags&post=311914"}],"curies":[{"name":"wp","href":"https:\/\/api.w.org\/{rel}","templated":true}]}}