{"id":311919,"date":"2017-02-13T00:02:56","date_gmt":"2017-02-13T06:02:56","guid":{"rendered":"http:\/\/www.diarioimagen.net\/?p=311919"},"modified":"2017-02-13T02:10:48","modified_gmt":"2017-02-13T08:10:48","slug":"atizapan-embellece-jardines-y-camellones-con-mulch-organico","status":"publish","type":"post","link":"https:\/\/www.diarioimagen.net\/?p=311919","title":{"rendered":"Atizap\u00e1n embellece jardines y camellones con \u201cMulch\u201d org\u00e1nico"},"content":{"rendered":"<p><a href=\"http:\/\/www.diarioimagen.net\/?attachment_id=312010\" rel=\"attachment wp-att-312010\"><img loading=\"lazy\" decoding=\"async\" class=\"aligncenter size-large wp-image-312010\" src=\"http:\/\/www.diarioimagen.net\/wp-content\/uploads\/2017\/02\/ATIZAPAN-3056-460x259.jpg\" alt=\"\" width=\"460\" height=\"259\" srcset=\"https:\/\/www.diarioimagen.net\/wp-content\/uploads\/2017\/02\/ATIZAPAN-3056-460x259.jpg 460w, https:\/\/www.diarioimagen.net\/wp-content\/uploads\/2017\/02\/ATIZAPAN-3056-240x135.jpg 240w, https:\/\/www.diarioimagen.net\/wp-content\/uploads\/2017\/02\/ATIZAPAN-3056-235x132.jpg 235w, https:\/\/www.diarioimagen.net\/wp-content\/uploads\/2017\/02\/ATIZAPAN-3056-202x114.jpg 202w, https:\/\/www.diarioimagen.net\/wp-content\/uploads\/2017\/02\/ATIZAPAN-3056-350x196.jpg 350w, https:\/\/www.diarioimagen.net\/wp-content\/uploads\/2017\/02\/ATIZAPAN-3056-220x123.jpg 220w, https:\/\/www.diarioimagen.net\/wp-content\/uploads\/2017\/02\/ATIZAPAN-3056-237x132.jpg 237w, https:\/\/www.diarioimagen.net\/wp-content\/uploads\/2017\/02\/ATIZAPAN-3056.jpg 480w\" sizes=\"auto, (max-width: 460px) 100vw, 460px\" \/><\/a><\/p>\n<p>&nbsp;<\/p>\n<p><strong>Atizap\u00e1n, Estado de M\u00e9xico.- <\/strong>Preocupado por mejorar la imagen urbana del municipio, el gobierno que preside la alcaldesa, Ana Mar\u00eda Balderas Trejo, pondr\u00e1 en marcha el programa \u201cChuleando tus \u00e1reas verdes\u201d, el cual consiste en utilizar la t\u00e9cnica \u201cMulch\u201d para embellecer los jardines y camellones de las principales vialidades.<\/p>\n<p>La alcaldesa mencion\u00f3 que se trata de un programa innovador en el Estado de M\u00e9xico y ser\u00e1 Atizap\u00e1n el primer municipio en implementarlo para dar vida y color a la composta o triturado de los\u00a0 \u00e1rboles secos que se utilizar\u00e1n en el embellecimiento de los camellones, adem\u00e1s de que la pintura para mulch que no es nociva y permite se mantengan h\u00famedas por m\u00e1s tiempo.<\/p>\n","protected":false},"excerpt":{"rendered":"<p>Preocupado por mejorar la imagen urbana del municipio, el gobierno que preside la alcaldesa, Ana Mar\u00eda Balderas Trejo, pondr\u00e1 en marcha el programa \u201cChuleando tus \u00e1reas verdes\u201d, el cual consiste en utilizar la t\u00e9cnica \u201cMulch\u201d para embellecer los jardines y camellones de las principales vialidades.<\/p>\n","protected":false},"author":3,"featured_media":312010,"comment_status":"open","ping_status":"open","sticky":false,"template":"","format":"standard","meta":{"_monsterinsights_skip_tracking":false,"_monsterinsights_sitenote_active":false,"_monsterinsights_sitenote_note":"","_monsterinsights_sitenote_category":0,"footnotes":""},"categories":[35155],"tags":[969,43675],"class_list":["post-311919","post","type-post","status-publish","format-standard","has-post-thumbnail","hentry","category-estado-de-mexico-estado-de-mexico","tag-atizapan","tag-estado-de-mexico"],"_links":{"self":[{"href":"https:\/\/www.diarioimagen.net\/index.php?rest_route=\/wp\/v2\/posts\/311919","targetHints":{"allow":["GET"]}}],"collection":[{"href":"https:\/\/www.diarioimagen.net\/index.php?rest_route=\/wp\/v2\/posts"}],"about":[{"href":"https:\/\/www.diarioimagen.net\/index.php?rest_route=\/wp\/v2\/types\/post"}],"author":[{"embeddable":true,"href":"https:\/\/www.diarioimagen.net\/index.php?rest_route=\/wp\/v2\/users\/3"}],"replies":[{"embeddable":true,"href":"https:\/\/www.diarioimagen.net\/index.php?rest_route=%2Fwp%2Fv2%2Fcomments&post=311919"}],"version-history":[{"count":0,"href":"https:\/\/www.diarioimagen.net\/index.php?rest_route=\/wp\/v2\/posts\/311919\/revisions"}],"wp:featuredmedia":[{"embeddable":true,"href":"https:\/\/www.diarioimagen.net\/index.php?rest_route=\/wp\/v2\/media\/312010"}],"wp:attachment":[{"href":"https:\/\/www.diarioimagen.net\/index.php?rest_route=%2Fwp%2Fv2%2Fmedia&parent=311919"}],"wp:term":[{"taxonomy":"category","embeddable":true,"href":"https:\/\/www.diarioimagen.net\/index.php?rest_route=%2Fwp%2Fv2%2Fcategories&post=311919"},{"taxonomy":"post_tag","embeddable":true,"href":"https:\/\/www.diarioimagen.net\/index.php?rest_route=%2Fwp%2Fv2%2Ftags&post=311919"}],"curies":[{"name":"wp","href":"https:\/\/api.w.org\/{rel}","templated":true}]}}