{"id":312015,"date":"2017-02-13T00:06:01","date_gmt":"2017-02-13T06:06:01","guid":{"rendered":"http:\/\/www.diarioimagen.net\/?p=312015"},"modified":"2024-11-12T22:22:33","modified_gmt":"2024-11-13T04:22:33","slug":"entre-impugnaciones-pan-mexiquense-se-rezaga","status":"publish","type":"post","link":"https:\/\/www.diarioimagen.net\/?p=312015","title":{"rendered":"Entre impugnaciones, PAN mexiquense se rezaga"},"content":{"rendered":"<h2>Como veo, doy<\/h2>\n<h5>Jorg Palacios<\/h5>\n<p>&nbsp;<\/p>\n<ul>\n<li><strong><em>Candidatura de Josefina V\u00e1zquez Mota divide a militancia local<\/em><\/strong><\/li>\n<\/ul>\n<p>&nbsp;<\/p>\n<p>Hasta ahora, el proceso electoral del Estado de M\u00e9xico indica que los partidos m\u00e1s competitivos, pr\u00e1cticamente ya con la definici\u00f3n de quienes ser\u00e1n sus candidatos, ser\u00e1n la alianza conformada por el PRI-PVEM-PANAL-PES, con Alfredo del Mazo Maza; Morena, con Delfina G\u00f3mez, y el PAN con Josefina V\u00e1zquez Mota. El resto de los partidos no tendr\u00e1n un papel relevante en la disputa de votos y cualesquiera que sean sus candidatos todo indica que su participaci\u00f3n ser\u00e1 testimonial, ya que se da por hecho que ninguno de ellos tiene la fuerza suficiente como para disputar seriamente la gubernatura.<\/p>\n<p>Aunque ser\u00e1 hasta en esta semana cuando el CEN del PAN d\u00e9 a conocer de manera definitiva el nombre de qui\u00e9n ser\u00e1 el candidato que encabece el proyecto pol\u00edtico de los blanquiazules, todas las probabilidades apuntan que esa responsabilidad recaer\u00e1 en la persona de la ex candidata presidencial, Josefina V\u00e1zquez Mota, pero m\u00e1s all\u00e1 del nombre es un hecho que este partido se ha rezagado en la contienda pol\u00edtica mexiquense, y por si eso fuera poco su participaci\u00f3n ya tiene impugnaciones. El representante del partido Morena ante el Instituto Electoral del Estado de M\u00e9xico (IEEM), Ricardo Moreno, solicit\u00f3 a esa instancia informar qu\u00e9 partidos cumplieron en tiempo con la publicaci\u00f3n de su convocatoria interna para elegir candidato\u037e porque de otra manera lo procedente es sancionar a quienes no lo hicieron. Al parecer, en esa situaci\u00f3n se encuentra el panismo estatal.<\/p>\n<p>Al respecto, la Constituci\u00f3n Pol\u00edtica del Estado Libre y Soberano de M\u00e9xico se\u00f1ala que para cada elecci\u00f3n preceder\u00e1 una convocatoria, que deber\u00e1 ser aprobada durante el primer periodo ordinario de sesiones de la Legislatura del a\u00f1o previo al de la elecci\u00f3n y publicada a m\u00e1s tardar el veinte de septiembre del mismo a\u00f1o. La convocatoria ser\u00e1 publicada en el Peri\u00f3dico Oficial \u201cGaceta del Gobierno\u201d y difundida en los diarios de mayor circulaci\u00f3n, lo cual sucedi\u00f3 en tiempo y forma.<\/p>\n<p>Luego, en el art\u00edculo 241, p\u00e1rrafo quinto del CEEM, se\u00f1ala que la publicaci\u00f3n de la convocatoria por parte de los partidos pol\u00edticos para el desarrollo de sus procesos de selecci\u00f3n interna de candidatos y otros actos preparatorios que no impliquen actos de precampa\u00f1a, se podr\u00e1n realizar desde los dos meses anteriores al del inicio de la etapa de precampa\u00f1as, tr\u00e1mite que debieron haber dado cumplimento todos los partidos participante entre el 22 de noviembre al 22 de enero, es decir antes del 23 de enero, pero -seg\u00fan impugnaci\u00f3n de Morena- ese requisito no se realiz\u00f3 en las filas panistas o al menos no se hizo del conocimiento p\u00fablico.<\/p>\n<p>Por ello, Ricardo Moreno pidi\u00f3 al IIEM un reporte por escrito de los partidos que dieron cumplimiento de manera oportuna con el referido tramite. \u201cEl objetivo, dijo, es poner en evidencia que una instituci\u00f3n espec\u00edficamente hasta el momento no ha cumplido con esa obligaci\u00f3n, lesionando los derechos de su militancia, as\u00ed como los principios bajo los cuales fue creado, por lo cual ya tienen algunas impugnaciones en marcha\u201d, a\u00f1adi\u00f3 el demandante.<\/p>\n<p>As\u00ed las cosas, en el panismo mexiquense, todav\u00eda no dan a conocer el nombre de su abanderada para la elecci\u00f3n por la gubernatura y las impugnaciones pol\u00edtica y legales ya ocupan su agenda de prioridades y atenci\u00f3n inmediata, y aunque es Morena quien los est\u00e1 impugnando, este tipo de reclamos y alegatos jur\u00eddicos tambi\u00e9n se han hecho presentes al interior de dicha organizaci\u00f3n pol\u00edtica, lo cual de alguna manera ha detenido la postulaci\u00f3n de Josefina V\u00e1zquez.<\/p>\n<p>No hay que olvidar que la Comisi\u00f3n Permanente del PAN en el Estado de M\u00e9xico acord\u00f3 que el m\u00e9todo de selecci\u00f3n de su candidato para la gubernatura correr\u00eda a cargo de la Comisi\u00f3n Permanente Nacional, es decir que ser\u00eda esta instancia la encargada de designar a su abanderado, procedimiento que de alguna manera favorece a Josefina V\u00e1zquez Mota, por lo que la decisi\u00f3n fue impugnada ante tribunales por el panista, Ulises Ram\u00edrez, quien calific\u00f3 la decisi\u00f3n \u201ccomo una chicanada\u201d, siendo que el Consejo mexiquense ya hab\u00eda determinado el formato en el sentido de que ser\u00eda la militancia, en una elecci\u00f3n interna, quien decidir\u00eda el nombre del candidato.<\/p>\n<p>Es cierto, es muy probable que hoy lunes, o en el transcurso de la semana, el PAN mexiquense anuncie la candidatura de V\u00e1zquez Mota, pero tambi\u00e9n hay mucha verdad que el hacer a un lado a figuras de trayectoria local como Juan Carlos N\u00fa\u00f1ez Armas, Jos\u00e9 Luis Dur\u00e1n Reveles, la senadora Laura Rojas Hern\u00e1ndez y Juan Rodolfo S\u00e1nchez, y el mismo UlisesRam\u00edrez, dar\u00e1 como consecuencia una divisi\u00f3n interna entre los panistas, lo cual pone en riesgo la participaci\u00f3n de Acci\u00f3n Nacional, sobre todo cuando las encuestas lo se\u00f1alan como el partido que encabeza las preferencias en las encuestas de opini\u00f3n p\u00fablica para el referido proceso electoral, donde le siguen muy de cerca el PRI y Morena.<\/p>\n<p><strong>VA MI RESTO<\/strong>.- Hablando de impugnaciones, hay quien se pregunta si es legal la campa\u00f1a que como precandidata realiza la abanderada de Morena, Delfina G\u00f3mez, pues es de sobra conocido que mucho antes de las fechas que marca el calendario electoral para la entidad ya era candidata virtual y la de hoy es pura simulaci\u00f3n.<\/p>\n<p>No hay duda, recorre la entidad mexiquense desde el a\u00f1o pasado como candidata por decisi\u00f3n de su l\u00edder nacional y aprovecha los huecos legales para posicionar su imagen, ya que de los nombres mencionados el de ella es el menos conocido entre los 125 municipios que conforman el territorio mexiquense. Tal vez por ello las impugnaciones de Morena contra el PAN, porque en materia de faltas andan en las mismas y hasta ah\u00ed porque como veo, doy.<\/p>\n<p><em><a href=\"mailto:%20jorgpalacios@yahoo.com.mx\" target=\"_blank\" rel=\"noopener\">jorgpalacios@yahoo.com.mx<\/a><\/em><\/p>\n","protected":false},"excerpt":{"rendered":"<p><span style=\"color: #005497;\"><strong>Jorg Palacios<\/strong><\/span><\/p>\n","protected":false},"author":3,"featured_media":0,"comment_status":"open","ping_status":"open","sticky":false,"template":"","format":"standard","meta":{"_monsterinsights_skip_tracking":false,"_monsterinsights_sitenote_active":false,"_monsterinsights_sitenote_note":"","_monsterinsights_sitenote_category":0,"footnotes":""},"categories":[63916],"tags":[28722,45228,63917,43674],"class_list":["post-312015","post","type-post","status-publish","format-standard","hentry","category-jorge-luis-galicia-palacios","tag-como-veo-doy","tag-jorg-palacios","tag-jorge-luis-galicia-palacios","tag-opinion"],"_links":{"self":[{"href":"https:\/\/www.diarioimagen.net\/index.php?rest_route=\/wp\/v2\/posts\/312015","targetHints":{"allow":["GET"]}}],"collection":[{"href":"https:\/\/www.diarioimagen.net\/index.php?rest_route=\/wp\/v2\/posts"}],"about":[{"href":"https:\/\/www.diarioimagen.net\/index.php?rest_route=\/wp\/v2\/types\/post"}],"author":[{"embeddable":true,"href":"https:\/\/www.diarioimagen.net\/index.php?rest_route=\/wp\/v2\/users\/3"}],"replies":[{"embeddable":true,"href":"https:\/\/www.diarioimagen.net\/index.php?rest_route=%2Fwp%2Fv2%2Fcomments&post=312015"}],"version-history":[{"count":0,"href":"https:\/\/www.diarioimagen.net\/index.php?rest_route=\/wp\/v2\/posts\/312015\/revisions"}],"wp:attachment":[{"href":"https:\/\/www.diarioimagen.net\/index.php?rest_route=%2Fwp%2Fv2%2Fmedia&parent=312015"}],"wp:term":[{"taxonomy":"category","embeddable":true,"href":"https:\/\/www.diarioimagen.net\/index.php?rest_route=%2Fwp%2Fv2%2Fcategories&post=312015"},{"taxonomy":"post_tag","embeddable":true,"href":"https:\/\/www.diarioimagen.net\/index.php?rest_route=%2Fwp%2Fv2%2Ftags&post=312015"}],"curies":[{"name":"wp","href":"https:\/\/api.w.org\/{rel}","templated":true}]}}