{"id":312122,"date":"2017-02-14T00:09:01","date_gmt":"2017-02-14T06:09:01","guid":{"rendered":"http:\/\/www.diarioimagen.net\/?p=312122"},"modified":"2017-02-15T01:02:56","modified_gmt":"2017-02-15T07:02:56","slug":"quieren-subir-hasta-4-pesos-costo-del-pasaje","status":"publish","type":"post","link":"https:\/\/www.diarioimagen.net\/?p=312122","title":{"rendered":"Quieren subir hasta 4 pesos costo del pasaje"},"content":{"rendered":"<ul>\n<li><strong><em>Se manifiestan transportistas<\/em><\/strong><\/li>\n<\/ul>\n<h6>Jos\u00e9 Luis Monta\u00f1ez<\/h6>\n<p>&nbsp;<\/p>\n<div id=\"attachment_312194\" style=\"width: 470px\" class=\"wp-caption aligncenter\"><a href=\"http:\/\/www.diarioimagen.net\/?attachment_id=312194\" rel=\"attachment wp-att-312194\"><img loading=\"lazy\" decoding=\"async\" aria-describedby=\"caption-attachment-312194\" class=\"size-large wp-image-312194\" src=\"http:\/\/www.diarioimagen.net\/wp-content\/uploads\/2017\/02\/METROBUS-3057-460x259.jpg\" alt=\"\" width=\"460\" height=\"259\" srcset=\"https:\/\/www.diarioimagen.net\/wp-content\/uploads\/2017\/02\/METROBUS-3057-460x259.jpg 460w, https:\/\/www.diarioimagen.net\/wp-content\/uploads\/2017\/02\/METROBUS-3057-240x135.jpg 240w, https:\/\/www.diarioimagen.net\/wp-content\/uploads\/2017\/02\/METROBUS-3057-235x132.jpg 235w, https:\/\/www.diarioimagen.net\/wp-content\/uploads\/2017\/02\/METROBUS-3057-202x114.jpg 202w, https:\/\/www.diarioimagen.net\/wp-content\/uploads\/2017\/02\/METROBUS-3057-350x196.jpg 350w, https:\/\/www.diarioimagen.net\/wp-content\/uploads\/2017\/02\/METROBUS-3057-220x123.jpg 220w, https:\/\/www.diarioimagen.net\/wp-content\/uploads\/2017\/02\/METROBUS-3057-237x132.jpg 237w, https:\/\/www.diarioimagen.net\/wp-content\/uploads\/2017\/02\/METROBUS-3057.jpg 480w\" sizes=\"auto, (max-width: 460px) 100vw, 460px\" \/><\/a><p id=\"caption-attachment-312194\" class=\"wp-caption-text\">Los transportistas afirman que la tarifa de 4 y 6 pesos es la m\u00e1s baja en todo el pa\u00eds y no se ha realizado ajustes desde febrero de 2013.<\/p><\/div>\n<p>&nbsp;<\/p>\n<p>Los concesionarios del transporte urbano de pasajeros de la Ciudad de M\u00e9xico reaparecieron ayer para solicitar se les autorice urgentemente un incremento en la tarifa de microbuses y Metrob\u00fas.<\/p>\n<p>En conferencia de prensa, explicaron que para evitar el colapso del transporte p\u00fablico se requiere un aumento de 3 pesos para microbuses y de 4 pesos en los corredores y Metrob\u00fas, por lo que de aceptarse esto el usuario tendr\u00eda que pagar entre 8 y 10 pesos.<\/p>\n<p>Aseguraron que la tarifa que se cobra actualmente entre 4 y 6 pesos, seg\u00fan los kil\u00f3metros que se recorren, es \u201cla m\u00e1s baja en todo el pa\u00eds\u201d y no se ha realizado actualizaci\u00f3n desde febrero de 2013.<\/p>\n<p>Aparte de ofrecer una conferencia de prensa para explicar las tribulaciones que hoy en d\u00eda tienen para el mantenimiento de su parque vehicular, organizaron una manifestaci\u00f3n frente a las oficinas del Metrob\u00fas, ubicadas en avenida Cuauht\u00e9moc y\u00a0 Chapultepec, de donde marcharon hacia R\u00edo de la Loza.<\/p>\n<p>Con pancartas y consignas los marchistas gritaron que \u201cSi no hay soluci\u00f3n\u2026no habr\u00e1 cami\u00f3n\u201d.<\/p>\n<p>Los dirigentes de estos dos sistemas de transporte son Nicol\u00e1s V\u00e1zquez, por el Metrob\u00fas, y Francisco Carrasco, por el transporte convencional (las micros), quienes informaron que desde hace m\u00e1s de un mes solicitaron el urgente incremento a las tarifas del transporte urbano de pasajeros y que el jefe de gobierno, Miguel \u00c1ngel Mancera, se comprometi\u00f3 a que el pr\u00f3ximo jueves har\u00e1 un pronunciamiento (puede ser a favor o en contra) del incremento al pago del pasaje por kil\u00f3metro recorrido.<\/p>\n<p>Explicaron que si no se autoriza esta alza a los pasajes, se corre el riesgo de dejar sin transporte a la Ciudad de M\u00e9xico, en raz\u00f3n de que en el caso de los camiones de los corredores viales, se trata de unidades viejas que no cuentan ya con mantenimiento, porque no hay liquidez para realizarlo y est\u00e1n a punto de colapsar.<\/p>\n<p>En el caso del Metrob\u00fas, la empresa concesionaria est\u00e1 perdiendo dinero en su mantenimiento.<\/p>\n<p>Los concesionarios han propuesto varias salidas a su petici\u00f3n, una de ellas es que les autoricen el incremento a largo plazo, para poder garantizar con cr\u00e9ditos el mantenimiento y modernizaci\u00f3n y no afectar la calidad del servicio, que en este momento es una triste realidad.<\/p>\n<p>Expusieron que en los \u00faltimos 20 a\u00f1os al transporte concesionado solamente se le han autorizado cinco actualizaciones al precio del pasaje, es decir, cada cuatro a\u00f1os.<\/p>\n<p>Se\u00f1alaron finalmente que los funcionarios del gobierno capitalino conocen perfectamente los costos del mantenimiento, por tener la ruta RTP y saben que no hay de otra, m\u00e1s que ajustar precios o se colapsar\u00e1 el transporte, pues no hay un servicio m\u00e1s caro que el que no existe.<\/p>\n<p>&nbsp;<\/p>\n","protected":false},"excerpt":{"rendered":"<p><span style=\"color: #005497;\">Jos\u00e9 Luis Monta\u00f1ez<\/span><br \/>\n<br \/>\nLos concesionarios del transporte urbano de pasajeros de la Ciudad de M\u00e9xico reaparecieron ayer para solicitar se les autorice urgentemente un incremento en la tarifa de microbuses y Metrob\u00fas.<\/p>\n","protected":false},"author":3,"featured_media":312194,"comment_status":"open","ping_status":"open","sticky":false,"template":"","format":"standard","meta":{"_monsterinsights_skip_tracking":false,"_monsterinsights_sitenote_active":false,"_monsterinsights_sitenote_note":"","_monsterinsights_sitenote_category":0,"footnotes":""},"categories":[6],"tags":[16997,204,3195,5314,13614],"class_list":["post-312122","post","type-post","status-publish","format-standard","has-post-thumbnail","hentry","category-cd-de-mexico","tag-aumento","tag-ciudad-de-mexico","tag-metrobus","tag-miguel-angel-mancera-espinosa","tag-tarifa"],"_links":{"self":[{"href":"https:\/\/www.diarioimagen.net\/index.php?rest_route=\/wp\/v2\/posts\/312122","targetHints":{"allow":["GET"]}}],"collection":[{"href":"https:\/\/www.diarioimagen.net\/index.php?rest_route=\/wp\/v2\/posts"}],"about":[{"href":"https:\/\/www.diarioimagen.net\/index.php?rest_route=\/wp\/v2\/types\/post"}],"author":[{"embeddable":true,"href":"https:\/\/www.diarioimagen.net\/index.php?rest_route=\/wp\/v2\/users\/3"}],"replies":[{"embeddable":true,"href":"https:\/\/www.diarioimagen.net\/index.php?rest_route=%2Fwp%2Fv2%2Fcomments&post=312122"}],"version-history":[{"count":0,"href":"https:\/\/www.diarioimagen.net\/index.php?rest_route=\/wp\/v2\/posts\/312122\/revisions"}],"wp:featuredmedia":[{"embeddable":true,"href":"https:\/\/www.diarioimagen.net\/index.php?rest_route=\/wp\/v2\/media\/312194"}],"wp:attachment":[{"href":"https:\/\/www.diarioimagen.net\/index.php?rest_route=%2Fwp%2Fv2%2Fmedia&parent=312122"}],"wp:term":[{"taxonomy":"category","embeddable":true,"href":"https:\/\/www.diarioimagen.net\/index.php?rest_route=%2Fwp%2Fv2%2Fcategories&post=312122"},{"taxonomy":"post_tag","embeddable":true,"href":"https:\/\/www.diarioimagen.net\/index.php?rest_route=%2Fwp%2Fv2%2Ftags&post=312122"}],"curies":[{"name":"wp","href":"https:\/\/api.w.org\/{rel}","templated":true}]}}