{"id":312156,"date":"2017-02-14T00:05:26","date_gmt":"2017-02-14T06:05:26","guid":{"rendered":"http:\/\/www.diarioimagen.net\/?p=312156"},"modified":"2017-02-15T01:02:30","modified_gmt":"2017-02-15T07:02:30","slug":"urge-replantear-apoyos-al-campo-dice-mancera","status":"publish","type":"post","link":"https:\/\/www.diarioimagen.net\/?p=312156","title":{"rendered":"Urge replantear apoyos al campo, dice Mancera"},"content":{"rendered":"<ul>\n<li><strong><em>Entrega maquinaria agr\u00edcola<\/em><\/strong><\/li>\n<\/ul>\n<p>&nbsp;<\/p>\n<div id=\"attachment_312231\" style=\"width: 470px\" class=\"wp-caption aligncenter\"><a href=\"http:\/\/www.diarioimagen.net\/?attachment_id=312231\" rel=\"attachment wp-att-312231\"><img loading=\"lazy\" decoding=\"async\" aria-describedby=\"caption-attachment-312231\" class=\"size-large wp-image-312231\" src=\"http:\/\/www.diarioimagen.net\/wp-content\/uploads\/2017\/02\/MANCERA-3057-460x259.jpg\" alt=\"\" width=\"460\" height=\"259\" srcset=\"https:\/\/www.diarioimagen.net\/wp-content\/uploads\/2017\/02\/MANCERA-3057-460x259.jpg 460w, https:\/\/www.diarioimagen.net\/wp-content\/uploads\/2017\/02\/MANCERA-3057-240x135.jpg 240w, https:\/\/www.diarioimagen.net\/wp-content\/uploads\/2017\/02\/MANCERA-3057-235x132.jpg 235w, https:\/\/www.diarioimagen.net\/wp-content\/uploads\/2017\/02\/MANCERA-3057-202x114.jpg 202w, https:\/\/www.diarioimagen.net\/wp-content\/uploads\/2017\/02\/MANCERA-3057-350x196.jpg 350w, https:\/\/www.diarioimagen.net\/wp-content\/uploads\/2017\/02\/MANCERA-3057-220x123.jpg 220w, https:\/\/www.diarioimagen.net\/wp-content\/uploads\/2017\/02\/MANCERA-3057-237x132.jpg 237w, https:\/\/www.diarioimagen.net\/wp-content\/uploads\/2017\/02\/MANCERA-3057.jpg 480w\" sizes=\"auto, (max-width: 460px) 100vw, 460px\" \/><\/a><p id=\"caption-attachment-312231\" class=\"wp-caption-text\">Miguel \u00c1ngel Mancera entreg\u00f3 11 tractores y maquinaria agr\u00edcola a productores de las delegaciones Milpa Alta, Tl\u00e1huac y Xochimilco.<\/p><\/div>\n<p>&nbsp;<\/p>\n<p>El jefe de gobierno de la Ciudad de M\u00e9xico, Miguel \u00c1ngel Mancera, urgi\u00f3 a replantear las estrategias de apoyo al campo mexicano ahora con la renegociaci\u00f3n del Tratado de Libre Comercio con Am\u00e9rica del Norte (TLCAN).<\/p>\n<p>Al realizar la entrega de tractores y maquinaria agr\u00edcola diversa a productores de las delegaciones Milpa Alta, Tl\u00e1huac y Xochimilco, el mandatario capitalino hizo un llamado al gobierno federal para que en los programas de beneficio al campo se incluya a la capital en donde dijo, alrededor del 60% de la superficie es suelo rural o de conservaci\u00f3n.<\/p>\n<p>Que se voltee a la Ciudad de M\u00e9xico en esto que es el campo; porque no estamos en todos los programas en donde se considera al campo por esa raz\u00f3n: porque pareciera que no hay aqu\u00ed necesidad. S\u00ed, claro que s\u00ed, tenemos campesinos en la Ciudad de M\u00e9xico y que adem\u00e1s son nuestro orgullo \u2013toda la gente del campo de la Ciudad de M\u00e9xico-, nuestros campesinos son un orgullo de la ciudad\u201d, se\u00f1al\u00f3 Miguel \u00c1ngel Mancera.<\/p>\n<p>Adem\u00e1s sostuvo que el objetivo de su administraci\u00f3n es estimular la productividad y competitividad del campo en la capital, de ah\u00ed que se brinden apoyos para la automatizaci\u00f3n de los procesos de siembra y cosecha para reducir los tiempos de producci\u00f3n y con ello incrementar las ganancias de los agricultores.<\/p>\n<p>Tenemos que buscar que M\u00e9xico avance en donde se ha quedado atorado. No puede ser que hoy todav\u00eda veamos las escenas en donde nuestros campesinos est\u00e1n a mano quitando planta que no les sirve o est\u00e1n a mano cosechando, o est\u00e1n a mano haciendo el surco, o est\u00e1n a mano 12 o 13 horas para despu\u00e9s tener un producto que 40, 50, 60 pesos. Eso es lo que ya no deber\u00eda de verse en nuestro pa\u00eds\u201d, agreg\u00f3 el jefe de gobierno de la CDMX.<\/p>\n<p>Por su parte la secretaria de Desarrollo Rural y Equidad para las Comunidades (Sederec), Rosa Icela Rodr\u00edguez, dijo que es tarea de las autoridades contribuir a mejorar la calidad de vida de los productores agr\u00edcolas en la ciudad y al apoyarlos se evita que emigren a otros pa\u00edses en busca de mejores oportunidades de empleo.<\/p>\n<p>&nbsp;<\/p>\n","protected":false},"excerpt":{"rendered":"<p>El jefe de gobierno de la Ciudad de M\u00e9xico, Miguel \u00c1ngel Mancera, urgi\u00f3 a replantear las estrategias de apoyo al campo mexicano ahora con la renegociaci\u00f3n del Tratado de Libre Comercio con Am\u00e9rica del Norte (TLCAN).<\/p>\n","protected":false},"author":3,"featured_media":312231,"comment_status":"open","ping_status":"open","sticky":false,"template":"","format":"standard","meta":{"_monsterinsights_skip_tracking":false,"_monsterinsights_sitenote_active":false,"_monsterinsights_sitenote_note":"","_monsterinsights_sitenote_category":0,"footnotes":""},"categories":[6],"tags":[204,5314,2866,12830,2167,2739],"class_list":["post-312156","post","type-post","status-publish","format-standard","has-post-thumbnail","hentry","category-cd-de-mexico","tag-ciudad-de-mexico","tag-miguel-angel-mancera-espinosa","tag-milpa-alta","tag-tlahuac","tag-tlcan","tag-xochimilco"],"_links":{"self":[{"href":"https:\/\/www.diarioimagen.net\/index.php?rest_route=\/wp\/v2\/posts\/312156","targetHints":{"allow":["GET"]}}],"collection":[{"href":"https:\/\/www.diarioimagen.net\/index.php?rest_route=\/wp\/v2\/posts"}],"about":[{"href":"https:\/\/www.diarioimagen.net\/index.php?rest_route=\/wp\/v2\/types\/post"}],"author":[{"embeddable":true,"href":"https:\/\/www.diarioimagen.net\/index.php?rest_route=\/wp\/v2\/users\/3"}],"replies":[{"embeddable":true,"href":"https:\/\/www.diarioimagen.net\/index.php?rest_route=%2Fwp%2Fv2%2Fcomments&post=312156"}],"version-history":[{"count":0,"href":"https:\/\/www.diarioimagen.net\/index.php?rest_route=\/wp\/v2\/posts\/312156\/revisions"}],"wp:featuredmedia":[{"embeddable":true,"href":"https:\/\/www.diarioimagen.net\/index.php?rest_route=\/wp\/v2\/media\/312231"}],"wp:attachment":[{"href":"https:\/\/www.diarioimagen.net\/index.php?rest_route=%2Fwp%2Fv2%2Fmedia&parent=312156"}],"wp:term":[{"taxonomy":"category","embeddable":true,"href":"https:\/\/www.diarioimagen.net\/index.php?rest_route=%2Fwp%2Fv2%2Fcategories&post=312156"},{"taxonomy":"post_tag","embeddable":true,"href":"https:\/\/www.diarioimagen.net\/index.php?rest_route=%2Fwp%2Fv2%2Ftags&post=312156"}],"curies":[{"name":"wp","href":"https:\/\/api.w.org\/{rel}","templated":true}]}}