{"id":312185,"date":"2017-02-14T00:08:42","date_gmt":"2017-02-14T06:08:42","guid":{"rendered":"http:\/\/www.diarioimagen.net\/?p=312185"},"modified":"2017-02-14T02:23:29","modified_gmt":"2017-02-14T08:23:29","slug":"los-mexicanos-abandonados","status":"publish","type":"post","link":"https:\/\/www.diarioimagen.net\/?p=312185","title":{"rendered":"Los mexicanos abandonados"},"content":{"rendered":"<h2>Punto por punto<\/h2>\n<h5>Augusto Corro<\/h5>\n<p>&nbsp;<\/p>\n<div id=\"attachment_312249\" style=\"width: 470px\" class=\"wp-caption aligncenter\"><a href=\"http:\/\/www.diarioimagen.net\/?attachment_id=312249\" rel=\"attachment wp-att-312249\"><img loading=\"lazy\" decoding=\"async\" aria-describedby=\"caption-attachment-312249\" class=\"size-large wp-image-312249\" src=\"http:\/\/www.diarioimagen.net\/wp-content\/uploads\/2017\/02\/POR-EJEMPLO-jose-luis-3057-460x307.jpg\" alt=\"\" width=\"460\" height=\"307\" srcset=\"https:\/\/www.diarioimagen.net\/wp-content\/uploads\/2017\/02\/POR-EJEMPLO-jose-luis-3057-460x307.jpg 460w, https:\/\/www.diarioimagen.net\/wp-content\/uploads\/2017\/02\/POR-EJEMPLO-jose-luis-3057-240x160.jpg 240w, https:\/\/www.diarioimagen.net\/wp-content\/uploads\/2017\/02\/POR-EJEMPLO-jose-luis-3057-768x513.jpg 768w, https:\/\/www.diarioimagen.net\/wp-content\/uploads\/2017\/02\/POR-EJEMPLO-jose-luis-3057.jpg 1200w\" sizes=\"auto, (max-width: 460px) 100vw, 460px\" \/><\/a><p id=\"caption-attachment-312249\" class=\"wp-caption-text\">Por ejemplo&#8230; | Jos\u00e9 Luis<\/p><\/div>\n<p>&nbsp;<\/p>\n<p>La complicad\u00edsima problem\u00e1tica migratoria que vive M\u00e9xico frente a Estados Unidos empez\u00f3 a incubarse hace muchos a\u00f1os y quienes lo advirtieron dejaron, por imposibilidad, ineptitud o impotencia, que creciera y verla como algo normal.<\/p>\n<p>Fueron los factores y externos los que influyeron para hacer de la emigraci\u00f3n al vecino pa\u00eds una actividad que se repetir\u00eda a trav\u00e9s de generaciones de paisanos. En algunos pueblos es una tradici\u00f3n y en otros una meta obligada.<\/p>\n<p>Por ejemplo, la gente en los ranchos o en las ciudades peque\u00f1as s\u00f3lo esperaba llegar a la edad adecuada para\u00a0 irse a buscar el \u201csue\u00f1o americano\u201d en EU. En esos sitios contaban con la estructura apropiada para concretar sus fines de braceros o espaldas mojadas, como se les llamaba.<\/p>\n<p>En esos lugares todo mundo se conoce y es f\u00e1cil identificar al \u201ccoyote\u201d el sujeto que por determinada cantidad de dinero se compromete a cruzarlos el r\u00edo Bravo o cualquier otra parte de la frontera para llevarlos a la \u201cTierra Prometida\u201d.<\/p>\n<p>Al principio fue la necesidad de conseguir dinero por parte de los mexicanos, la gran mayor\u00eda campesinos que no ten\u00edan los suficientes recursos para mantener a sus familias, que eran afectadas por los da\u00f1os de derivados de la naturaleza como los huracanes o las sequ\u00edas.<\/p>\n<p>En los \u00faltimos a\u00f1os, la espiral de violencia que se viven en algunas entidades fue definitiva para que los mexicanos emigraran. De esta manera se increment\u00f3 el n\u00famero de paisanos que buscaron en el vecino pa\u00eds la protecci\u00f3n de la ley, como refugiados. Seguramente la cifra de estas personas es may\u00fascula.<\/p>\n<p>En el presente, el n\u00famero de indocumentados mexicanos en EU es alrededor de 11 millones. La promesa deshumanizada del troglodita Donald Trump es deportar, de inicio, 3 millones de paisanos criminales. En el vecino pa\u00eds, un criminal es aquel que comete desde delitos insignificantes hasta un asesinato. No hay distinci\u00f3n para distinguir el tama\u00f1o de la responsabilidad.<\/p>\n<p>De ese n\u00famero de mexicanos que dejaron su lugar de origen no todos se llevaron a sus familias. En las rancher\u00edas, pueblos y ciudades se quedaron la esposa y los hijos. La falta del jefe de familia provoc\u00f3 el relajamiento de la disciplina y sus consecuencias l\u00f3gicas. Los j\u00f3venes crecieron sin autoridad, en no pocos casos cayeron en las garras de los vicios o de la delincuencia. Ni siquiera ten\u00edan el inter\u00e9s de estudiar, pues ve\u00edan como la salida ideal a sus problemas el emigrar al vecino pa\u00eds para seguir al padre, amigo, etc.<\/p>\n<p>Lleg\u00f3 el tiempo en que las familias enteras decidieron desplazarse al vecino pa\u00eds y ahora el problema migratorio es m\u00e1s complejo, pues los deportados, v\u00edctimas de la persecuci\u00f3n hitleriana, ni siquiera tienen la oportunidad de avisar a su familia que est\u00e1n ya en avi\u00f3n rumbo a su patria.<\/p>\n<p>La cr\u00f3nica de la migraci\u00f3n empez\u00f3, pues, hace muchos, a\u00f1os, con la complicidad e ineptitud de los gobiernos pri\u00edstas o panistas. Los gobernantes se hicieron de la vista gorda y dejaron abandonado el campo, las industrias, etc. Se acostumbraron a ver como algo normal el fen\u00f3meno social migratorio y su incontrolable crecimiento.<\/p>\n<p>En el presente, los pol\u00edticos montados en la demagogia pretenden brindar ayuda a los indocumentados amenazados con la deportaci\u00f3n, para evitar que se cometan injusticias. Es lo menos que pueden hacer a favor de aquellos mexicanos abandonados a su suerte por muchos a\u00f1os. Ahora vemos, que, de acuerdo a sus intereses personales o de partido, los l\u00edderes como Enrique Ochoa Reza, del PRI, Ricardo Anaya, del PAN y Manuel L\u00f3pez Obrador, de Morena, fueron a EU a hacer una presencia tard\u00eda, oportunista y convenenciera.<\/p>\n<p>Nada resolver\u00e1n. Donald Trump ya demostr\u00f3 que odia a los mexicanos y que sus acciones son aplaudidas y aprobadas por sus electores, que ven a un hombre cumplidor de lo que les prometi\u00f3, sin tomar el cuenta el da\u00f1o que le provoca a M\u00e9xico.<\/p>\n<p>La historia de la infamia no terminar\u00e1 pronto y ser\u00e1n los propios migrantes quienes deber\u00e1n demostrar con acciones de unidad el repudio a las \u00f3rdenes de Trump, en un pa\u00eds cuya mano de obra es important\u00edsima.<\/p>\n<p>A partir de ayer en algunas ciudades estadounidenses se empez\u00f3 a protestar con\u00a0 \u201cEl D\u00eda sin Latinos, Inmigrantes y Refugiados\u201d, promovido por asociaciones de inmigrantes inconformes con las medidas del troglodita. Se trata de protestas con\u00a0 paros y huelgas que culminar\u00e1n el pr\u00f3ximo1 de mayo \u201cD\u00eda del Trabajo\u201d, con una movilizaci\u00f3n nacional.\u00a0 \u00bfUsted qu\u00e9 opina amable lector?<\/p>\n<p><em><a href=\"mailto:aco2742@hotmail.com\" target=\"_blank\">aco2742@hotmail.com<\/a><\/em><\/p>\n","protected":false},"excerpt":{"rendered":"<p><span style=\"color: #005497;\"><strong>Augusto Corro<\/strong><\/span><br \/>\n<br \/>\nLa complicad\u00edsima problem\u00e1tica migratoria que vive M\u00e9xico frente a Estados Unidos empez\u00f3 a incubarse hace muchos a\u00f1os y quienes lo advirtieron dejaron, por imposibilidad, ineptitud o impotencia, que creciera y verla como algo normal.<\/p>\n","protected":false},"author":3,"featured_media":312249,"comment_status":"open","ping_status":"open","sticky":false,"template":"","format":"standard","meta":{"_monsterinsights_skip_tracking":false,"_monsterinsights_sitenote_active":false,"_monsterinsights_sitenote_note":"","_monsterinsights_sitenote_category":0,"footnotes":""},"categories":[157],"tags":[43686,43674,11515],"class_list":["post-312185","post","type-post","status-publish","format-standard","has-post-thumbnail","hentry","category-augusto-corro","tag-augusto-corro","tag-opinion","tag-punto-por-punto"],"_links":{"self":[{"href":"https:\/\/www.diarioimagen.net\/index.php?rest_route=\/wp\/v2\/posts\/312185","targetHints":{"allow":["GET"]}}],"collection":[{"href":"https:\/\/www.diarioimagen.net\/index.php?rest_route=\/wp\/v2\/posts"}],"about":[{"href":"https:\/\/www.diarioimagen.net\/index.php?rest_route=\/wp\/v2\/types\/post"}],"author":[{"embeddable":true,"href":"https:\/\/www.diarioimagen.net\/index.php?rest_route=\/wp\/v2\/users\/3"}],"replies":[{"embeddable":true,"href":"https:\/\/www.diarioimagen.net\/index.php?rest_route=%2Fwp%2Fv2%2Fcomments&post=312185"}],"version-history":[{"count":0,"href":"https:\/\/www.diarioimagen.net\/index.php?rest_route=\/wp\/v2\/posts\/312185\/revisions"}],"wp:featuredmedia":[{"embeddable":true,"href":"https:\/\/www.diarioimagen.net\/index.php?rest_route=\/wp\/v2\/media\/312249"}],"wp:attachment":[{"href":"https:\/\/www.diarioimagen.net\/index.php?rest_route=%2Fwp%2Fv2%2Fmedia&parent=312185"}],"wp:term":[{"taxonomy":"category","embeddable":true,"href":"https:\/\/www.diarioimagen.net\/index.php?rest_route=%2Fwp%2Fv2%2Fcategories&post=312185"},{"taxonomy":"post_tag","embeddable":true,"href":"https:\/\/www.diarioimagen.net\/index.php?rest_route=%2Fwp%2Fv2%2Ftags&post=312185"}],"curies":[{"name":"wp","href":"https:\/\/api.w.org\/{rel}","templated":true}]}}