{"id":312213,"date":"2017-02-14T00:04:10","date_gmt":"2017-02-14T06:04:10","guid":{"rendered":"http:\/\/www.diarioimagen.net\/?p=312213"},"modified":"2017-02-14T02:04:41","modified_gmt":"2017-02-14T08:04:41","slug":"despreciable-actitud-de-la-izquierda","status":"publish","type":"post","link":"https:\/\/www.diarioimagen.net\/?p=312213","title":{"rendered":"Despreciable actitud de la izquierda"},"content":{"rendered":"<h2>Poder y dinero<\/h2>\n<h5>V\u00edctor S\u00e1nchez Ba\u00f1os<\/h5>\n<p>&nbsp;<\/p>\n<p style=\"text-align: right;\"><em><strong>Las palabras elegantes no son sinceras; las palabras sinceras no son elegantes.<\/strong><br \/>\nLao-ts\u00e9 (570 aC-490 aC) Fil\u00f3sofo chino.<\/em><\/p>\n<p>&nbsp;<\/p>\n<p>El domingo pasado, decenas de miles de personas se manifestaron contra la bravuconer\u00eda del presidente de Estados Unidos, Donald Trump, en 18 ciudades del pa\u00eds, manifestaciones donde militantes de partidos pol\u00edticos se infiltraron para lanzar consignas para sus banderas.<\/p>\n<p>Ah\u00ed, los propietarios de las calles para las manifestaciones estaban molestos. Como si tuvieran el t\u00edtulo de propiedad de las marchas populares, los pol\u00edticos (fundamentalmente los de izquierda) se enojaron y demostraron su intolerancia al descalificar esas movilizaciones.<\/p>\n<p>Tambi\u00e9n asaltaron las redes sociales y los comentarios a las notas de peri\u00f3dicos; amargados porque ven su clientelismo alejado.\u00a0 Siguen aferrados a sus viejos esquemas de finales del siglo XIX, de descalificar a su adversario simplemente porque piensa diferente.<\/p>\n<p>La intolerancia de esa izquierda que tiene adeptos y que, como ficheras de antro, s\u00f3lo quiere los reflectores para ellos. Sin embargo, hay otra izquierda. Civilizada y moderna, que es respetuosa de su oposici\u00f3n y que, incluso defiende el pensamiento diferente y opuesto.<\/p>\n<p>Una izquierda que madura y resta la diversidad; no s\u00f3lo sexual, sino de pensamiento.<\/p>\n<p>Desafortunadamente, esa izquierda disminuye sus clientes ya que muchos prefieren la intolerancia y, en algunos casos, la violencia, para imponer su voluntad.<\/p>\n<p>Como an\u00e9cdota: Andr\u00e9s Manuel L\u00f3pez Obrador, due\u00f1o de la franquicia partidista de Morena, las descalific\u00f3 esta y otras manifestaciones de la sociedad. El Peje, por ejemplo, hab\u00eda descalificado la marcha de cientos de miles de mexicanos, contra el secuestro en el 2004, en la administraci\u00f3n del panista Vicente Fox. Los calific\u00f3 de \u201cpirruris\u201d. Hoy, busca el voto (al igual que quienes han fracasado en la lucha contra el secuestro) para sus intereses pol\u00edticos y de grupo. Estos pol\u00edticos desprecian la diversidad de pensamiento.<\/p>\n<p>La sociedad es un ente vivo y en transformaci\u00f3n. No es propiedad de partidos pol\u00edticos o de gobiernos. Por ello, si existen movilizaciones callejeras, que est\u00e1n protegidas por nuestras leyes, son expresiones que tanto gobernantes como pol\u00edticos deben respetar, primero, y proteger siempre.<\/p>\n<p>A prop\u00f3sito de marchas. Las convocadas contra Trump no fueron espectaculares, pero no hab\u00eda acarreados de partidos pol\u00edticos que por 100 pesos y una torta apoyan a figurines de pacotilla.<\/p>\n<p><strong>PODEROSOS CABALLEROS<\/strong>.- La SCT, de Gerardo Ruiz Esparza, rehabilit\u00f3 5 kil\u00f3metros de la autopista M\u00e9xico-Cuernavaca; moderniz\u00f3 y ampli\u00f3 la plaza de cobro de Tlalpan, as\u00ed como el Parador Parres, en la que se invirtieron 520 millones de pesos. Estas obras las recibi\u00f3 el Jefe de Gobierno de la Ciudad de M\u00e9xico, Miguel Mancera.\u00a0 Por cierto, Ruiz Esparza se comprometi\u00f3 a que en Semana Santa estar\u00e1 listo y funcionando el Nuevo Paso Expr\u00e9s de Cuernavaca.<\/p>\n<p>*** Pablo Kuri Morales, considerado como uno de mejores epidemi\u00f3logos del pa\u00eds ser\u00e1 el pr\u00f3ximo presidente del Instituto Nacional de Salud P\u00fablica, en sustituci\u00f3n de Mauricio Hern\u00e1ndez. Las credenciales de Kuri, implican un alto grado de experiencia en el manejo de epidemias. Incluso en la administraci\u00f3n de Felipe Calder\u00f3n, fue quien influy\u00f3 en decisiones audaces como la cuarentena por la gripe porcina (A-H1N1), al lado de Jos\u00e9 C\u00f3rdova Villalobos, secretario de Salud.<\/p>\n<p>*** \u00bfCu\u00e1l fue la fuente de AMLO para acusar a militares de matar a ni\u00f1os durante el operativo en el que murieron 15 personas ligadas a un c\u00e1rtel de narcotr\u00e1fico, en un operativo en Tepic, Nayarit contra el H2?<\/p>\n<p>Fuentes oficiales refutaron los dichos de L\u00f3pez Obrador, quien mejor se queda callado ante la falta de pruebas a sus dichos.<\/p>\n<p><strong>AL FINAL DE CUENTAS<\/strong>: En materia de finanzas p\u00fablicas, la alcaldesa del municipio de Escobedo, Nuevo Le\u00f3n, Clara Luz Flores Corrales, del PRI, est\u00e1 reprobada. Fitch Ratins analiz\u00f3 la administraci\u00f3n municipal y puso en observaci\u00f3n negativa debido a que en noviembre y diciembre de 2016 as\u00ed como en enero de 2017, el municipio present\u00f3 complicaciones para el pago en tiempo de diversos compromisos derivados de un arrendamiento puro, por la adquisici\u00f3n de veh\u00edculos para seguridad p\u00fablica, protecci\u00f3n civil y servicios p\u00fablicos. Esto \u201crefleja la liquidez limitada de Escobedo y las pr\u00e1cticas no adecuadas de gesti\u00f3n y administraci\u00f3n\u201d, establece la calificadora. Tiene 2 cr\u00e9ditos (20 millones de pesos con BBVA y 50 millones con Interacciones) y una l\u00ednea de cr\u00e9dito con Interacciones por 70 millones de pesos.\u00a0 Pero tiene cuentas por pagar por m\u00e1s de 250 millones de pesos. Esto hace insostenible su administraci\u00f3n.<\/p>\n<p><strong>RESPONSABILIDAD SOCIAL CORPORATIVA<\/strong>.- Fundaci\u00f3n Herdez, que preside H\u00e9ctor Ignacio Hern\u00e1ndez Pons, y la Universidad Ixtlahuaca, impartieron el curso \u201cTamales mexiquenses, patrimonio gastron\u00f3mico del Estado de M\u00e9xico\u201d, con el fin de preservar del patrimonio gastron\u00f3mico mexiquense.<\/p>\n<p>El curso fue impartido por los chefs Luis Guillermo Vel\u00e1zquez y C\u00e9sar Quintana D\u00edaz, ambos docentes de la Universidad Ixtlahuaca, y Jovita Monte Ju\u00e1rez, originaria de Ixtlahuaca, quien present\u00f3 el tamal de ollita, platillo tradicional del Estado de M\u00e9xico.<\/p>\n<p><a href=\"mailto:vsanchezb@gmail.com\" target=\"_blank\"><em>vsanchezb@gmail.com<br \/>\n<\/em><\/a><em><strong>Twitter:<\/strong><a href=\"https:\/\/twitter.com\/vsanchezbanos\" target=\"_blank\">@vsanchezbano<br \/>\n<\/a><\/em><strong>Facebook:\u00a0<\/strong><a href=\"https:\/\/www.facebook.com\/vsanchezbanos?fref=ts\" target=\"_blank\">vsanchezbano<\/a><\/p>\n","protected":false},"excerpt":{"rendered":"<p><span style=\"color: #005497;\"><strong>V\u00edctor S\u00e1nchez Ba\u00f1os<\/strong><\/span><\/p>\n","protected":false},"author":3,"featured_media":0,"comment_status":"open","ping_status":"open","sticky":false,"template":"","format":"standard","meta":{"_monsterinsights_skip_tracking":false,"_monsterinsights_sitenote_active":false,"_monsterinsights_sitenote_note":"","_monsterinsights_sitenote_category":0,"footnotes":""},"categories":[38844],"tags":[43674,38847,38848],"class_list":["post-312213","post","type-post","status-publish","format-standard","hentry","category-victor-sanchez-banos","tag-opinion","tag-poder-y-dinero","tag-victor-sanchez-banos"],"_links":{"self":[{"href":"https:\/\/www.diarioimagen.net\/index.php?rest_route=\/wp\/v2\/posts\/312213","targetHints":{"allow":["GET"]}}],"collection":[{"href":"https:\/\/www.diarioimagen.net\/index.php?rest_route=\/wp\/v2\/posts"}],"about":[{"href":"https:\/\/www.diarioimagen.net\/index.php?rest_route=\/wp\/v2\/types\/post"}],"author":[{"embeddable":true,"href":"https:\/\/www.diarioimagen.net\/index.php?rest_route=\/wp\/v2\/users\/3"}],"replies":[{"embeddable":true,"href":"https:\/\/www.diarioimagen.net\/index.php?rest_route=%2Fwp%2Fv2%2Fcomments&post=312213"}],"version-history":[{"count":0,"href":"https:\/\/www.diarioimagen.net\/index.php?rest_route=\/wp\/v2\/posts\/312213\/revisions"}],"wp:attachment":[{"href":"https:\/\/www.diarioimagen.net\/index.php?rest_route=%2Fwp%2Fv2%2Fmedia&parent=312213"}],"wp:term":[{"taxonomy":"category","embeddable":true,"href":"https:\/\/www.diarioimagen.net\/index.php?rest_route=%2Fwp%2Fv2%2Fcategories&post=312213"},{"taxonomy":"post_tag","embeddable":true,"href":"https:\/\/www.diarioimagen.net\/index.php?rest_route=%2Fwp%2Fv2%2Ftags&post=312213"}],"curies":[{"name":"wp","href":"https:\/\/api.w.org\/{rel}","templated":true}]}}