{"id":312270,"date":"2017-02-15T00:07:08","date_gmt":"2017-02-15T06:07:08","guid":{"rendered":"http:\/\/www.diarioimagen.net\/?p=312270"},"modified":"2017-02-16T01:44:59","modified_gmt":"2017-02-16T07:44:59","slug":"convoca-eruviel-avila-a-cruzada-en-defensa-de-derechos-de-migrantes-en-eu","status":"publish","type":"post","link":"https:\/\/www.diarioimagen.net\/?p=312270","title":{"rendered":"Convoca Eruviel \u00c1vila a una cruzada en defensa de migrantes en EU"},"content":{"rendered":"<ul>\n<li><strong><em>Existen leyes y tratados internacionales que deben respetarse, afirma<\/em><\/strong><\/li>\n<\/ul>\n<p>&nbsp;<\/p>\n<div id=\"attachment_312271\" style=\"width: 470px\" class=\"wp-caption aligncenter\"><a href=\"http:\/\/www.diarioimagen.net\/?attachment_id=312271\" rel=\"attachment wp-att-312271\"><img loading=\"lazy\" decoding=\"async\" aria-describedby=\"caption-attachment-312271\" class=\"size-large wp-image-312271\" src=\"http:\/\/www.diarioimagen.net\/wp-content\/uploads\/2017\/02\/ERUVIEL-PORTAL-15-portal-460x268.jpg\" alt=\"\" width=\"460\" height=\"268\" srcset=\"https:\/\/www.diarioimagen.net\/wp-content\/uploads\/2017\/02\/ERUVIEL-PORTAL-15-portal-460x268.jpg 460w, https:\/\/www.diarioimagen.net\/wp-content\/uploads\/2017\/02\/ERUVIEL-PORTAL-15-portal-240x140.jpg 240w, https:\/\/www.diarioimagen.net\/wp-content\/uploads\/2017\/02\/ERUVIEL-PORTAL-15-portal.jpg 480w\" sizes=\"auto, (max-width: 460px) 100vw, 460px\" \/><\/a><p id=\"caption-attachment-312271\" class=\"wp-caption-text\">Eruviel \u00c1vila Villegas convoc\u00f3 a emprender una cruzada para divulgar los derechos de migrantes en EU.<\/p><\/div>\n<p>&nbsp;<\/p>\n<p><strong>Toluca, Estado de M\u00e9xico<\/strong>.- El gobernador Eruviel \u00c1vila Villegas convoc\u00f3 a emprender una cruzada para hacer valer y divulgar los derechos que tienen los migrantes mexicanos en Estados Unidos, pues asegur\u00f3 que, ante la postura del actual gobierno estadounidense, existen leyes, derechos y tratados internacionales que deben respetarse.<\/p>\n<p>\u201cHacer una gran cruzada desde las escuelas, desde las calles, desde las iglesias para informarle a nuestros paisanos que tienen derechos b\u00e1sicos, que no nada m\u00e1s es un tema de deportar por deportar.\u201cHay leyes, hay tratados internacionales que deben respetarse. Por eso, la canciller\u00eda ha elaborado un plan de emergencia para este tema y estar informando a nuestros conciudadanos qu\u00e9 documentos es importante que tengan a la mano\u201d, expres\u00f3.<\/p>\n<p>Por ello, reconoci\u00f3 al secretario de Relaciones Exteriores, Luis Videgaray Caso, quien por instrucciones del presidente Enrique Pe\u00f1a dise\u00f1\u00f3 un programa de orientaci\u00f3n para los connacionales que viven en ese pa\u00eds, mediante el cual se informan los derechos que tienen al estar en su domicilio, en el trabajo o en la v\u00eda p\u00fablica, as\u00ed como en caso de ser detenidos o al ser afectados por una deportaci\u00f3n injustificada.<\/p>\n<p>Entre estas medidas se encuentran el estar informados sobre qu\u00e9 documentos se deben tener a la mano, tanto en original como copia; acercarse a alguno de los 50 consulados de M\u00e9xico en Estados Unidos para obtener informaci\u00f3n y asesor\u00eda jur\u00eddica, adem\u00e1s de conocer los derechos, en la casa, en el lugar de trabajo o en la calle.<\/p>\n","protected":false},"excerpt":{"rendered":"<p>El gobernador Eruviel \u00c1vila Villegas convoc\u00f3 a emprender una cruzada para hacer valer y divulgar los derechos que tienen los migrantes mexicanos en Estados Unidos, pues asegur\u00f3 que, ante la postura del actual gobierno estadounidense, existen leyes, derechos y tratados internacionales que deben respetarse.<\/p>\n","protected":false},"author":5,"featured_media":312271,"comment_status":"open","ping_status":"open","sticky":false,"template":"","format":"standard","meta":{"_monsterinsights_skip_tracking":false,"_monsterinsights_sitenote_active":false,"_monsterinsights_sitenote_note":"","_monsterinsights_sitenote_category":0,"footnotes":""},"categories":[5],"tags":[5828,43675,177,7517,452],"class_list":["post-312270","post","type-post","status-publish","format-standard","has-post-thumbnail","hentry","category-estado-de-mexico","tag-eruviel-avila-villegas","tag-estado-de-mexico","tag-estados-unidos","tag-luis-videgaray-caso","tag-toluca"],"_links":{"self":[{"href":"https:\/\/www.diarioimagen.net\/index.php?rest_route=\/wp\/v2\/posts\/312270","targetHints":{"allow":["GET"]}}],"collection":[{"href":"https:\/\/www.diarioimagen.net\/index.php?rest_route=\/wp\/v2\/posts"}],"about":[{"href":"https:\/\/www.diarioimagen.net\/index.php?rest_route=\/wp\/v2\/types\/post"}],"author":[{"embeddable":true,"href":"https:\/\/www.diarioimagen.net\/index.php?rest_route=\/wp\/v2\/users\/5"}],"replies":[{"embeddable":true,"href":"https:\/\/www.diarioimagen.net\/index.php?rest_route=%2Fwp%2Fv2%2Fcomments&post=312270"}],"version-history":[{"count":0,"href":"https:\/\/www.diarioimagen.net\/index.php?rest_route=\/wp\/v2\/posts\/312270\/revisions"}],"wp:featuredmedia":[{"embeddable":true,"href":"https:\/\/www.diarioimagen.net\/index.php?rest_route=\/wp\/v2\/media\/312271"}],"wp:attachment":[{"href":"https:\/\/www.diarioimagen.net\/index.php?rest_route=%2Fwp%2Fv2%2Fmedia&parent=312270"}],"wp:term":[{"taxonomy":"category","embeddable":true,"href":"https:\/\/www.diarioimagen.net\/index.php?rest_route=%2Fwp%2Fv2%2Fcategories&post=312270"},{"taxonomy":"post_tag","embeddable":true,"href":"https:\/\/www.diarioimagen.net\/index.php?rest_route=%2Fwp%2Fv2%2Ftags&post=312270"}],"curies":[{"name":"wp","href":"https:\/\/api.w.org\/{rel}","templated":true}]}}