{"id":312273,"date":"2017-02-14T17:00:44","date_gmt":"2017-02-14T23:00:44","guid":{"rendered":"http:\/\/www.diarioimagen.net\/?p=312273"},"modified":"2017-02-16T01:44:39","modified_gmt":"2017-02-16T07:44:39","slug":"vigente-recuerdo-de-misa-del-papa-en-obras-publicas-del-edomex","status":"publish","type":"post","link":"https:\/\/www.diarioimagen.net\/?p=312273","title":{"rendered":"Vigente recuerdo de misa del papa en obras p\u00fablicas del Edomex"},"content":{"rendered":"<ul>\n<li><em><strong>Materiales se distribuyeron para hacer obras en diversas regiones <\/strong><\/em><\/li>\n<\/ul>\n<p>&nbsp;<\/p>\n<div id=\"attachment_312274\" style=\"width: 470px\" class=\"wp-caption aligncenter\"><a href=\"http:\/\/www.diarioimagen.net\/?attachment_id=312274\" rel=\"attachment wp-att-312274\"><img loading=\"lazy\" decoding=\"async\" aria-describedby=\"caption-attachment-312274\" class=\"size-large wp-image-312274\" src=\"http:\/\/www.diarioimagen.net\/wp-content\/uploads\/2017\/02\/EDOMEX15-portal-460x268.jpg\" alt=\"\" width=\"460\" height=\"268\" srcset=\"https:\/\/www.diarioimagen.net\/wp-content\/uploads\/2017\/02\/EDOMEX15-portal-460x268.jpg 460w, https:\/\/www.diarioimagen.net\/wp-content\/uploads\/2017\/02\/EDOMEX15-portal-240x140.jpg 240w, https:\/\/www.diarioimagen.net\/wp-content\/uploads\/2017\/02\/EDOMEX15-portal.jpg 480w\" sizes=\"auto, (max-width: 460px) 100vw, 460px\" \/><\/a><p id=\"caption-attachment-312274\" class=\"wp-caption-text\">Todos los materiales que se usaron para la misa papal en Ecatepec en 2016 han servido para mejorar la calidad de vida de los mexiquenses.<\/p><\/div>\n<p>&nbsp;<\/p>\n<p><strong>Ecatepec, Estado de M\u00e9xico<\/strong>.- A un a\u00f1o de la misa que el Papa Francisco ofici\u00f3 en Ecatepec, como parte de su visita a M\u00e9xico, los materiales usados durante el evento, que reuni\u00f3 a 300 mil personas en Ecatepec, se ubican en diversas obras en el Estado de M\u00e9xico, como recuerdo de la visita del jefe del estado Vaticano.<\/p>\n<p>Desde las rejas usadas para rodear el terreno, las trabes por las que subi\u00f3 el pont\u00edfice al altar, los tubos y cable de acero que delimitaron las micro islas para los feligreses, hasta el arcotecho que lo cubri\u00f3 durante la celebraci\u00f3n y el tezontle que se us\u00f3 en el terreno, todos estos materiales han servido para mejorar la calidad de vida de los mexiquenses.<\/p>\n<p>Homero Navarrete Mart\u00ednez, director de Obra P\u00fablica del Estado de M\u00e9xico, indic\u00f3 que a la fecha, los materiales han sido reutilizados, como inform\u00f3 el gobernador Eruviel \u00c1vila Villegas durante la presentaci\u00f3n oficial de la visita.<\/p>\n<p>\u201cLa reja acero con la que se delimit\u00f3 el terreno se utiliz\u00f3 para delimitar 24 plazas Estado de M\u00e9xico, en un principio pensamos que ser\u00edan 21, pero logramos cubrir los 24 espacios que hoy sirven para el esparcimiento de las familias, y una parte se entreg\u00f3 tambi\u00e9n para delimitar la escalinata que lleva a la Virgen monumental de 33 metros de alto en el Santuario de Chalma\u201d, explic\u00f3 Navarrete Mart\u00ednez.<\/p>\n<p>Las plazas que fueron rodeadas por esta reja acero, son las de los municipios de Axapusco, que fue el primero en recibir estos materiales; tambi\u00e9n las de Acambay, Almoloya de Alquisiras, Almoloya del R\u00edo, Amatepec, Atizap\u00e1n, Atlautla, Capulhuac, Chalco, Chiautla e Ixtlahuaca.<\/p>\n<p>Adem\u00e1s, Joquicingo, Luvianos, Otzolotepec, Santiago Tianguistenco, Soyaniquilpan, Temascaltepec, Tenango del Aire, Teoloyucan, Texcaltitl\u00e1n, Tlatlaya, Tonatico, Valle de Chalco y Zumpango.<\/p>\n<p>Ver\u00f3nica Valdez, directora de la Junta de Caminos del Estado de M\u00e9xico, coment\u00f3 que las trabes usadas como rampas para subir al altar donde se ofici\u00f3 la misa en Las Am\u00e9ricas, hoy se han convertido en un puente peatonal de 44 metros de largo, que se construy\u00f3 en un tiempo r\u00e9cord de 33 horas, y que hoy es de gran utilidad para los vecinos de la colonia San Crist\u00f3bal Huichochitl\u00e1n, justo en la vialidad Alfredo del Mazo, en Toluca.<\/p>\n<p>Los 288 mil metros c\u00fabicos de tezontle usado para la compactaci\u00f3n del predio El Caracol, fueron utilizados por la propia Junta de Caminos y municipios como Ecatepec, Tec\u00e1mac, Coacalco y Zumpango, entre otros, para la rehabilitaci\u00f3n de calles de diversas comunidades.<\/p>\n<p>El arcotecho que sirvi\u00f3 para proteger del sol al Papa Francisco, hoy cubre la pista de patinaje del Deportivo Acolman, complejo que se pondr\u00e1 en marcha para atletas de alto rendimiento, en el que se fomentar\u00e1 la pr\u00e1ctica de deportes en patines sobre ruedas.<\/p>\n<p>Los postes y el cable de acero que se utilizaron para delimitar las microislas en donde se concentraron los feligreses, hoy se encuentran en Chalma, delimitando el andador peregrino para seguridad de los millones de personas que lo vistan cada a\u00f1o, y tambi\u00e9n en el camino que lleva a la cascada Velo de Novia, en el municipio de Valle de Bravo.<\/p>\n<p>Por otro lado, los tubos que sirvieron para la colocaci\u00f3n de la red el\u00e9ctrica y de comunicaciones para la transmisi\u00f3n del evento a millones de televidentes por todo el mundo, hoy forma parte de la red hidr\u00e1ulica de la comunidad de San Andr\u00e9s Atenco de Tlalnepantla.<\/p>\n<p>Y finalmente, los 880 bebederos que fueron utilizados para hidratar a los m\u00e1s de 300 mil feligreses que acudieron a la misa y lo que asistieron a las calles para ver al Papa Francisco, hoy forman parte del mobiliario de 146 escuelas de la entidad.<\/p>\n","protected":false},"excerpt":{"rendered":"<p> A un a\u00f1o de la misa que el Papa Francisco ofici\u00f3 en Ecatepec, como parte de su visita a M\u00e9xico, los materiales usados durante el evento, que reuni\u00f3 a 300 mil personas en Ecatepec, se ubican en diversas obras en el Estado de M\u00e9xico, como recuerdo de la visita del jefe del estado Vaticano.<\/p>\n","protected":false},"author":5,"featured_media":312274,"comment_status":"open","ping_status":"open","sticky":false,"template":"","format":"standard","meta":{"_monsterinsights_skip_tracking":false,"_monsterinsights_sitenote_active":false,"_monsterinsights_sitenote_note":"","_monsterinsights_sitenote_category":0,"footnotes":""},"categories":[35155],"tags":[454,68,43675,9511,48279],"class_list":["post-312273","post","type-post","status-publish","format-standard","has-post-thumbnail","hentry","category-estado-de-mexico-estado-de-mexico","tag-ecatepec","tag-edomex","tag-estado-de-mexico","tag-obras-publicas","tag-papa-francisco"],"_links":{"self":[{"href":"https:\/\/www.diarioimagen.net\/index.php?rest_route=\/wp\/v2\/posts\/312273","targetHints":{"allow":["GET"]}}],"collection":[{"href":"https:\/\/www.diarioimagen.net\/index.php?rest_route=\/wp\/v2\/posts"}],"about":[{"href":"https:\/\/www.diarioimagen.net\/index.php?rest_route=\/wp\/v2\/types\/post"}],"author":[{"embeddable":true,"href":"https:\/\/www.diarioimagen.net\/index.php?rest_route=\/wp\/v2\/users\/5"}],"replies":[{"embeddable":true,"href":"https:\/\/www.diarioimagen.net\/index.php?rest_route=%2Fwp%2Fv2%2Fcomments&post=312273"}],"version-history":[{"count":0,"href":"https:\/\/www.diarioimagen.net\/index.php?rest_route=\/wp\/v2\/posts\/312273\/revisions"}],"wp:featuredmedia":[{"embeddable":true,"href":"https:\/\/www.diarioimagen.net\/index.php?rest_route=\/wp\/v2\/media\/312274"}],"wp:attachment":[{"href":"https:\/\/www.diarioimagen.net\/index.php?rest_route=%2Fwp%2Fv2%2Fmedia&parent=312273"}],"wp:term":[{"taxonomy":"category","embeddable":true,"href":"https:\/\/www.diarioimagen.net\/index.php?rest_route=%2Fwp%2Fv2%2Fcategories&post=312273"},{"taxonomy":"post_tag","embeddable":true,"href":"https:\/\/www.diarioimagen.net\/index.php?rest_route=%2Fwp%2Fv2%2Ftags&post=312273"}],"curies":[{"name":"wp","href":"https:\/\/api.w.org\/{rel}","templated":true}]}}