{"id":312315,"date":"2017-02-15T00:07:23","date_gmt":"2017-02-15T06:07:23","guid":{"rendered":"http:\/\/www.diarioimagen.net\/?p=312315"},"modified":"2017-02-15T03:45:04","modified_gmt":"2017-02-15T09:45:04","slug":"llamado-a-respetar-derechos-de-paisanos","status":"publish","type":"post","link":"https:\/\/www.diarioimagen.net\/?p=312315","title":{"rendered":"Llamado a respetar derechos de paisanos"},"content":{"rendered":"<h2>Arco Norte<\/h2>\n<h5>Jos\u00e9 Luis Monta\u00f1ez Aguilar<\/h5>\n<p>&nbsp;<\/p>\n<p><a href=\"http:\/\/www.diarioimagen.net\/?attachment_id=312393\" rel=\"attachment wp-att-312393\"><img loading=\"lazy\" decoding=\"async\" class=\"aligncenter size-large wp-image-312393\" src=\"http:\/\/www.diarioimagen.net\/wp-content\/uploads\/2017\/02\/arco-3058-460x259.jpg\" alt=\"\" width=\"460\" height=\"259\" srcset=\"https:\/\/www.diarioimagen.net\/wp-content\/uploads\/2017\/02\/arco-3058-460x259.jpg 460w, https:\/\/www.diarioimagen.net\/wp-content\/uploads\/2017\/02\/arco-3058-240x135.jpg 240w, https:\/\/www.diarioimagen.net\/wp-content\/uploads\/2017\/02\/arco-3058-235x132.jpg 235w, https:\/\/www.diarioimagen.net\/wp-content\/uploads\/2017\/02\/arco-3058-202x114.jpg 202w, https:\/\/www.diarioimagen.net\/wp-content\/uploads\/2017\/02\/arco-3058-350x196.jpg 350w, https:\/\/www.diarioimagen.net\/wp-content\/uploads\/2017\/02\/arco-3058-220x123.jpg 220w, https:\/\/www.diarioimagen.net\/wp-content\/uploads\/2017\/02\/arco-3058-237x132.jpg 237w, https:\/\/www.diarioimagen.net\/wp-content\/uploads\/2017\/02\/arco-3058.jpg 480w\" sizes=\"auto, (max-width: 460px) 100vw, 460px\" \/><\/a><\/p>\n<p>&nbsp;<\/p>\n<p>El gobernador Eruviel \u00c1vila invit\u00f3 a emprender una cruzada para hacer valer y divulgar los derechos que tienen los migrantes mexicanos en Estados Unidos, pues asegur\u00f3 que, ante la postura del actual gobierno estadounidense, existen leyes, derechos y tratados internacionales que deben respetarse.<\/p>\n<p>Por ello, reconoci\u00f3 a Luis Videgaray, secretario de Relaciones Exteriores, quien por instrucciones del presidente Enrique Pe\u00f1a dise\u00f1\u00f3 un programa de orientaci\u00f3n para los connacionales que viven en ese pa\u00eds, para informar los derechos que tienen al estar en su domicilio, en el trabajo o en la v\u00eda p\u00fablica, as\u00ed como en caso de ser detenidos o al ser afectados por una deportaci\u00f3n injustificada.<\/p>\n<p>Entre estas medidas se encuentran el estar informados sobre qu\u00e9 documentos se deben tener a la mano, tanto en original como copia; acercarse a alguno de los 50 consulados de M\u00e9xico en Estados Unidos, adem\u00e1s de conocer sus derechos.<\/p>\n<p style=\"text-align: center;\"><strong>Vigente, recuerdo de misa papal en obras p\u00fablicas <\/strong><\/p>\n<p>A un a\u00f1o de la misa que el Papa Francisco ofici\u00f3 en Ecatepec, como parte de su visita a M\u00e9xico, los materiales usados durante el evento, que reuni\u00f3 a 300 mil personas en Ecatepec, se ubican en diversas obras en el Estado de M\u00e9xico, como recuerdo de la visita del jefe del Estado vaticano.<\/p>\n<p>Desde las rejas usadas para rodear el terreno, las trabes por las que subi\u00f3 el Pont\u00edfice al altar, los tubos y cable de acero que delimitaron las microislas para los feligreses, hasta el arcotecho que lo cubri\u00f3 durante la celebraci\u00f3n y el tezontle que se us\u00f3 en el terreno, todos estos materiales han servido para mejorar la calidad de vida de los mexiquenses.<\/p>\n<p>Homero Navarrete Mart\u00ednez, director de Obra P\u00fablica, indic\u00f3 que a la fecha, los materiales han sido reutilizados, como inform\u00f3 el gobernador Eruviel \u00c1viladurante la presentaci\u00f3n oficial de la visita.<\/p>\n<p>\u201cLa reja de acero con la que se decerc\u00f3 el terreno se utiliz\u00f3 para delimitar 24 plazas Estado de M\u00e9xico, en un principio pensamos que ser\u00edan 21, pero logramos cubrir los 24 espacios que hoy sirven para el esparcimiento de las familias, y una parte se entreg\u00f3 tambi\u00e9n para delimitar la escalinata que lleva a la Virgen Monumental de 33 metros de alto en el Santuario de Chalma\u201d, explic\u00f3.<\/p>\n<p><em><a href=\"mailto:montanezaguilar@gmail.com\" target=\"_blank\">montanezaguilar@gmail.com<\/a><\/em><\/p>\n<p>&nbsp;<\/p>\n","protected":false},"excerpt":{"rendered":"<p><span style=\"color: #005497;\">Jos\u00e9 Luis Monta\u00f1ez Aguilar<\/span><br \/>\n<br \/>\nEl gobernador Eruviel \u00c1vila invit\u00f3 a emprender una cruzada para hacer valer y divulgar los derechos que tienen los migrantes mexicanos en Estados Unidos, pues asegur\u00f3 que, ante la postura del actual gobierno estadounidense, existen leyes, derechos y tratados internacionales que deben respetarse.<\/p>\n","protected":false},"author":3,"featured_media":312393,"comment_status":"open","ping_status":"open","sticky":false,"template":"","format":"standard","meta":{"_monsterinsights_skip_tracking":false,"_monsterinsights_sitenote_active":false,"_monsterinsights_sitenote_note":"","_monsterinsights_sitenote_category":0,"footnotes":""},"categories":[35155],"tags":[13284,43704,43674],"class_list":["post-312315","post","type-post","status-publish","format-standard","has-post-thumbnail","hentry","category-estado-de-mexico-estado-de-mexico","tag-arco-norte","tag-jose-luis-montanez-aguilar","tag-opinion"],"_links":{"self":[{"href":"https:\/\/www.diarioimagen.net\/index.php?rest_route=\/wp\/v2\/posts\/312315","targetHints":{"allow":["GET"]}}],"collection":[{"href":"https:\/\/www.diarioimagen.net\/index.php?rest_route=\/wp\/v2\/posts"}],"about":[{"href":"https:\/\/www.diarioimagen.net\/index.php?rest_route=\/wp\/v2\/types\/post"}],"author":[{"embeddable":true,"href":"https:\/\/www.diarioimagen.net\/index.php?rest_route=\/wp\/v2\/users\/3"}],"replies":[{"embeddable":true,"href":"https:\/\/www.diarioimagen.net\/index.php?rest_route=%2Fwp%2Fv2%2Fcomments&post=312315"}],"version-history":[{"count":0,"href":"https:\/\/www.diarioimagen.net\/index.php?rest_route=\/wp\/v2\/posts\/312315\/revisions"}],"wp:featuredmedia":[{"embeddable":true,"href":"https:\/\/www.diarioimagen.net\/index.php?rest_route=\/wp\/v2\/media\/312393"}],"wp:attachment":[{"href":"https:\/\/www.diarioimagen.net\/index.php?rest_route=%2Fwp%2Fv2%2Fmedia&parent=312315"}],"wp:term":[{"taxonomy":"category","embeddable":true,"href":"https:\/\/www.diarioimagen.net\/index.php?rest_route=%2Fwp%2Fv2%2Fcategories&post=312315"},{"taxonomy":"post_tag","embeddable":true,"href":"https:\/\/www.diarioimagen.net\/index.php?rest_route=%2Fwp%2Fv2%2Ftags&post=312315"}],"curies":[{"name":"wp","href":"https:\/\/api.w.org\/{rel}","templated":true}]}}